{"id":95884,"date":"2026-03-16T20:17:19","date_gmt":"2026-03-16T20:17:19","guid":{"rendered":"https:\/\/lemediafeministeafricain.com\/?p=95884"},"modified":"2026-04-19T15:26:18","modified_gmt":"2026-04-19T15:26:18","slug":"pourquoi-la-can-feminine-est-elle-encore-meprisee","status":"publish","type":"post","link":"http:\/\/lemediafeministeafricain.com\/en\/pourquoi-la-can-feminine-est-elle-encore-meprisee\/","title":{"rendered":"Pourquoi la CAN f\u00e9minine est-elle encore m\u00e9pris\u00e9e ?"},"content":{"rendered":"<div id=\"attachment_95885\" style=\"width: 310px\" class=\"wp-caption alignnone\"><img loading=\"lazy\" decoding=\"async\" aria-describedby=\"caption-attachment-95885\" class=\"size-medium wp-image-95885\" src=\"http:\/\/lemediafeministeafricain.com\/wp-content\/uploads\/2026\/03\/CAN-feminine-300x169.jpg\" alt=\"\" width=\"300\" height=\"169\" srcset=\"http:\/\/lemediafeministeafricain.com\/wp-content\/uploads\/2026\/03\/CAN-feminine-300x169.jpg 300w, http:\/\/lemediafeministeafricain.com\/wp-content\/uploads\/2026\/03\/CAN-feminine-1024x576.jpg 1024w, http:\/\/lemediafeministeafricain.com\/wp-content\/uploads\/2026\/03\/CAN-feminine-768x432.jpg 768w, http:\/\/lemediafeministeafricain.com\/wp-content\/uploads\/2026\/03\/CAN-feminine-18x10.jpg 18w, http:\/\/lemediafeministeafricain.com\/wp-content\/uploads\/2026\/03\/CAN-feminine-400x225.jpg 400w, http:\/\/lemediafeministeafricain.com\/wp-content\/uploads\/2026\/03\/CAN-feminine.jpg 1280w\" sizes=\"auto, (max-width: 300px) 100vw, 300px\" \/><p id=\"caption-attachment-95885\" class=\"wp-caption-text\">Le Nigeria a remport\u00e9 la CAN f\u00e9minine 2024 au Maroc, qui avait \u00e9t\u00e9 report\u00e9e \u00e0 2025.<\/p><\/div>\n<p>&nbsp;<\/p>\n<div>La Coupe d\u2019Afrique des Nations (CAN) f\u00e9minine devait d\u00e9buter ce mardi 17 mars au Maroc. Pourtant, \u00e0 moins de deux semaines seulement du coup d\u2019envoi initial, la Conf\u00e9d\u00e9ration africaine de football (CAF) a d\u00e9cid\u00e9 de reporter la comp\u00e9tition au 25 juillet 2026, \u00e9voquant \u00ab certaines circonstances impr\u00e9vues \u00bb, sans donner davantage d\u2019explications.<\/div>\n<div><\/div>\n<div>Une d\u00e9cision tardive qui a suscit\u00e9 incompr\u00e9hension et frustration chez plusieurs internationales africaines.<\/div>\n<div>L\u2019internationale nig\u00e9riane\u00a0Rasheedat Ajibade\u00a0a ainsi r\u00e9agi sur son compte X, affirmant que \u00ab le football f\u00e9minin africain m\u00e9rite mieux \u00bb. M\u00eame r\u00e9action du c\u00f4t\u00e9 de la d\u00e9fenseure nig\u00e9riane\u00a0Ashleigh Plumptre, qui a estim\u00e9 dans une interview \u00e0 la BBC que \u00ab cela n\u2019arriverait tout simplement pas pour d\u2019autres tournois de football f\u00e9minin, et encore moins pour le football masculin \u00bb.<\/div>\n<div><\/div>\n<h2><b>Des semaines d\u2019incertitude<\/b><\/h2>\n<div>Cette annonce intervient apr\u00e8s plusieurs semaines d\u2019incertitude autour de l\u2019organisation du tournoi.<\/div>\n<div><\/div>\n<div>Alors que le Maroc avait \u00e9t\u00e9 officiellement d\u00e9sign\u00e9 comme pays h\u00f4te, des rumeurs persistantes ont circul\u00e9 apr\u00e8s la finale de la CAN masculine, o\u00f9 le Maroc s\u2019est inclin\u00e9 face au S\u00e9n\u00e9gal (1-0). Par ailleurs, il a \u00e9t\u00e9 relev\u00e9 que le calendrier de la CAN f\u00e9minine entrait en conflit avec celui du championnat national marocain, pour lequel plusieurs stades \u00e9taient \u00e9galement n\u00e9cessaires.<\/div>\n<div>Une situation jug\u00e9e \u00ab injuste \u00bb par\u00a0Desiree Ellis, l\u2019entra\u00eeneuse de l\u2019\u00e9quipe nationale sud-africaine, interrog\u00e9e par la\u00a0South African Broadcasting Corporation. \u00ab Est-ce que cela se produirait dans le football masculin ? \u00bb, a-t-elle interrog\u00e9.<\/div>\n<div>Pendant plusieurs semaines, cette situation a laiss\u00e9 f\u00e9d\u00e9rations, joueuses et supporters dans un flou total. Lorsque la d\u00e9cision de report a finalement \u00e9t\u00e9 officialis\u00e9e, plusieurs s\u00e9lections \u00e9taient d\u00e9j\u00e0 en rassemblement et certaines disputaient au m\u00eame moment des matchs amicaux de pr\u00e9paration.<\/div>\n<div><\/div>\n<h2><b>Des cons\u00e9quences pour les clubs et les joueuses<\/b><\/h2>\n<div>De nombreuses internationales africaines \u00e9voluent dans des championnats \u00e9trangers, notamment en Europe. Le d\u00e9placement du tournoi \u00e0 l\u2019\u00e9t\u00e9 implique que certaines joueuses devront quitter leur club \u00e0 une p\u00e9riode diff\u00e9rente de celle initialement pr\u00e9vue. Pour les \u00e9quipes, cela signifie revoir la gestion des effectifs et adapter leurs propres calendriers sportifs.<\/div>\n<div><\/div>\n<div>Ce n\u2019est pas la premi\u00e8re fois que la CAN f\u00e9minine conna\u00eet des reports ou des perturbations. L\u2019\u00e9dition 2020 avait \u00e9t\u00e9 annul\u00e9e par la CAF en raison de la pand\u00e9mie de Covid-19. L\u2019\u00e9dition suivante, initialement pr\u00e9vue en 2024 au Maroc, avait elle aussi \u00e9t\u00e9 repouss\u00e9e d\u2019un an, car le tournoi co\u00efncidait avec les Jeux olympiques de Paris.<\/div>\n<div>Ces \u00e9pisodes successifs alimentent les critiques sur la place accord\u00e9e au football f\u00e9minin dans les instances africaines. Aucune \u00e9dition de la CAN masculine, par exemple, n\u2019a jamais \u00e9t\u00e9 purement et simplement annul\u00e9e depuis la cr\u00e9ation de la comp\u00e9tition en 1957.<\/div>\n<div><\/div>\n<div>\n<h2>Une situation &#8220;embarassante&#8221;<\/h2>\n<div>Cette \u00e9dition de la CAN f\u00e9minine devait pourtant marquer une \u00e9tape importante dans le d\u00e9veloppement du football f\u00e9minin africain.<\/div>\n<div>Pour la premi\u00e8re fois, la comp\u00e9tition devait r\u00e9unir seize \u00e9quipes, contre douze lors des \u00e9ditions pr\u00e9c\u00e9dentes, donnant ainsi plus de visibilit\u00e9 au tournoi.<\/div>\n<div>Mais cet \u00e9pisode risque de fragiliser la cr\u00e9dibilit\u00e9 d\u2019une discipline qui lutte encore pour obtenir une reconnaissance \u00e9quivalente \u00e0 celle du football masculin. Une situation jug\u00e9e \u00ab embarrassante \u00bb par l\u2019attaquante nig\u00e9riane\u00a0Rinsola Babajide, qui a \u00e9galement r\u00e9agi sur son compte X.<\/div>\n<div><\/div>\n<\/div>","protected":false},"excerpt":{"rendered":"<p>&nbsp; La Coupe d\u2019Afrique des Nations (CAN) f\u00e9minine devait d\u00e9buter ce mardi 17 mars au Maroc. Pourtant, \u00e0 moins de deux semaines seulement du coup d\u2019envoi initial, la Conf\u00e9d\u00e9ration africaine de football (CAF) a d\u00e9cid\u00e9 de reporter la comp\u00e9tition au 25 juillet 2026, \u00e9voquant \u00ab certaines circonstances impr\u00e9vues \u00bb, sans donner davantage d\u2019explications. Une d\u00e9cision tardive qui a suscit\u00e9 incompr\u00e9hension et frustration chez plusieurs internationales africaines. L\u2019internationale nig\u00e9riane\u00a0Rasheedat Ajibade\u00a0a ainsi r\u00e9agi sur son compte X, affirmant que \u00ab le football f\u00e9minin africain m\u00e9rite mieux \u00bb. M\u00eame r\u00e9action du c\u00f4t\u00e9 de la d\u00e9fenseure nig\u00e9riane\u00a0Ashleigh Plumptre, qui a estim\u00e9 dans une interview [&hellip;]<\/p>\n","protected":false},"author":2,"featured_media":95885,"comment_status":"open","ping_status":"open","sticky":false,"template":"","format":"standard","meta":{"footnotes":""},"categories":[20],"tags":[344,345],"class_list":["post-95884","post","type-post","status-publish","format-standard","has-post-thumbnail","hentry","category-sport","tag-can-feminine-2026","tag-football-feminin"],"yoast_head":"<!-- This site is optimized with the Yoast SEO plugin v27.5 - https:\/\/yoast.com\/product\/yoast-seo-wordpress\/ -->\n<title>Pourquoi la CAN f\u00e9minine est-elle encore m\u00e9pris\u00e9e ? - Le M&eacute;dia F&eacute;ministe Africain<\/title>\n<meta name=\"description\" content=\"La CAN f\u00e9minine 2026 a \u00e9t\u00e9 report\u00e9e \u00e0 la derni\u00e8re minute par la CAF. Une d\u00e9cision qui relance le d\u00e9bat sur la place du football f\u00e9minin.\" \/>\n<meta name=\"robots\" content=\"index, follow, max-snippet:-1, max-image-preview:large, max-video-preview:-1\" \/>\n<link rel=\"canonical\" href=\"https:\/\/lemediafeministeafricain.com\/en\/pourquoi-la-can-feminine-est-elle-encore-meprisee\/\" \/>\n<meta property=\"og:locale\" content=\"en_US\" \/>\n<meta property=\"og:type\" content=\"article\" \/>\n<meta property=\"og:title\" content=\"Pourquoi la CAN f\u00e9minine est-elle encore m\u00e9pris\u00e9e ? - Le M&eacute;dia F&eacute;ministe Africain\" \/>\n<meta property=\"og:description\" content=\"La CAN f\u00e9minine 2026 a \u00e9t\u00e9 report\u00e9e \u00e0 la derni\u00e8re minute par la CAF. Une d\u00e9cision qui relance le d\u00e9bat sur la place du football f\u00e9minin.\" \/>\n<meta property=\"og:url\" content=\"https:\/\/lemediafeministeafricain.com\/en\/pourquoi-la-can-feminine-est-elle-encore-meprisee\/\" \/>\n<meta property=\"og:site_name\" content=\"Le M&eacute;dia F&eacute;ministe Africain\" \/>\n<meta property=\"article:publisher\" content=\"https:\/\/www.facebook.com\/profile.php?id=61557243280950\" \/>\n<meta property=\"article:published_time\" content=\"2026-03-16T20:17:19+00:00\" \/>\n<meta property=\"article:modified_time\" content=\"2026-04-19T15:26:18+00:00\" \/>\n<meta property=\"og:image\" content=\"https:\/\/lemediafeministeafricain.com\/wp-content\/uploads\/2026\/03\/CAN-feminine.jpg\" \/>\n\t<meta property=\"og:image:width\" content=\"1280\" \/>\n\t<meta property=\"og:image:height\" content=\"720\" \/>\n\t<meta property=\"og:image:type\" content=\"image\/jpeg\" \/>\n<meta name=\"author\" content=\"Le M\u00e9dia F\u00e9ministe Africain\" \/>\n<meta name=\"twitter:card\" content=\"summary_large_image\" \/>\n<meta name=\"twitter:creator\" content=\"@mediafeministe\" \/>\n<meta name=\"twitter:site\" content=\"@mediafeministe\" \/>\n<meta name=\"twitter:label1\" content=\"Written by\" \/>\n\t<meta name=\"twitter:data1\" content=\"Le M\u00e9dia F\u00e9ministe Africain\" \/>\n\t<meta name=\"twitter:label2\" content=\"Est. reading time\" \/>\n\t<meta name=\"twitter:data2\" content=\"4 minutes\" \/>\n<script type=\"application\/ld+json\" class=\"yoast-schema-graph\">{\"@context\":\"https:\\\/\\\/schema.org\",\"@graph\":[{\"@type\":\"Article\",\"@id\":\"https:\\\/\\\/lemediafeministeafricain.com\\\/pourquoi-la-can-feminine-est-elle-encore-meprisee\\\/#article\",\"isPartOf\":{\"@id\":\"https:\\\/\\\/lemediafeministeafricain.com\\\/pourquoi-la-can-feminine-est-elle-encore-meprisee\\\/\"},\"author\":{\"name\":\"Le M\u00e9dia F\u00e9ministe Africain\",\"@id\":\"http:\\\/\\\/lemediafeministeafricain.com\\\/#\\\/schema\\\/person\\\/ca21ec79a7e5334e04e9b567a065cfc0\"},\"headline\":\"Pourquoi la CAN f\u00e9minine est-elle encore m\u00e9pris\u00e9e ?\",\"datePublished\":\"2026-03-16T20:17:19+00:00\",\"dateModified\":\"2026-04-19T15:26:18+00:00\",\"mainEntityOfPage\":{\"@id\":\"https:\\\/\\\/lemediafeministeafricain.com\\\/pourquoi-la-can-feminine-est-elle-encore-meprisee\\\/\"},\"wordCount\":616,\"commentCount\":1,\"publisher\":{\"@id\":\"http:\\\/\\\/lemediafeministeafricain.com\\\/#organization\"},\"image\":{\"@id\":\"https:\\\/\\\/lemediafeministeafricain.com\\\/pourquoi-la-can-feminine-est-elle-encore-meprisee\\\/#primaryimage\"},\"thumbnailUrl\":\"http:\\\/\\\/lemediafeministeafricain.com\\\/wp-content\\\/uploads\\\/2026\\\/03\\\/CAN-feminine.jpg\",\"keywords\":[\"CAN f\u00e9minine 2026\",\"football f\u00e9minin\"],\"articleSection\":[\"Sport\"],\"inLanguage\":\"en-US\",\"potentialAction\":[{\"@type\":\"CommentAction\",\"name\":\"Comment\",\"target\":[\"https:\\\/\\\/lemediafeministeafricain.com\\\/pourquoi-la-can-feminine-est-elle-encore-meprisee\\\/#respond\"]}]},{\"@type\":\"WebPage\",\"@id\":\"https:\\\/\\\/lemediafeministeafricain.com\\\/pourquoi-la-can-feminine-est-elle-encore-meprisee\\\/\",\"url\":\"https:\\\/\\\/lemediafeministeafricain.com\\\/pourquoi-la-can-feminine-est-elle-encore-meprisee\\\/\",\"name\":\"Pourquoi la CAN f\u00e9minine est-elle encore m\u00e9pris\u00e9e ? - Le M&eacute;dia F&eacute;ministe Africain\",\"isPartOf\":{\"@id\":\"http:\\\/\\\/lemediafeministeafricain.com\\\/#website\"},\"primaryImageOfPage\":{\"@id\":\"https:\\\/\\\/lemediafeministeafricain.com\\\/pourquoi-la-can-feminine-est-elle-encore-meprisee\\\/#primaryimage\"},\"image\":{\"@id\":\"https:\\\/\\\/lemediafeministeafricain.com\\\/pourquoi-la-can-feminine-est-elle-encore-meprisee\\\/#primaryimage\"},\"thumbnailUrl\":\"http:\\\/\\\/lemediafeministeafricain.com\\\/wp-content\\\/uploads\\\/2026\\\/03\\\/CAN-feminine.jpg\",\"datePublished\":\"2026-03-16T20:17:19+00:00\",\"dateModified\":\"2026-04-19T15:26:18+00:00\",\"description\":\"La CAN f\u00e9minine 2026 a \u00e9t\u00e9 report\u00e9e \u00e0 la derni\u00e8re minute par la CAF. Une d\u00e9cision qui relance le d\u00e9bat sur la place du football f\u00e9minin.\",\"breadcrumb\":{\"@id\":\"https:\\\/\\\/lemediafeministeafricain.com\\\/pourquoi-la-can-feminine-est-elle-encore-meprisee\\\/#breadcrumb\"},\"inLanguage\":\"en-US\",\"potentialAction\":[{\"@type\":\"ReadAction\",\"target\":[\"https:\\\/\\\/lemediafeministeafricain.com\\\/pourquoi-la-can-feminine-est-elle-encore-meprisee\\\/\"]}]},{\"@type\":\"ImageObject\",\"inLanguage\":\"en-US\",\"@id\":\"https:\\\/\\\/lemediafeministeafricain.com\\\/pourquoi-la-can-feminine-est-elle-encore-meprisee\\\/#primaryimage\",\"url\":\"http:\\\/\\\/lemediafeministeafricain.com\\\/wp-content\\\/uploads\\\/2026\\\/03\\\/CAN-feminine.jpg\",\"contentUrl\":\"http:\\\/\\\/lemediafeministeafricain.com\\\/wp-content\\\/uploads\\\/2026\\\/03\\\/CAN-feminine.jpg\",\"width\":1280,\"height\":720,\"caption\":\"Le Nigeria a remport\u00e9 la CAN f\u00e9minine 2024 au Maroc, qui avait \u00e9t\u00e9 report\u00e9e \u00e0 2025.\"},{\"@type\":\"BreadcrumbList\",\"@id\":\"https:\\\/\\\/lemediafeministeafricain.com\\\/pourquoi-la-can-feminine-est-elle-encore-meprisee\\\/#breadcrumb\",\"itemListElement\":[{\"@type\":\"ListItem\",\"position\":1,\"name\":\"Home\",\"item\":\"http:\\\/\\\/lemediafeministeafricain.com\\\/\"},{\"@type\":\"ListItem\",\"position\":2,\"name\":\"Pourquoi la CAN f\u00e9minine est-elle encore m\u00e9pris\u00e9e ?\"}]},{\"@type\":\"WebSite\",\"@id\":\"http:\\\/\\\/lemediafeministeafricain.com\\\/#website\",\"url\":\"http:\\\/\\\/lemediafeministeafricain.com\\\/\",\"name\":\"Le M\u00e9dia F\u00e9ministe Africain\",\"description\":\"Le M&eacute;dia F&eacute;ministe Africain\",\"publisher\":{\"@id\":\"http:\\\/\\\/lemediafeministeafricain.com\\\/#organization\"},\"alternateName\":\"M\u00e9dia F\u00e9ministe Africain\",\"potentialAction\":[{\"@type\":\"SearchAction\",\"target\":{\"@type\":\"EntryPoint\",\"urlTemplate\":\"http:\\\/\\\/lemediafeministeafricain.com\\\/?s={search_term_string}\"},\"query-input\":{\"@type\":\"PropertyValueSpecification\",\"valueRequired\":true,\"valueName\":\"search_term_string\"}}],\"inLanguage\":\"en-US\"},{\"@type\":\"Organization\",\"@id\":\"http:\\\/\\\/lemediafeministeafricain.com\\\/#organization\",\"name\":\"Le M\u00e9dia F\u00e9ministe Africain\",\"alternateName\":\"M\u00e9dia F\u00e9ministe Africain\",\"url\":\"http:\\\/\\\/lemediafeministeafricain.com\\\/\",\"logo\":{\"@type\":\"ImageObject\",\"inLanguage\":\"en-US\",\"@id\":\"http:\\\/\\\/lemediafeministeafricain.com\\\/#\\\/schema\\\/logo\\\/image\\\/\",\"url\":\"http:\\\/\\\/lemediafeministeafricain.com\\\/wp-content\\\/uploads\\\/2024\\\/05\\\/LMF.webp\",\"contentUrl\":\"http:\\\/\\\/lemediafeministeafricain.com\\\/wp-content\\\/uploads\\\/2024\\\/05\\\/LMF.webp\",\"width\":1880,\"height\":1576,\"caption\":\"Le M\u00e9dia F\u00e9ministe Africain\"},\"image\":{\"@id\":\"http:\\\/\\\/lemediafeministeafricain.com\\\/#\\\/schema\\\/logo\\\/image\\\/\"},\"sameAs\":[\"https:\\\/\\\/www.facebook.com\\\/profile.php?id=61557243280950\",\"https:\\\/\\\/x.com\\\/mediafeministe\"]},{\"@type\":\"Person\",\"@id\":\"http:\\\/\\\/lemediafeministeafricain.com\\\/#\\\/schema\\\/person\\\/ca21ec79a7e5334e04e9b567a065cfc0\",\"name\":\"Le M\u00e9dia F\u00e9ministe Africain\",\"image\":{\"@type\":\"ImageObject\",\"inLanguage\":\"en-US\",\"@id\":\"https:\\\/\\\/secure.gravatar.com\\\/avatar\\\/52145e251d4472eb6112580fcf10b7c72b85cc63c31fdf1d9b1eabf2a90935d9?s=96&d=mm&r=g\",\"url\":\"https:\\\/\\\/secure.gravatar.com\\\/avatar\\\/52145e251d4472eb6112580fcf10b7c72b85cc63c31fdf1d9b1eabf2a90935d9?s=96&d=mm&r=g\",\"contentUrl\":\"https:\\\/\\\/secure.gravatar.com\\\/avatar\\\/52145e251d4472eb6112580fcf10b7c72b85cc63c31fdf1d9b1eabf2a90935d9?s=96&d=mm&r=g\",\"caption\":\"Le M\u00e9dia F\u00e9ministe Africain\"},\"sameAs\":[\"https:\\\/\\\/lemediafeministeafricain.com\\\/\"],\"url\":\"http:\\\/\\\/lemediafeministeafricain.com\\\/en\\\/author\\\/lemediafeministeafricain\\\/\"}]}<\/script>\n<!-- \/ Yoast SEO plugin. -->","yoast_head_json":{"title":"Pourquoi la CAN f\u00e9minine est-elle encore m\u00e9pris\u00e9e ? - Le M&eacute;dia F&eacute;ministe Africain","description":"La CAN f\u00e9minine 2026 a \u00e9t\u00e9 report\u00e9e \u00e0 la derni\u00e8re minute par la CAF. Une d\u00e9cision qui relance le d\u00e9bat sur la place du football f\u00e9minin.","robots":{"index":"index","follow":"follow","max-snippet":"max-snippet:-1","max-image-preview":"max-image-preview:large","max-video-preview":"max-video-preview:-1"},"canonical":"https:\/\/lemediafeministeafricain.com\/en\/pourquoi-la-can-feminine-est-elle-encore-meprisee\/","og_locale":"en_US","og_type":"article","og_title":"Pourquoi la CAN f\u00e9minine est-elle encore m\u00e9pris\u00e9e ? - Le M&eacute;dia F&eacute;ministe Africain","og_description":"La CAN f\u00e9minine 2026 a \u00e9t\u00e9 report\u00e9e \u00e0 la derni\u00e8re minute par la CAF. Une d\u00e9cision qui relance le d\u00e9bat sur la place du football f\u00e9minin.","og_url":"https:\/\/lemediafeministeafricain.com\/en\/pourquoi-la-can-feminine-est-elle-encore-meprisee\/","og_site_name":"Le M&eacute;dia F&eacute;ministe Africain","article_publisher":"https:\/\/www.facebook.com\/profile.php?id=61557243280950","article_published_time":"2026-03-16T20:17:19+00:00","article_modified_time":"2026-04-19T15:26:18+00:00","og_image":[{"width":1280,"height":720,"url":"https:\/\/lemediafeministeafricain.com\/wp-content\/uploads\/2026\/03\/CAN-feminine.jpg","type":"image\/jpeg"}],"author":"Le M\u00e9dia F\u00e9ministe Africain","twitter_card":"summary_large_image","twitter_creator":"@mediafeministe","twitter_site":"@mediafeministe","twitter_misc":{"Written by":"Le M\u00e9dia F\u00e9ministe Africain","Est. reading time":"4 minutes"},"schema":{"@context":"https:\/\/schema.org","@graph":[{"@type":"Article","@id":"https:\/\/lemediafeministeafricain.com\/pourquoi-la-can-feminine-est-elle-encore-meprisee\/#article","isPartOf":{"@id":"https:\/\/lemediafeministeafricain.com\/pourquoi-la-can-feminine-est-elle-encore-meprisee\/"},"author":{"name":"Le M\u00e9dia F\u00e9ministe Africain","@id":"http:\/\/lemediafeministeafricain.com\/#\/schema\/person\/ca21ec79a7e5334e04e9b567a065cfc0"},"headline":"Pourquoi la CAN f\u00e9minine est-elle encore m\u00e9pris\u00e9e ?","datePublished":"2026-03-16T20:17:19+00:00","dateModified":"2026-04-19T15:26:18+00:00","mainEntityOfPage":{"@id":"https:\/\/lemediafeministeafricain.com\/pourquoi-la-can-feminine-est-elle-encore-meprisee\/"},"wordCount":616,"commentCount":1,"publisher":{"@id":"http:\/\/lemediafeministeafricain.com\/#organization"},"image":{"@id":"https:\/\/lemediafeministeafricain.com\/pourquoi-la-can-feminine-est-elle-encore-meprisee\/#primaryimage"},"thumbnailUrl":"http:\/\/lemediafeministeafricain.com\/wp-content\/uploads\/2026\/03\/CAN-feminine.jpg","keywords":["CAN f\u00e9minine 2026","football f\u00e9minin"],"articleSection":["Sport"],"inLanguage":"en-US","potentialAction":[{"@type":"CommentAction","name":"Comment","target":["https:\/\/lemediafeministeafricain.com\/pourquoi-la-can-feminine-est-elle-encore-meprisee\/#respond"]}]},{"@type":"WebPage","@id":"https:\/\/lemediafeministeafricain.com\/pourquoi-la-can-feminine-est-elle-encore-meprisee\/","url":"https:\/\/lemediafeministeafricain.com\/pourquoi-la-can-feminine-est-elle-encore-meprisee\/","name":"Pourquoi la CAN f\u00e9minine est-elle encore m\u00e9pris\u00e9e ? - Le M&eacute;dia F&eacute;ministe Africain","isPartOf":{"@id":"http:\/\/lemediafeministeafricain.com\/#website"},"primaryImageOfPage":{"@id":"https:\/\/lemediafeministeafricain.com\/pourquoi-la-can-feminine-est-elle-encore-meprisee\/#primaryimage"},"image":{"@id":"https:\/\/lemediafeministeafricain.com\/pourquoi-la-can-feminine-est-elle-encore-meprisee\/#primaryimage"},"thumbnailUrl":"http:\/\/lemediafeministeafricain.com\/wp-content\/uploads\/2026\/03\/CAN-feminine.jpg","datePublished":"2026-03-16T20:17:19+00:00","dateModified":"2026-04-19T15:26:18+00:00","description":"La CAN f\u00e9minine 2026 a \u00e9t\u00e9 report\u00e9e \u00e0 la derni\u00e8re minute par la CAF. Une d\u00e9cision qui relance le d\u00e9bat sur la place du football f\u00e9minin.","breadcrumb":{"@id":"https:\/\/lemediafeministeafricain.com\/pourquoi-la-can-feminine-est-elle-encore-meprisee\/#breadcrumb"},"inLanguage":"en-US","potentialAction":[{"@type":"ReadAction","target":["https:\/\/lemediafeministeafricain.com\/pourquoi-la-can-feminine-est-elle-encore-meprisee\/"]}]},{"@type":"ImageObject","inLanguage":"en-US","@id":"https:\/\/lemediafeministeafricain.com\/pourquoi-la-can-feminine-est-elle-encore-meprisee\/#primaryimage","url":"http:\/\/lemediafeministeafricain.com\/wp-content\/uploads\/2026\/03\/CAN-feminine.jpg","contentUrl":"http:\/\/lemediafeministeafricain.com\/wp-content\/uploads\/2026\/03\/CAN-feminine.jpg","width":1280,"height":720,"caption":"Le Nigeria a remport\u00e9 la CAN f\u00e9minine 2024 au Maroc, qui avait \u00e9t\u00e9 report\u00e9e \u00e0 2025."},{"@type":"BreadcrumbList","@id":"https:\/\/lemediafeministeafricain.com\/pourquoi-la-can-feminine-est-elle-encore-meprisee\/#breadcrumb","itemListElement":[{"@type":"ListItem","position":1,"name":"Home","item":"http:\/\/lemediafeministeafricain.com\/"},{"@type":"ListItem","position":2,"name":"Pourquoi la CAN f\u00e9minine est-elle encore m\u00e9pris\u00e9e ?"}]},{"@type":"WebSite","@id":"http:\/\/lemediafeministeafricain.com\/#website","url":"http:\/\/lemediafeministeafricain.com\/","name":"The African Feminist Media","description":"Le M&eacute;dia F&eacute;ministe Africain","publisher":{"@id":"http:\/\/lemediafeministeafricain.com\/#organization"},"alternateName":"M\u00e9dia F\u00e9ministe Africain","potentialAction":[{"@type":"SearchAction","target":{"@type":"EntryPoint","urlTemplate":"http:\/\/lemediafeministeafricain.com\/?s={search_term_string}"},"query-input":{"@type":"PropertyValueSpecification","valueRequired":true,"valueName":"search_term_string"}}],"inLanguage":"en-US"},{"@type":"Organization","@id":"http:\/\/lemediafeministeafricain.com\/#organization","name":"The African Feminist Media","alternateName":"M\u00e9dia F\u00e9ministe Africain","url":"http:\/\/lemediafeministeafricain.com\/","logo":{"@type":"ImageObject","inLanguage":"en-US","@id":"http:\/\/lemediafeministeafricain.com\/#\/schema\/logo\/image\/","url":"http:\/\/lemediafeministeafricain.com\/wp-content\/uploads\/2024\/05\/LMF.webp","contentUrl":"http:\/\/lemediafeministeafricain.com\/wp-content\/uploads\/2024\/05\/LMF.webp","width":1880,"height":1576,"caption":"Le M\u00e9dia F\u00e9ministe Africain"},"image":{"@id":"http:\/\/lemediafeministeafricain.com\/#\/schema\/logo\/image\/"},"sameAs":["https:\/\/www.facebook.com\/profile.php?id=61557243280950","https:\/\/x.com\/mediafeministe"]},{"@type":"Person","@id":"http:\/\/lemediafeministeafricain.com\/#\/schema\/person\/ca21ec79a7e5334e04e9b567a065cfc0","name":"The African Feminist Media","image":{"@type":"ImageObject","inLanguage":"en-US","@id":"https:\/\/secure.gravatar.com\/avatar\/52145e251d4472eb6112580fcf10b7c72b85cc63c31fdf1d9b1eabf2a90935d9?s=96&d=mm&r=g","url":"https:\/\/secure.gravatar.com\/avatar\/52145e251d4472eb6112580fcf10b7c72b85cc63c31fdf1d9b1eabf2a90935d9?s=96&d=mm&r=g","contentUrl":"https:\/\/secure.gravatar.com\/avatar\/52145e251d4472eb6112580fcf10b7c72b85cc63c31fdf1d9b1eabf2a90935d9?s=96&d=mm&r=g","caption":"Le M\u00e9dia F\u00e9ministe Africain"},"sameAs":["https:\/\/lemediafeministeafricain.com\/"],"url":"http:\/\/lemediafeministeafricain.com\/en\/author\/lemediafeministeafricain\/"}]}},"_links":{"self":[{"href":"http:\/\/lemediafeministeafricain.com\/en\/wp-json\/wp\/v2\/posts\/95884","targetHints":{"allow":["GET"]}}],"collection":[{"href":"http:\/\/lemediafeministeafricain.com\/en\/wp-json\/wp\/v2\/posts"}],"about":[{"href":"http:\/\/lemediafeministeafricain.com\/en\/wp-json\/wp\/v2\/types\/post"}],"author":[{"embeddable":true,"href":"http:\/\/lemediafeministeafricain.com\/en\/wp-json\/wp\/v2\/users\/2"}],"replies":[{"embeddable":true,"href":"http:\/\/lemediafeministeafricain.com\/en\/wp-json\/wp\/v2\/comments?post=95884"}],"version-history":[{"count":1,"href":"http:\/\/lemediafeministeafricain.com\/en\/wp-json\/wp\/v2\/posts\/95884\/revisions"}],"predecessor-version":[{"id":95886,"href":"http:\/\/lemediafeministeafricain.com\/en\/wp-json\/wp\/v2\/posts\/95884\/revisions\/95886"}],"wp:featuredmedia":[{"embeddable":true,"href":"http:\/\/lemediafeministeafricain.com\/en\/wp-json\/wp\/v2\/media\/95885"}],"wp:attachment":[{"href":"http:\/\/lemediafeministeafricain.com\/en\/wp-json\/wp\/v2\/media?parent=95884"}],"wp:term":[{"taxonomy":"category","embeddable":true,"href":"http:\/\/lemediafeministeafricain.com\/en\/wp-json\/wp\/v2\/categories?post=95884"},{"taxonomy":"post_tag","embeddable":true,"href":"http:\/\/lemediafeministeafricain.com\/en\/wp-json\/wp\/v2\/tags?post=95884"}],"curies":[{"name":"wp","href":"https:\/\/api.w.org\/{rel}","templated":true}]}}