{"id":95283,"date":"2024-06-22T18:55:53","date_gmt":"2024-06-22T18:55:53","guid":{"rendered":"https:\/\/lemediafeministeafricain.com\/?p=95283"},"modified":"2024-07-17T14:54:57","modified_gmt":"2024-07-17T14:54:57","slug":"en-rdc-le-nouveau-gouvernement-dirige-par-judith-suminwa-est-bien-parti-pour-faire-avancer-la-condition-des-femmes","status":"publish","type":"post","link":"https:\/\/lemediafeministeafricain.com\/en\/en-rdc-le-nouveau-gouvernement-dirige-par-judith-suminwa-est-bien-parti-pour-faire-avancer-la-condition-des-femmes\/","title":{"rendered":"En RDC, le nouveau gouvernement dirig\u00e9 par Judith Suminwa est bien parti pour faire avancer la condition des femmes."},"content":{"rendered":"<p>Quelques deux mois apr\u00e8s sa nomination, la Premi\u00e8re ministre de la R\u00e9publique D\u00e9mocratique du Congo, Judith Suminwa Tuluka, nomme son gouvernement et fixe les priorit\u00e9s.<\/p>\n\n\n\n<p class=\"has-text-align-center\"><p><img loading=\"lazy\" decoding=\"async\" src=\"https:\/\/lh7-us.googleusercontent.com\/docsz\/AD_4nXcuJ-uSLYHR5KOGVUA3hNJMDOlteTbU1NFy6wffHTukryXanr58TwZqz8HNtp2CO580EnE7KUNEMkbVm5Ly1bWTu06i_tion51LKJPAX_fTKBRNNWMMTuJcUccb1D0BfgIZkax_QePjBHmdCAToVPMb_JfVdZ8utHqz8gGS2apRqS-QS4Lwnho?key=FeA4L33hZ-1cu49gMZCRDg\" alt=\"Photo de la Premi\u00e8re ministre Judith Suminwa salue les d\u00e9put\u00e9s nationaux apr\u00e8s son investiture devant l\u2019Assembl\u00e9e nationale\" width=\"501\" height=\"333\"><\/p><\/p>\n\n\n\n<p class=\"has-text-align-left\"><p>Le #gouvernementSuminwa a \u00e9t\u00e9 investi devant le Parlement le mardi 11 juin dernier. Lors de la c\u00e9r\u00e9monie riche en sons et couleurs, la nouvelle cheffe du gouvernement a pr\u00e9sent\u00e9 son plan quinquennal fond\u00e9 sur 6 piliers. Un programme qu\u2019elle a elle-m\u00eame qualifi\u00e9 d\u2019 \u201cambitieux\u201d et qui peut contribuer \u00e0 l\u2019am\u00e9lioration de la condition fragile des femmes congolaises, s\u2019il est ex\u00e9cut\u00e9 avec des politiques sensibles au genre. Pour r\u00e9aliser l&#8217;ensemble de ces projets, le co\u00fbt pour la p\u00e9riode 2024-2028 est estim\u00e9 \u00e0 92 milliards de dollars, soit un co\u00fbt annuel moyen de 18 milliards de dollars.<\/p><\/p>\n\n\n\n<p>&nbsp;<\/p>\n\n\n\n<p class=\"has-text-align-center\"><p><img loading=\"lazy\" decoding=\"async\" src=\"https:\/\/lh7-us.googleusercontent.com\/docsz\/AD_4nXfBVcJcg9Uv7ys6f9D3XaujaHfy1qSO0bO_lfruz-z0huakeCHCqf1TndxQlrq5d7_ddwivoJk-VoUlIPBiVgpt6VXpfnA3vGr46qRyHjQsvED4vrl2TWme1sh_z0MfoZGRKkDHXroELm1JMEYIEU3nGy-qMVBx47rRAa8PdmKWqJ3tpB07e6E?key=FeA4L33hZ-1cu49gMZCRDg\" width=\"278\" height=\"340\"><\/p><\/p>\n\n\n\n<h2 class=\"wp-block-heading\"><strong>Un programme \u201cambitieux\u201d qui peut am\u00e9liorer la condition des femmes<\/strong><\/h2>\n\n\n\n<p>Le premier pilier concerne l\u2019emploi et le pouvoir d&#8217;achat. Judith Suminwa rappelle que, compte tenu de la jeunesse de la population, l&#8217;\u00e9conomie congolaise doit cr\u00e9er en moyenne environ 1,5 million d&#8217;emplois par an jusqu\u2019\u00e0 2030.&nbsp;Une mesure qui aura un impact direct sur les femmes qui constituent 51% de la population en RDC. En effet, lorsqu&#8217;il y a plus d&#8217;emplois disponibles, les femmes ont davantage d&#8217;opportunit\u00e9s de participer au march\u00e9 du travail. La protection du pouvoir d&#8217;achat aide \u00e0 maintenir la qualit\u00e9 de vie, en permettant aux m\u00e9nages de mieux faire face aux d\u00e9penses essentielles comme l&#8217;alimentation, la sant\u00e9 et l&#8217;\u00e9ducation. Cela a un effet multiplicateur, car des m\u00e9nages financi\u00e8rement stables peuvent investir davantage dans l&#8217;\u00e9ducation et la sant\u00e9 des filles.<\/p>\n\n\n\n<p>Le 2\u00e8me pilier concerne la protection du territoire national. Une s\u00e9curit\u00e9 renforc\u00e9e contribuera \u00e0 r\u00e9duire les cas de violence bas\u00e9e sur le genre, y compris les violences domestiques, sexuelles et les mariages forc\u00e9s. Cela garantira \u00e9galement une meilleure participation aux femmes \u00e0 la vie \u00e9conomique, sociale et politique du pays sans craindre pour leur s\u00e9curit\u00e9.<\/p>\n\n\n\n<p>Ensuite, l&#8217;am\u00e9nagement du territoire pour une connectivit\u00e9 maximale, notamment \u00e0 travers les infrastructures de transport et de communication, est crucial pour l&#8217;inclusion \u00e9conomique des femmes. \u00c9tant celles qui poss\u00e8dent souvent le plus de petites et moyennes entreprises, un meilleur acc\u00e8s aux routes, aux transports publics et \u00e0 l&#8217;Internet leur permettra de se rendre facilement au travail et de mieux commercialiser leurs produits. De plus, cela donne de meilleures chances aux femmes vivant dans des zones rurales ou \u00e9loign\u00e9es, leur offrant ainsi des opportunit\u00e9s \u00e9gales \u00e0 celles des femmes vivant en milieu urbain. Cela inclut par exemple l&#8217;acc\u00e8s \u00e0 l&#8217;information, \u00e0 l&#8217;\u00e9ducation en ligne etc.<\/p>\n\n\n\n<p>La 4\u00e8me priorit\u00e9 est ax\u00e9e sur l&#8217;acc\u00e8s aux services sociaux de base, tels que l&#8217;\u00e9ducation, la sant\u00e9, l&#8217;eau potable et l&#8217;assainissement, est essentiel pour am\u00e9liorer la condition des femmes et des filles. Impl\u00e9ment\u00e9 dans une approche consciente aux besoins sp\u00e9cifiques des femmes et des filles, ce point peut fournir un filet de s\u00e9curit\u00e9 pour les femmes en situation de vuln\u00e9rabilit\u00e9, leur offrant un soutien financier et psychosocial en cas de besoin. Par ailleurs, le renforcement des capacit\u00e9s des services publics garantit que les politiques et les programmes destin\u00e9s \u00e0 am\u00e9liorer la condition des femmes et des filles sont bien mis en \u0153uvre et accessibles. Des services publics efficaces et sensibles au genre peuvent mieux r\u00e9pondre aux besoins sp\u00e9cifiques des femmes, tels que des soins de sant\u00e9 reproductive de qualit\u00e9, des programmes de formation professionnelle et des m\u00e9canismes de protection contre la violence.<\/p>\n\n\n\n<p>Enfin, le 6\u00e8me point pour la gestion durable et responsable de l&#8217;\u00e9cosyst\u00e8me est cruciale pour la r\u00e9silience des communaut\u00e9s, en particulier pour les femmes qui d\u00e9pendent souvent des ressources naturelles pour leurs moyens de subsistance. Les changements climatiques aggravent les in\u00e9galit\u00e9s existantes, mais des mesures proactives peuvent att\u00e9nuer leurs impacts. En outre, impliquer les femmes dans la gestion environnementale et la prise de d\u00e9cisions li\u00e9es au climat peut renforcer la r\u00e9silience des communaut\u00e9s et promouvoir des solutions innovantes et inclusives.<\/p>\n\n\n\n<p>En int\u00e9grant ces mesures de mani\u00e8re coh\u00e9rente et en veillant \u00e0 ce que les politiques soient sensibles au genre, le nouveau gouvernement compos\u00e9 \u00e0 un tiers de femmes&nbsp; pourra significativement am\u00e9liorer la condition des femmes dans un pays o\u00f9 celle-ci reste marginale.<\/p>\n\n\n\n<p class=\"has-text-align-center\"><p><img loading=\"lazy\" decoding=\"async\" src=\"https:\/\/lh7-us.googleusercontent.com\/docsz\/AD_4nXdScl86xzTw8GZ09p09y_4xH7ZCDw8FBYUVbdExeXkbre3zfQkEj2T9UlVUc_nULvT5I5y9p6WqCyydcNXPlv0CikgbqW1z-we9bRlRPGRI7DKpVrg1D-pUxIuP0y_JDxtO0v9nYoEAM1gDBADmAPsitvyosgxkSFawJTcaaNJ3YVEMzh2ajiM?key=FeA4L33hZ-1cu49gMZCRDg\" alt=\"Une image contenant habits, chaussures, texte, capture d\u2019\u00e9cranDescription g\u00e9n\u00e9r\u00e9e automatiquement\" width=\"253\" height=\"334\"><\/p><\/p>\n\n\n\n<h2 class=\"wp-block-heading\"><strong>\u201cUne&nbsp; femme comp\u00e9tente avec l\u2019expertise qu\u2019il faut\u201d<\/strong><\/h2>\n\n\n\n<p>Pour de nombreuses activistes des droits des femmes en RDC et au del\u00e0, Judith Tuluka et son gouvernement repr\u00e9sentent une lueur d\u2019espoir. \u201cCela montre que le Pr\u00e9sident F\u00e9lix Tschisekedi a \u00e9cout\u00e9 les femmes en nommant une femme comp\u00e9tente avec l\u2019expertise qu\u2019il faut\u201d d\u00e9clarait Julienne Lusenge quelques semaines apr\u00e8s la nomination historique de la nouvelle Premi\u00e8re Ministre, le 01 er avril dernier. D\u00e9sormais, les Congolaises et les Congolais gardent l\u2019espoir que le #gouvernementSumimwa leur apportera les r\u00e9sultats promis.<\/p>","protected":false},"excerpt":{"rendered":"<p>Quelques deux mois apr\u00e8s sa nomination, la Premi\u00e8re ministre de la R\u00e9publique D\u00e9mocratique du Congo, Judith Suminwa Tuluka, nomme son gouvernement et fixe les priorit\u00e9s. Le #gouvernementSuminwa a \u00e9t\u00e9 investi devant le Parlement le mardi 11 juin dernier. Lors de la c\u00e9r\u00e9monie riche en sons et couleurs, la nouvelle cheffe du gouvernement a pr\u00e9sent\u00e9 son plan quinquennal fond\u00e9 sur 6 piliers. Un programme qu\u2019elle a elle-m\u00eame qualifi\u00e9 d\u2019 \u201cambitieux\u201d et qui peut contribuer \u00e0 l\u2019am\u00e9lioration de la condition fragile des femmes congolaises, s\u2019il est ex\u00e9cut\u00e9 avec des politiques sensibles au genre. Pour r\u00e9aliser l&#8217;ensemble de ces projets, le co\u00fbt pour [&hellip;]<\/p>\n","protected":false},"author":2,"featured_media":95284,"comment_status":"open","ping_status":"open","sticky":true,"template":"","format":"standard","meta":{"footnotes":""},"categories":[19],"tags":[177,174,168,178,181,175,171,179,173,176,172,182,129,180],"class_list":["post-95283","post","type-post","status-publish","format-standard","has-post-thumbnail","hentry","category-politic","tag-developpement","tag-droitsdesfemmes","tag-egalitedessexes","tag-emploi","tag-environnement","tag-genre","tag-gouvernementsuminwa","tag-infrastructures","tag-judithsuminwatuluka","tag-politique","tag-rdc","tag-resilience","tag-securite","tag-servicessociaux"],"yoast_head":"<!-- This site is optimized with the Yoast SEO plugin v27.4 - https:\/\/yoast.com\/product\/yoast-seo-wordpress\/ -->\n<title>En RDC, le nouveau gouvernement dirig\u00e9 par Judith Suminwa est bien parti pour faire avancer la condition des femmes. - Le M&eacute;dia F&eacute;ministe Africain<\/title>\n<meta name=\"robots\" content=\"index, follow, max-snippet:-1, max-image-preview:large, max-video-preview:-1\" \/>\n<link rel=\"canonical\" href=\"https:\/\/lemediafeministeafricain.com\/en\/en-rdc-le-nouveau-gouvernement-dirige-par-judith-suminwa-est-bien-parti-pour-faire-avancer-la-condition-des-femmes\/\" \/>\n<meta property=\"og:locale\" content=\"en_US\" \/>\n<meta property=\"og:type\" content=\"article\" \/>\n<meta property=\"og:title\" content=\"En RDC, le nouveau gouvernement dirig\u00e9 par Judith Suminwa est bien parti pour faire avancer la condition des femmes. - Le M&eacute;dia F&eacute;ministe Africain\" \/>\n<meta property=\"og:description\" content=\"Quelques deux mois apr\u00e8s sa nomination, la Premi\u00e8re ministre de la R\u00e9publique D\u00e9mocratique du Congo, Judith Suminwa Tuluka, nomme son gouvernement et fixe les priorit\u00e9s. Le #gouvernementSuminwa a \u00e9t\u00e9 investi devant le Parlement le mardi 11 juin dernier. Lors de la c\u00e9r\u00e9monie riche en sons et couleurs, la nouvelle cheffe du gouvernement a pr\u00e9sent\u00e9 son plan quinquennal fond\u00e9 sur 6 piliers. Un programme qu\u2019elle a elle-m\u00eame qualifi\u00e9 d\u2019 \u201cambitieux\u201d et qui peut contribuer \u00e0 l\u2019am\u00e9lioration de la condition fragile des femmes congolaises, s\u2019il est ex\u00e9cut\u00e9 avec des politiques sensibles au genre. Pour r\u00e9aliser l&#8217;ensemble de ces projets, le co\u00fbt pour [&hellip;]\" \/>\n<meta property=\"og:url\" content=\"https:\/\/lemediafeministeafricain.com\/en\/en-rdc-le-nouveau-gouvernement-dirige-par-judith-suminwa-est-bien-parti-pour-faire-avancer-la-condition-des-femmes\/\" \/>\n<meta property=\"og:site_name\" content=\"Le M&eacute;dia F&eacute;ministe Africain\" \/>\n<meta property=\"article:publisher\" content=\"https:\/\/www.facebook.com\/profile.php?id=61557243280950\" \/>\n<meta property=\"article:published_time\" content=\"2024-06-22T18:55:53+00:00\" \/>\n<meta property=\"article:modified_time\" content=\"2024-07-17T14:54:57+00:00\" \/>\n<meta property=\"og:image\" content=\"https:\/\/lemediafeministeafricain.com\/wp-content\/uploads\/2024\/06\/Judith-Suminwa-768x511-1.webp\" \/>\n\t<meta property=\"og:image:width\" content=\"768\" \/>\n\t<meta property=\"og:image:height\" content=\"511\" \/>\n\t<meta property=\"og:image:type\" content=\"image\/webp\" \/>\n<meta name=\"author\" content=\"Le M\u00e9dia F\u00e9ministe Africain\" \/>\n<meta name=\"twitter:card\" content=\"summary_large_image\" \/>\n<meta name=\"twitter:creator\" content=\"@mediafeministe\" \/>\n<meta name=\"twitter:site\" content=\"@mediafeministe\" \/>\n<meta name=\"twitter:label1\" content=\"Written by\" \/>\n\t<meta name=\"twitter:data1\" content=\"Le M\u00e9dia F\u00e9ministe Africain\" \/>\n\t<meta name=\"twitter:label2\" content=\"Est. reading time\" \/>\n\t<meta name=\"twitter:data2\" content=\"4 minutes\" \/>\n<script type=\"application\/ld+json\" class=\"yoast-schema-graph\">{\"@context\":\"https:\\\/\\\/schema.org\",\"@graph\":[{\"@type\":\"Article\",\"@id\":\"https:\\\/\\\/lemediafeministeafricain.com\\\/en-rdc-le-nouveau-gouvernement-dirige-par-judith-suminwa-est-bien-parti-pour-faire-avancer-la-condition-des-femmes\\\/#article\",\"isPartOf\":{\"@id\":\"https:\\\/\\\/lemediafeministeafricain.com\\\/en-rdc-le-nouveau-gouvernement-dirige-par-judith-suminwa-est-bien-parti-pour-faire-avancer-la-condition-des-femmes\\\/\"},\"author\":{\"name\":\"Le M\u00e9dia F\u00e9ministe Africain\",\"@id\":\"http:\\\/\\\/lemediafeministeafricain.com\\\/#\\\/schema\\\/person\\\/ca21ec79a7e5334e04e9b567a065cfc0\"},\"headline\":\"En RDC, le nouveau gouvernement dirig\u00e9 par Judith Suminwa est bien parti pour faire avancer la condition des femmes.\",\"datePublished\":\"2024-06-22T18:55:53+00:00\",\"dateModified\":\"2024-07-17T14:54:57+00:00\",\"mainEntityOfPage\":{\"@id\":\"https:\\\/\\\/lemediafeministeafricain.com\\\/en-rdc-le-nouveau-gouvernement-dirige-par-judith-suminwa-est-bien-parti-pour-faire-avancer-la-condition-des-femmes\\\/\"},\"wordCount\":864,\"commentCount\":1,\"publisher\":{\"@id\":\"http:\\\/\\\/lemediafeministeafricain.com\\\/#organization\"},\"image\":{\"@id\":\"https:\\\/\\\/lemediafeministeafricain.com\\\/en-rdc-le-nouveau-gouvernement-dirige-par-judith-suminwa-est-bien-parti-pour-faire-avancer-la-condition-des-femmes\\\/#primaryimage\"},\"thumbnailUrl\":\"https:\\\/\\\/lemediafeministeafricain.com\\\/wp-content\\\/uploads\\\/2024\\\/06\\\/Judith-Suminwa-768x511-1.webp\",\"keywords\":[\"D\u00e9veloppement\",\"DroitsDesFemmes\",\"\u00c9galit\u00e9DesSexes\",\"Emploi\",\"Environnement\",\"Genre\",\"gouvernementSuminwa\",\"Infrastructures\",\"JudithSuminwaTuluka\",\"Politique\",\"RDC\",\"R\u00e9silience\",\"S\u00e9curit\u00e9\",\"ServicesSociaux\"],\"articleSection\":[\"Politic\"],\"inLanguage\":\"en-US\",\"potentialAction\":[{\"@type\":\"CommentAction\",\"name\":\"Comment\",\"target\":[\"https:\\\/\\\/lemediafeministeafricain.com\\\/en-rdc-le-nouveau-gouvernement-dirige-par-judith-suminwa-est-bien-parti-pour-faire-avancer-la-condition-des-femmes\\\/#respond\"]}]},{\"@type\":\"WebPage\",\"@id\":\"https:\\\/\\\/lemediafeministeafricain.com\\\/en-rdc-le-nouveau-gouvernement-dirige-par-judith-suminwa-est-bien-parti-pour-faire-avancer-la-condition-des-femmes\\\/\",\"url\":\"https:\\\/\\\/lemediafeministeafricain.com\\\/en-rdc-le-nouveau-gouvernement-dirige-par-judith-suminwa-est-bien-parti-pour-faire-avancer-la-condition-des-femmes\\\/\",\"name\":\"En RDC, le nouveau gouvernement dirig\u00e9 par Judith Suminwa est bien parti pour faire avancer la condition des femmes. - Le M&eacute;dia F&eacute;ministe Africain\",\"isPartOf\":{\"@id\":\"http:\\\/\\\/lemediafeministeafricain.com\\\/#website\"},\"primaryImageOfPage\":{\"@id\":\"https:\\\/\\\/lemediafeministeafricain.com\\\/en-rdc-le-nouveau-gouvernement-dirige-par-judith-suminwa-est-bien-parti-pour-faire-avancer-la-condition-des-femmes\\\/#primaryimage\"},\"image\":{\"@id\":\"https:\\\/\\\/lemediafeministeafricain.com\\\/en-rdc-le-nouveau-gouvernement-dirige-par-judith-suminwa-est-bien-parti-pour-faire-avancer-la-condition-des-femmes\\\/#primaryimage\"},\"thumbnailUrl\":\"https:\\\/\\\/lemediafeministeafricain.com\\\/wp-content\\\/uploads\\\/2024\\\/06\\\/Judith-Suminwa-768x511-1.webp\",\"datePublished\":\"2024-06-22T18:55:53+00:00\",\"dateModified\":\"2024-07-17T14:54:57+00:00\",\"breadcrumb\":{\"@id\":\"https:\\\/\\\/lemediafeministeafricain.com\\\/en-rdc-le-nouveau-gouvernement-dirige-par-judith-suminwa-est-bien-parti-pour-faire-avancer-la-condition-des-femmes\\\/#breadcrumb\"},\"inLanguage\":\"en-US\",\"potentialAction\":[{\"@type\":\"ReadAction\",\"target\":[\"https:\\\/\\\/lemediafeministeafricain.com\\\/en-rdc-le-nouveau-gouvernement-dirige-par-judith-suminwa-est-bien-parti-pour-faire-avancer-la-condition-des-femmes\\\/\"]}]},{\"@type\":\"ImageObject\",\"inLanguage\":\"en-US\",\"@id\":\"https:\\\/\\\/lemediafeministeafricain.com\\\/en-rdc-le-nouveau-gouvernement-dirige-par-judith-suminwa-est-bien-parti-pour-faire-avancer-la-condition-des-femmes\\\/#primaryimage\",\"url\":\"https:\\\/\\\/lemediafeministeafricain.com\\\/wp-content\\\/uploads\\\/2024\\\/06\\\/Judith-Suminwa-768x511-1.webp\",\"contentUrl\":\"https:\\\/\\\/lemediafeministeafricain.com\\\/wp-content\\\/uploads\\\/2024\\\/06\\\/Judith-Suminwa-768x511-1.webp\",\"width\":768,\"height\":511},{\"@type\":\"BreadcrumbList\",\"@id\":\"https:\\\/\\\/lemediafeministeafricain.com\\\/en-rdc-le-nouveau-gouvernement-dirige-par-judith-suminwa-est-bien-parti-pour-faire-avancer-la-condition-des-femmes\\\/#breadcrumb\",\"itemListElement\":[{\"@type\":\"ListItem\",\"position\":1,\"name\":\"Home\",\"item\":\"http:\\\/\\\/lemediafeministeafricain.com\\\/\"},{\"@type\":\"ListItem\",\"position\":2,\"name\":\"En RDC, le nouveau gouvernement dirig\u00e9 par Judith Suminwa est bien parti pour faire avancer la condition des femmes.\"}]},{\"@type\":\"WebSite\",\"@id\":\"http:\\\/\\\/lemediafeministeafricain.com\\\/#website\",\"url\":\"http:\\\/\\\/lemediafeministeafricain.com\\\/\",\"name\":\"Le M\u00e9dia F\u00e9ministe Africain\",\"description\":\"Le M&eacute;dia F&eacute;ministe Africain\",\"publisher\":{\"@id\":\"http:\\\/\\\/lemediafeministeafricain.com\\\/#organization\"},\"alternateName\":\"M\u00e9dia F\u00e9ministe Africain\",\"potentialAction\":[{\"@type\":\"SearchAction\",\"target\":{\"@type\":\"EntryPoint\",\"urlTemplate\":\"http:\\\/\\\/lemediafeministeafricain.com\\\/?s={search_term_string}\"},\"query-input\":{\"@type\":\"PropertyValueSpecification\",\"valueRequired\":true,\"valueName\":\"search_term_string\"}}],\"inLanguage\":\"en-US\"},{\"@type\":\"Organization\",\"@id\":\"http:\\\/\\\/lemediafeministeafricain.com\\\/#organization\",\"name\":\"Le M\u00e9dia F\u00e9ministe Africain\",\"alternateName\":\"M\u00e9dia F\u00e9ministe Africain\",\"url\":\"http:\\\/\\\/lemediafeministeafricain.com\\\/\",\"logo\":{\"@type\":\"ImageObject\",\"inLanguage\":\"en-US\",\"@id\":\"http:\\\/\\\/lemediafeministeafricain.com\\\/#\\\/schema\\\/logo\\\/image\\\/\",\"url\":\"http:\\\/\\\/lemediafeministeafricain.com\\\/wp-content\\\/uploads\\\/2024\\\/05\\\/LMF.webp\",\"contentUrl\":\"http:\\\/\\\/lemediafeministeafricain.com\\\/wp-content\\\/uploads\\\/2024\\\/05\\\/LMF.webp\",\"width\":1880,\"height\":1576,\"caption\":\"Le M\u00e9dia F\u00e9ministe Africain\"},\"image\":{\"@id\":\"http:\\\/\\\/lemediafeministeafricain.com\\\/#\\\/schema\\\/logo\\\/image\\\/\"},\"sameAs\":[\"https:\\\/\\\/www.facebook.com\\\/profile.php?id=61557243280950\",\"https:\\\/\\\/x.com\\\/mediafeministe\"]},{\"@type\":\"Person\",\"@id\":\"http:\\\/\\\/lemediafeministeafricain.com\\\/#\\\/schema\\\/person\\\/ca21ec79a7e5334e04e9b567a065cfc0\",\"name\":\"Le M\u00e9dia F\u00e9ministe Africain\",\"image\":{\"@type\":\"ImageObject\",\"inLanguage\":\"en-US\",\"@id\":\"https:\\\/\\\/secure.gravatar.com\\\/avatar\\\/52145e251d4472eb6112580fcf10b7c72b85cc63c31fdf1d9b1eabf2a90935d9?s=96&d=mm&r=g\",\"url\":\"https:\\\/\\\/secure.gravatar.com\\\/avatar\\\/52145e251d4472eb6112580fcf10b7c72b85cc63c31fdf1d9b1eabf2a90935d9?s=96&d=mm&r=g\",\"contentUrl\":\"https:\\\/\\\/secure.gravatar.com\\\/avatar\\\/52145e251d4472eb6112580fcf10b7c72b85cc63c31fdf1d9b1eabf2a90935d9?s=96&d=mm&r=g\",\"caption\":\"Le M\u00e9dia F\u00e9ministe Africain\"},\"sameAs\":[\"https:\\\/\\\/lemediafeministeafricain.com\\\/\"],\"url\":\"https:\\\/\\\/lemediafeministeafricain.com\\\/en\\\/author\\\/lemediafeministeafricain\\\/\"}]}<\/script>\n<!-- \/ Yoast SEO plugin. -->","yoast_head_json":{"title":"En RDC, le nouveau gouvernement dirig\u00e9 par Judith Suminwa est bien parti pour faire avancer la condition des femmes. - Le M&eacute;dia F&eacute;ministe Africain","robots":{"index":"index","follow":"follow","max-snippet":"max-snippet:-1","max-image-preview":"max-image-preview:large","max-video-preview":"max-video-preview:-1"},"canonical":"https:\/\/lemediafeministeafricain.com\/en\/en-rdc-le-nouveau-gouvernement-dirige-par-judith-suminwa-est-bien-parti-pour-faire-avancer-la-condition-des-femmes\/","og_locale":"en_US","og_type":"article","og_title":"En RDC, le nouveau gouvernement dirig\u00e9 par Judith Suminwa est bien parti pour faire avancer la condition des femmes. - Le M&eacute;dia F&eacute;ministe Africain","og_description":"Quelques deux mois apr\u00e8s sa nomination, la Premi\u00e8re ministre de la R\u00e9publique D\u00e9mocratique du Congo, Judith Suminwa Tuluka, nomme son gouvernement et fixe les priorit\u00e9s. Le #gouvernementSuminwa a \u00e9t\u00e9 investi devant le Parlement le mardi 11 juin dernier. Lors de la c\u00e9r\u00e9monie riche en sons et couleurs, la nouvelle cheffe du gouvernement a pr\u00e9sent\u00e9 son plan quinquennal fond\u00e9 sur 6 piliers. Un programme qu\u2019elle a elle-m\u00eame qualifi\u00e9 d\u2019 \u201cambitieux\u201d et qui peut contribuer \u00e0 l\u2019am\u00e9lioration de la condition fragile des femmes congolaises, s\u2019il est ex\u00e9cut\u00e9 avec des politiques sensibles au genre. Pour r\u00e9aliser l&#8217;ensemble de ces projets, le co\u00fbt pour [&hellip;]","og_url":"https:\/\/lemediafeministeafricain.com\/en\/en-rdc-le-nouveau-gouvernement-dirige-par-judith-suminwa-est-bien-parti-pour-faire-avancer-la-condition-des-femmes\/","og_site_name":"Le M&eacute;dia F&eacute;ministe Africain","article_publisher":"https:\/\/www.facebook.com\/profile.php?id=61557243280950","article_published_time":"2024-06-22T18:55:53+00:00","article_modified_time":"2024-07-17T14:54:57+00:00","og_image":[{"width":768,"height":511,"url":"https:\/\/lemediafeministeafricain.com\/wp-content\/uploads\/2024\/06\/Judith-Suminwa-768x511-1.webp","type":"image\/webp"}],"author":"Le M\u00e9dia F\u00e9ministe Africain","twitter_card":"summary_large_image","twitter_creator":"@mediafeministe","twitter_site":"@mediafeministe","twitter_misc":{"Written by":"Le M\u00e9dia F\u00e9ministe Africain","Est. reading time":"4 minutes"},"schema":{"@context":"https:\/\/schema.org","@graph":[{"@type":"Article","@id":"https:\/\/lemediafeministeafricain.com\/en-rdc-le-nouveau-gouvernement-dirige-par-judith-suminwa-est-bien-parti-pour-faire-avancer-la-condition-des-femmes\/#article","isPartOf":{"@id":"https:\/\/lemediafeministeafricain.com\/en-rdc-le-nouveau-gouvernement-dirige-par-judith-suminwa-est-bien-parti-pour-faire-avancer-la-condition-des-femmes\/"},"author":{"name":"Le M\u00e9dia F\u00e9ministe Africain","@id":"http:\/\/lemediafeministeafricain.com\/#\/schema\/person\/ca21ec79a7e5334e04e9b567a065cfc0"},"headline":"En RDC, le nouveau gouvernement dirig\u00e9 par Judith Suminwa est bien parti pour faire avancer la condition des femmes.","datePublished":"2024-06-22T18:55:53+00:00","dateModified":"2024-07-17T14:54:57+00:00","mainEntityOfPage":{"@id":"https:\/\/lemediafeministeafricain.com\/en-rdc-le-nouveau-gouvernement-dirige-par-judith-suminwa-est-bien-parti-pour-faire-avancer-la-condition-des-femmes\/"},"wordCount":864,"commentCount":1,"publisher":{"@id":"http:\/\/lemediafeministeafricain.com\/#organization"},"image":{"@id":"https:\/\/lemediafeministeafricain.com\/en-rdc-le-nouveau-gouvernement-dirige-par-judith-suminwa-est-bien-parti-pour-faire-avancer-la-condition-des-femmes\/#primaryimage"},"thumbnailUrl":"https:\/\/lemediafeministeafricain.com\/wp-content\/uploads\/2024\/06\/Judith-Suminwa-768x511-1.webp","keywords":["D\u00e9veloppement","DroitsDesFemmes","\u00c9galit\u00e9DesSexes","Emploi","Environnement","Genre","gouvernementSuminwa","Infrastructures","JudithSuminwaTuluka","Politique","RDC","R\u00e9silience","S\u00e9curit\u00e9","ServicesSociaux"],"articleSection":["Politic"],"inLanguage":"en-US","potentialAction":[{"@type":"CommentAction","name":"Comment","target":["https:\/\/lemediafeministeafricain.com\/en-rdc-le-nouveau-gouvernement-dirige-par-judith-suminwa-est-bien-parti-pour-faire-avancer-la-condition-des-femmes\/#respond"]}]},{"@type":"WebPage","@id":"https:\/\/lemediafeministeafricain.com\/en-rdc-le-nouveau-gouvernement-dirige-par-judith-suminwa-est-bien-parti-pour-faire-avancer-la-condition-des-femmes\/","url":"https:\/\/lemediafeministeafricain.com\/en-rdc-le-nouveau-gouvernement-dirige-par-judith-suminwa-est-bien-parti-pour-faire-avancer-la-condition-des-femmes\/","name":"En RDC, le nouveau gouvernement dirig\u00e9 par Judith Suminwa est bien parti pour faire avancer la condition des femmes. - Le M&eacute;dia F&eacute;ministe Africain","isPartOf":{"@id":"http:\/\/lemediafeministeafricain.com\/#website"},"primaryImageOfPage":{"@id":"https:\/\/lemediafeministeafricain.com\/en-rdc-le-nouveau-gouvernement-dirige-par-judith-suminwa-est-bien-parti-pour-faire-avancer-la-condition-des-femmes\/#primaryimage"},"image":{"@id":"https:\/\/lemediafeministeafricain.com\/en-rdc-le-nouveau-gouvernement-dirige-par-judith-suminwa-est-bien-parti-pour-faire-avancer-la-condition-des-femmes\/#primaryimage"},"thumbnailUrl":"https:\/\/lemediafeministeafricain.com\/wp-content\/uploads\/2024\/06\/Judith-Suminwa-768x511-1.webp","datePublished":"2024-06-22T18:55:53+00:00","dateModified":"2024-07-17T14:54:57+00:00","breadcrumb":{"@id":"https:\/\/lemediafeministeafricain.com\/en-rdc-le-nouveau-gouvernement-dirige-par-judith-suminwa-est-bien-parti-pour-faire-avancer-la-condition-des-femmes\/#breadcrumb"},"inLanguage":"en-US","potentialAction":[{"@type":"ReadAction","target":["https:\/\/lemediafeministeafricain.com\/en-rdc-le-nouveau-gouvernement-dirige-par-judith-suminwa-est-bien-parti-pour-faire-avancer-la-condition-des-femmes\/"]}]},{"@type":"ImageObject","inLanguage":"en-US","@id":"https:\/\/lemediafeministeafricain.com\/en-rdc-le-nouveau-gouvernement-dirige-par-judith-suminwa-est-bien-parti-pour-faire-avancer-la-condition-des-femmes\/#primaryimage","url":"https:\/\/lemediafeministeafricain.com\/wp-content\/uploads\/2024\/06\/Judith-Suminwa-768x511-1.webp","contentUrl":"https:\/\/lemediafeministeafricain.com\/wp-content\/uploads\/2024\/06\/Judith-Suminwa-768x511-1.webp","width":768,"height":511},{"@type":"BreadcrumbList","@id":"https:\/\/lemediafeministeafricain.com\/en-rdc-le-nouveau-gouvernement-dirige-par-judith-suminwa-est-bien-parti-pour-faire-avancer-la-condition-des-femmes\/#breadcrumb","itemListElement":[{"@type":"ListItem","position":1,"name":"Home","item":"http:\/\/lemediafeministeafricain.com\/"},{"@type":"ListItem","position":2,"name":"En RDC, le nouveau gouvernement dirig\u00e9 par Judith Suminwa est bien parti pour faire avancer la condition des femmes."}]},{"@type":"WebSite","@id":"http:\/\/lemediafeministeafricain.com\/#website","url":"http:\/\/lemediafeministeafricain.com\/","name":"The African Feminist Media","description":"Le M&eacute;dia F&eacute;ministe Africain","publisher":{"@id":"http:\/\/lemediafeministeafricain.com\/#organization"},"alternateName":"M\u00e9dia F\u00e9ministe Africain","potentialAction":[{"@type":"SearchAction","target":{"@type":"EntryPoint","urlTemplate":"http:\/\/lemediafeministeafricain.com\/?s={search_term_string}"},"query-input":{"@type":"PropertyValueSpecification","valueRequired":true,"valueName":"search_term_string"}}],"inLanguage":"en-US"},{"@type":"Organization","@id":"http:\/\/lemediafeministeafricain.com\/#organization","name":"The African Feminist Media","alternateName":"M\u00e9dia F\u00e9ministe Africain","url":"http:\/\/lemediafeministeafricain.com\/","logo":{"@type":"ImageObject","inLanguage":"en-US","@id":"http:\/\/lemediafeministeafricain.com\/#\/schema\/logo\/image\/","url":"http:\/\/lemediafeministeafricain.com\/wp-content\/uploads\/2024\/05\/LMF.webp","contentUrl":"http:\/\/lemediafeministeafricain.com\/wp-content\/uploads\/2024\/05\/LMF.webp","width":1880,"height":1576,"caption":"Le M\u00e9dia F\u00e9ministe Africain"},"image":{"@id":"http:\/\/lemediafeministeafricain.com\/#\/schema\/logo\/image\/"},"sameAs":["https:\/\/www.facebook.com\/profile.php?id=61557243280950","https:\/\/x.com\/mediafeministe"]},{"@type":"Person","@id":"http:\/\/lemediafeministeafricain.com\/#\/schema\/person\/ca21ec79a7e5334e04e9b567a065cfc0","name":"The African Feminist Media","image":{"@type":"ImageObject","inLanguage":"en-US","@id":"https:\/\/secure.gravatar.com\/avatar\/52145e251d4472eb6112580fcf10b7c72b85cc63c31fdf1d9b1eabf2a90935d9?s=96&d=mm&r=g","url":"https:\/\/secure.gravatar.com\/avatar\/52145e251d4472eb6112580fcf10b7c72b85cc63c31fdf1d9b1eabf2a90935d9?s=96&d=mm&r=g","contentUrl":"https:\/\/secure.gravatar.com\/avatar\/52145e251d4472eb6112580fcf10b7c72b85cc63c31fdf1d9b1eabf2a90935d9?s=96&d=mm&r=g","caption":"Le M\u00e9dia F\u00e9ministe Africain"},"sameAs":["https:\/\/lemediafeministeafricain.com\/"],"url":"https:\/\/lemediafeministeafricain.com\/en\/author\/lemediafeministeafricain\/"}]}},"_links":{"self":[{"href":"https:\/\/lemediafeministeafricain.com\/en\/wp-json\/wp\/v2\/posts\/95283","targetHints":{"allow":["GET"]}}],"collection":[{"href":"https:\/\/lemediafeministeafricain.com\/en\/wp-json\/wp\/v2\/posts"}],"about":[{"href":"https:\/\/lemediafeministeafricain.com\/en\/wp-json\/wp\/v2\/types\/post"}],"author":[{"embeddable":true,"href":"https:\/\/lemediafeministeafricain.com\/en\/wp-json\/wp\/v2\/users\/2"}],"replies":[{"embeddable":true,"href":"https:\/\/lemediafeministeafricain.com\/en\/wp-json\/wp\/v2\/comments?post=95283"}],"version-history":[{"count":8,"href":"https:\/\/lemediafeministeafricain.com\/en\/wp-json\/wp\/v2\/posts\/95283\/revisions"}],"predecessor-version":[{"id":95386,"href":"https:\/\/lemediafeministeafricain.com\/en\/wp-json\/wp\/v2\/posts\/95283\/revisions\/95386"}],"wp:featuredmedia":[{"embeddable":true,"href":"https:\/\/lemediafeministeafricain.com\/en\/wp-json\/wp\/v2\/media\/95284"}],"wp:attachment":[{"href":"https:\/\/lemediafeministeafricain.com\/en\/wp-json\/wp\/v2\/media?parent=95283"}],"wp:term":[{"taxonomy":"category","embeddable":true,"href":"https:\/\/lemediafeministeafricain.com\/en\/wp-json\/wp\/v2\/categories?post=95283"},{"taxonomy":"post_tag","embeddable":true,"href":"https:\/\/lemediafeministeafricain.com\/en\/wp-json\/wp\/v2\/tags?post=95283"}],"curies":[{"name":"wp","href":"https:\/\/api.w.org\/{rel}","templated":true}]}}