{"id":95305,"date":"2024-06-24T18:37:34","date_gmt":"2024-06-24T18:37:34","guid":{"rendered":"https:\/\/lemediafeministeafricain.com\/?p=95305"},"modified":"2024-07-17T14:52:14","modified_gmt":"2024-07-17T14:52:14","slug":"les-femmes-africaines-enrichissent-la-diplomatie-en-cette-journee-internationale-des-femmes-en-diplomatie-nous-celebrons-leus-parcours-inspirants","status":"publish","type":"post","link":"https:\/\/lemediafeministeafricain.com\/en\/les-femmes-africaines-enrichissent-la-diplomatie-en-cette-journee-internationale-des-femmes-en-diplomatie-nous-celebrons-leus-parcours-inspirants\/","title":{"rendered":"Les femmes africaines enrichissent la diplomatie. En cette journ\u00e9e internationale des femmes en diplomatie, nous c\u00e9l\u00e9brons leus parcours inspirants."},"content":{"rendered":"<p>\n\n\n<\/p>\n<p><img loading=\"lazy\" decoding=\"async\" src=\"https:\/\/lh7-us.googleusercontent.com\/docsz\/AD_4nXfNwLyTYdnlD-_Imip_HEgKEEg4YxQsLSrEExeOgvyUJmCM-GTwo0ikFPSe9euLCLfL8mIskJyRycZtF1kvo0B_M6lcRwmzsSNWSMPBeAThwCfy_feeuCCclvXVxP3Rjn9KtdOIfcKU6VicgYwf9q8fVyAn2w99iYWDY2AFHbS7LfXpm9fbC3A?key=n3MlOadd0QVfbQTgRqDXNw\" width=\"465\" height=\"465\" \/><\/p>\n<p>\n\n\n<\/p>\n<p>\n\n\n<\/p>\n<p>Ce samedi 24 juin, nous c\u00e9l\u00e9brons la Journ\u00e9e internationale des femmes dans la diplomatie, instaur\u00e9e par un vote symbolique des Nations Unies en 2022. Cette journ\u00e9e souligne l\u2019importance de reconna\u00eetre la contribution historique des femmes dans un domaine o\u00f9 les hommes sont souvent beaucoup trop mis en avant.<\/p>\n<p>\n\n\n<\/p>\n<p>\n\n\n<\/p>\n<p>Les femmes continuent de faire face \u00e0 l\u2019effacement de leur r\u00f4le historique et au sexisme, y compris dans les relations internationales. Comme l&#8217;a rappel\u00e9 le Secr\u00e9taire g\u00e9n\u00e9ral de l&#8217;ONU il y a deux ans, il est crucial de changer cette dynamique.<\/p>\n<p>\n\n\n<\/p>\n<p>\n\n\n<\/p>\n<p>Heureusement, des figures f\u00e9minines \u00e9mergent de plus en plus sur la sc\u00e8ne diplomatique mondiale. Aujourd\u2019hui, nous vous proposons cinq portraits de femmes africaines qui brillent dans la diplomatie.<\/p>\n<p>\n\n\n<\/p>\n<p>\n\n\n<\/p>\n<ul class=\"wp-block-list\">\n<li style=\"list-style-type: none;\">\n<ul>\n\n<\/ul>\n<\/li>\n<\/ul>\n<p>\u00a0<\/p>\n<ul>\n<li style=\"list-style-type: none;\">\n<ul>\n<li>Ellen Johnson Sirleaf, figure majeure de la diplomatie\u00a0internationale. En tant que Pr\u00e9sidente de la R\u00e9publique du Liberia de 2006 \u00e0 2018, Mme. Sirleaf a jou\u00e9 un r\u00f4le crucial dans la reconstruction post-conflit du Liberia. Ellen Johnson Sirleaf a \u00e9galement \u00e9t\u00e9 la premi\u00e8re femme \u00e0 pr\u00e9sider la Communaut\u00e9 \u00c9conomique des \u00c9tats de l\u2019Afrique de l\u2019Ouest (CEDEAO) en 2016. Aujourd\u2019hui, elle est la Pr\u00e9sidente du r\u00e9seau des femmes leaders africaines (AWLN) qui s&#8217;engage pour une meilleure participation politique des femmes. Pour ses efforts en faveur de la s\u00e9curit\u00e9 des femmes et pour leur participation en politique, elle a re\u00e7u le Prix Nobel de la Paix en 2011.<\/li>\n<\/ul>\n<\/li>\n<\/ul>\n<p>\n\n<\/p>\n<p>\n\n<\/p>\n<ul>\n<li style=\"list-style-type: none;\">\n<ul>\n<li>La sud-africaine Nkosazana Dlamini-Zuma, premi\u00e8re, et jusqu\u2019\u00e0 pr\u00e9sent seule femme\u00a0\u00e0 avoir pr\u00e9sid\u00e9 la Commission de l\u2019Union Africaine, de 2012 \u00e0 2017. De plus, elle a fait le tour de plusieurs gouvernements depuis l\u2019av\u00e8nement de la d\u00e9mocratie en Afrique du Sud: ministre de la Sant\u00e9, de l&#8217;Int\u00e9rieur mais aussi des Affaires \u00e9trang\u00e8res. C&#8217;est au cours de son mandat dans cette derni\u00e8re fonction que la paix et la stabilit\u00e9 ont \u00e9t\u00e9 instaur\u00e9es au Burundi et en RDC, par exemple.<\/li>\n<\/ul>\n<\/li>\n<\/ul>\n<p>\n\n<\/p>\n<p>\n\n<\/p>\n<ul>\n<li style=\"list-style-type: none;\">\n<ul>\n<li>Yassine Fall deuxi\u00e8me femme ministre des Affaires \u00e9trang\u00e8res au S\u00e9n\u00e9gal. \u00c9conomiste de formation, Yassine Fall a travaill\u00e9 pendant une vingtaine d\u2019ann\u00e9es au sein du syst\u00e8me des Nations Unies, o\u00f9 elle a occup\u00e9 diff\u00e9rentes fonctions importantes.<\/li>\n<\/ul>\n<\/li>\n<\/ul>\n<p>\n\n<\/p>\n<p>\n\n<\/p>\n<ul>\n<li style=\"list-style-type: none;\">\n<ul>\n<li>Amina Mohammed, femme politique nigerianne et britannique. Elle est Vice-Secr\u00e9taire g\u00e9n\u00e9rale des Nations Unies et participe activement aux n\u00e9gociations, discussions politiques et initiatives de coop\u00e9ration internationale. Avant son r\u00f4le actuel, elle a \u00e9t\u00e9 Ministre de l&#8217;Environnement du Nigeria. Outre sa r\u00e9putation de diplomate, Amina Mohammed est \u00e9galement connue comme ardente d\u00e9fenseure de l&#8217;\u00e9galit\u00e9 des sexes et de l&#8217;autonomisation des femmes.<\/li>\n<\/ul>\n<\/li>\n<\/ul>\n<p>\n\n<\/p>\n<p>\n\n<\/p>\n<ul>\n<li style=\"list-style-type: none;\">\n<ul>\n<li>Samia Suluhu Hassan: En tant que Pr\u00e9sidente de la R\u00e9publique Unie de Tanzanie, elle joue un r\u00f4le central dans les relations internationales de son pays. Elle dirige la politique \u00e9trang\u00e8re, repr\u00e9sente la Tanzanie sur la sc\u00e8ne mondiale et participe \u00e0 des sommets et forums internationaux. Par ailleurs, Suluhu Samia travaille \u00e0 renforcer la coop\u00e9ration au sein de la Communaut\u00e9 d&#8217;Afrique de l&#8217;Est (EAC) et d&#8217;autres organisations r\u00e9gionales.<\/li>\n<\/ul>\n<\/li>\n<\/ul>\n<p>\n\n<\/p>\n<p>\n\n\n<\/p>","protected":false},"excerpt":{"rendered":"<p>Ce samedi 24 juin, nous c\u00e9l\u00e9brons la Journ\u00e9e internationale des femmes dans la diplomatie, instaur\u00e9e par un vote symbolique des Nations Unies en 2022. Cette journ\u00e9e souligne l\u2019importance de reconna\u00eetre la contribution historique des femmes dans un domaine o\u00f9 les hommes sont souvent beaucoup trop mis en avant. Les femmes continuent de faire face \u00e0 l\u2019effacement de leur r\u00f4le historique et au sexisme, y compris dans les relations internationales. Comme l&#8217;a rappel\u00e9 le Secr\u00e9taire g\u00e9n\u00e9ral de l&#8217;ONU il y a deux ans, il est crucial de changer cette dynamique. Heureusement, des figures f\u00e9minines \u00e9mergent de plus en plus sur la [&hellip;]<\/p>\n","protected":false},"author":2,"featured_media":95375,"comment_status":"open","ping_status":"open","sticky":false,"template":"","format":"standard","meta":{"footnotes":""},"categories":[19],"tags":[167,165,169,160,168,162,159,158,163,161,170,166,164],"class_list":["post-95305","post","type-post","status-publish","format-standard","has-post-thumbnail","hentry","category-politic","tag-afrique","tag-aminamohammed","tag-autonomisationdesfemmes","tag-diplomatie","tag-egalitedessexes","tag-ellenjohnsonsirleaf","tag-femmesleaders","tag-journeedesfemmesdansladiplomatie","tag-nkosazanadlaminizuma","tag-onu","tag-relationsinternationales","tag-samiasuluhuhassan","tag-yassinefall"],"yoast_head":"<!-- This site is optimized with the Yoast SEO plugin v27.4 - https:\/\/yoast.com\/product\/yoast-seo-wordpress\/ -->\n<title>Les femmes africaines enrichissent la diplomatie. En cette journ\u00e9e internationale des femmes en diplomatie, nous c\u00e9l\u00e9brons leus parcours inspirants. - Le M&eacute;dia F&eacute;ministe Africain<\/title>\n<meta name=\"robots\" content=\"index, follow, max-snippet:-1, max-image-preview:large, max-video-preview:-1\" \/>\n<link rel=\"canonical\" href=\"https:\/\/lemediafeministeafricain.com\/en\/les-femmes-africaines-enrichissent-la-diplomatie-en-cette-journee-internationale-des-femmes-en-diplomatie-nous-celebrons-leus-parcours-inspirants\/\" \/>\n<meta property=\"og:locale\" content=\"en_US\" \/>\n<meta property=\"og:type\" content=\"article\" \/>\n<meta property=\"og:title\" content=\"Les femmes africaines enrichissent la diplomatie. En cette journ\u00e9e internationale des femmes en diplomatie, nous c\u00e9l\u00e9brons leus parcours inspirants. - Le M&eacute;dia F&eacute;ministe Africain\" \/>\n<meta property=\"og:description\" content=\"Ce samedi 24 juin, nous c\u00e9l\u00e9brons la Journ\u00e9e internationale des femmes dans la diplomatie, instaur\u00e9e par un vote symbolique des Nations Unies en 2022. Cette journ\u00e9e souligne l\u2019importance de reconna\u00eetre la contribution historique des femmes dans un domaine o\u00f9 les hommes sont souvent beaucoup trop mis en avant. Les femmes continuent de faire face \u00e0 l\u2019effacement de leur r\u00f4le historique et au sexisme, y compris dans les relations internationales. Comme l&#8217;a rappel\u00e9 le Secr\u00e9taire g\u00e9n\u00e9ral de l&#8217;ONU il y a deux ans, il est crucial de changer cette dynamique. Heureusement, des figures f\u00e9minines \u00e9mergent de plus en plus sur la [&hellip;]\" \/>\n<meta property=\"og:url\" content=\"https:\/\/lemediafeministeafricain.com\/en\/les-femmes-africaines-enrichissent-la-diplomatie-en-cette-journee-internationale-des-femmes-en-diplomatie-nous-celebrons-leus-parcours-inspirants\/\" \/>\n<meta property=\"og:site_name\" content=\"Le M&eacute;dia F&eacute;ministe Africain\" \/>\n<meta property=\"article:publisher\" content=\"https:\/\/www.facebook.com\/profile.php?id=61557243280950\" \/>\n<meta property=\"article:published_time\" content=\"2024-06-24T18:37:34+00:00\" \/>\n<meta property=\"article:modified_time\" content=\"2024-07-17T14:52:14+00:00\" \/>\n<meta property=\"og:image\" content=\"https:\/\/lemediafeministeafricain.com\/wp-content\/uploads\/2024\/06\/unnamed-1.webp\" \/>\n\t<meta property=\"og:image:width\" content=\"1080\" \/>\n\t<meta property=\"og:image:height\" content=\"1080\" \/>\n\t<meta property=\"og:image:type\" content=\"image\/webp\" \/>\n<meta name=\"author\" content=\"Le M\u00e9dia F\u00e9ministe Africain\" \/>\n<meta name=\"twitter:card\" content=\"summary_large_image\" \/>\n<meta name=\"twitter:creator\" content=\"@mediafeministe\" \/>\n<meta name=\"twitter:site\" content=\"@mediafeministe\" \/>\n<meta name=\"twitter:label1\" content=\"Written by\" \/>\n\t<meta name=\"twitter:data1\" content=\"Le M\u00e9dia F\u00e9ministe Africain\" \/>\n\t<meta name=\"twitter:label2\" content=\"Est. reading time\" \/>\n\t<meta name=\"twitter:data2\" content=\"3 minutes\" \/>\n<script type=\"application\/ld+json\" class=\"yoast-schema-graph\">{\"@context\":\"https:\\\/\\\/schema.org\",\"@graph\":[{\"@type\":\"Article\",\"@id\":\"https:\\\/\\\/lemediafeministeafricain.com\\\/les-femmes-africaines-enrichissent-la-diplomatie-en-cette-journee-internationale-des-femmes-en-diplomatie-nous-celebrons-leus-parcours-inspirants\\\/#article\",\"isPartOf\":{\"@id\":\"https:\\\/\\\/lemediafeministeafricain.com\\\/les-femmes-africaines-enrichissent-la-diplomatie-en-cette-journee-internationale-des-femmes-en-diplomatie-nous-celebrons-leus-parcours-inspirants\\\/\"},\"author\":{\"name\":\"Le M\u00e9dia F\u00e9ministe Africain\",\"@id\":\"http:\\\/\\\/lemediafeministeafricain.com\\\/#\\\/schema\\\/person\\\/ca21ec79a7e5334e04e9b567a065cfc0\"},\"headline\":\"Les femmes africaines enrichissent la diplomatie. En cette journ\u00e9e internationale des femmes en diplomatie, nous c\u00e9l\u00e9brons leus parcours inspirants.\",\"datePublished\":\"2024-06-24T18:37:34+00:00\",\"dateModified\":\"2024-07-17T14:52:14+00:00\",\"mainEntityOfPage\":{\"@id\":\"https:\\\/\\\/lemediafeministeafricain.com\\\/les-femmes-africaines-enrichissent-la-diplomatie-en-cette-journee-internationale-des-femmes-en-diplomatie-nous-celebrons-leus-parcours-inspirants\\\/\"},\"wordCount\":543,\"commentCount\":1,\"publisher\":{\"@id\":\"http:\\\/\\\/lemediafeministeafricain.com\\\/#organization\"},\"image\":{\"@id\":\"https:\\\/\\\/lemediafeministeafricain.com\\\/les-femmes-africaines-enrichissent-la-diplomatie-en-cette-journee-internationale-des-femmes-en-diplomatie-nous-celebrons-leus-parcours-inspirants\\\/#primaryimage\"},\"thumbnailUrl\":\"https:\\\/\\\/lemediafeministeafricain.com\\\/wp-content\\\/uploads\\\/2024\\\/06\\\/unnamed-1.webp\",\"keywords\":[\"Afrique\",\"AminaMohammed\",\"AutonomisationDesFemmes\",\"Diplomatie\",\"\u00c9galit\u00e9DesSexes\",\"EllenJohnsonSirleaf\",\"FemmesLeaders\",\"Journ\u00e9eDesFemmesDansLaDiplomatie\",\"NkosazanaDlaminiZuma\",\"ONU\",\"RelationsInternationales\",\"SamiaSuluhuHassan\",\"YassineFall\"],\"articleSection\":[\"Politic\"],\"inLanguage\":\"en-US\",\"potentialAction\":[{\"@type\":\"CommentAction\",\"name\":\"Comment\",\"target\":[\"https:\\\/\\\/lemediafeministeafricain.com\\\/les-femmes-africaines-enrichissent-la-diplomatie-en-cette-journee-internationale-des-femmes-en-diplomatie-nous-celebrons-leus-parcours-inspirants\\\/#respond\"]}]},{\"@type\":\"WebPage\",\"@id\":\"https:\\\/\\\/lemediafeministeafricain.com\\\/les-femmes-africaines-enrichissent-la-diplomatie-en-cette-journee-internationale-des-femmes-en-diplomatie-nous-celebrons-leus-parcours-inspirants\\\/\",\"url\":\"https:\\\/\\\/lemediafeministeafricain.com\\\/les-femmes-africaines-enrichissent-la-diplomatie-en-cette-journee-internationale-des-femmes-en-diplomatie-nous-celebrons-leus-parcours-inspirants\\\/\",\"name\":\"Les femmes africaines enrichissent la diplomatie. En cette journ\u00e9e internationale des femmes en diplomatie, nous c\u00e9l\u00e9brons leus parcours inspirants. - Le M&eacute;dia F&eacute;ministe Africain\",\"isPartOf\":{\"@id\":\"http:\\\/\\\/lemediafeministeafricain.com\\\/#website\"},\"primaryImageOfPage\":{\"@id\":\"https:\\\/\\\/lemediafeministeafricain.com\\\/les-femmes-africaines-enrichissent-la-diplomatie-en-cette-journee-internationale-des-femmes-en-diplomatie-nous-celebrons-leus-parcours-inspirants\\\/#primaryimage\"},\"image\":{\"@id\":\"https:\\\/\\\/lemediafeministeafricain.com\\\/les-femmes-africaines-enrichissent-la-diplomatie-en-cette-journee-internationale-des-femmes-en-diplomatie-nous-celebrons-leus-parcours-inspirants\\\/#primaryimage\"},\"thumbnailUrl\":\"https:\\\/\\\/lemediafeministeafricain.com\\\/wp-content\\\/uploads\\\/2024\\\/06\\\/unnamed-1.webp\",\"datePublished\":\"2024-06-24T18:37:34+00:00\",\"dateModified\":\"2024-07-17T14:52:14+00:00\",\"breadcrumb\":{\"@id\":\"https:\\\/\\\/lemediafeministeafricain.com\\\/les-femmes-africaines-enrichissent-la-diplomatie-en-cette-journee-internationale-des-femmes-en-diplomatie-nous-celebrons-leus-parcours-inspirants\\\/#breadcrumb\"},\"inLanguage\":\"en-US\",\"potentialAction\":[{\"@type\":\"ReadAction\",\"target\":[\"https:\\\/\\\/lemediafeministeafricain.com\\\/les-femmes-africaines-enrichissent-la-diplomatie-en-cette-journee-internationale-des-femmes-en-diplomatie-nous-celebrons-leus-parcours-inspirants\\\/\"]}]},{\"@type\":\"ImageObject\",\"inLanguage\":\"en-US\",\"@id\":\"https:\\\/\\\/lemediafeministeafricain.com\\\/les-femmes-africaines-enrichissent-la-diplomatie-en-cette-journee-internationale-des-femmes-en-diplomatie-nous-celebrons-leus-parcours-inspirants\\\/#primaryimage\",\"url\":\"https:\\\/\\\/lemediafeministeafricain.com\\\/wp-content\\\/uploads\\\/2024\\\/06\\\/unnamed-1.webp\",\"contentUrl\":\"https:\\\/\\\/lemediafeministeafricain.com\\\/wp-content\\\/uploads\\\/2024\\\/06\\\/unnamed-1.webp\",\"width\":1080,\"height\":1080},{\"@type\":\"BreadcrumbList\",\"@id\":\"https:\\\/\\\/lemediafeministeafricain.com\\\/les-femmes-africaines-enrichissent-la-diplomatie-en-cette-journee-internationale-des-femmes-en-diplomatie-nous-celebrons-leus-parcours-inspirants\\\/#breadcrumb\",\"itemListElement\":[{\"@type\":\"ListItem\",\"position\":1,\"name\":\"Home\",\"item\":\"http:\\\/\\\/lemediafeministeafricain.com\\\/\"},{\"@type\":\"ListItem\",\"position\":2,\"name\":\"Les femmes africaines enrichissent la diplomatie. En cette journ\u00e9e internationale des femmes en diplomatie, nous c\u00e9l\u00e9brons leus parcours inspirants.\"}]},{\"@type\":\"WebSite\",\"@id\":\"http:\\\/\\\/lemediafeministeafricain.com\\\/#website\",\"url\":\"http:\\\/\\\/lemediafeministeafricain.com\\\/\",\"name\":\"Le M\u00e9dia F\u00e9ministe Africain\",\"description\":\"Le M&eacute;dia F&eacute;ministe Africain\",\"publisher\":{\"@id\":\"http:\\\/\\\/lemediafeministeafricain.com\\\/#organization\"},\"alternateName\":\"M\u00e9dia F\u00e9ministe Africain\",\"potentialAction\":[{\"@type\":\"SearchAction\",\"target\":{\"@type\":\"EntryPoint\",\"urlTemplate\":\"http:\\\/\\\/lemediafeministeafricain.com\\\/?s={search_term_string}\"},\"query-input\":{\"@type\":\"PropertyValueSpecification\",\"valueRequired\":true,\"valueName\":\"search_term_string\"}}],\"inLanguage\":\"en-US\"},{\"@type\":\"Organization\",\"@id\":\"http:\\\/\\\/lemediafeministeafricain.com\\\/#organization\",\"name\":\"Le M\u00e9dia F\u00e9ministe Africain\",\"alternateName\":\"M\u00e9dia F\u00e9ministe Africain\",\"url\":\"http:\\\/\\\/lemediafeministeafricain.com\\\/\",\"logo\":{\"@type\":\"ImageObject\",\"inLanguage\":\"en-US\",\"@id\":\"http:\\\/\\\/lemediafeministeafricain.com\\\/#\\\/schema\\\/logo\\\/image\\\/\",\"url\":\"http:\\\/\\\/lemediafeministeafricain.com\\\/wp-content\\\/uploads\\\/2024\\\/05\\\/LMF.webp\",\"contentUrl\":\"http:\\\/\\\/lemediafeministeafricain.com\\\/wp-content\\\/uploads\\\/2024\\\/05\\\/LMF.webp\",\"width\":1880,\"height\":1576,\"caption\":\"Le M\u00e9dia F\u00e9ministe Africain\"},\"image\":{\"@id\":\"http:\\\/\\\/lemediafeministeafricain.com\\\/#\\\/schema\\\/logo\\\/image\\\/\"},\"sameAs\":[\"https:\\\/\\\/www.facebook.com\\\/profile.php?id=61557243280950\",\"https:\\\/\\\/x.com\\\/mediafeministe\"]},{\"@type\":\"Person\",\"@id\":\"http:\\\/\\\/lemediafeministeafricain.com\\\/#\\\/schema\\\/person\\\/ca21ec79a7e5334e04e9b567a065cfc0\",\"name\":\"Le M\u00e9dia F\u00e9ministe Africain\",\"image\":{\"@type\":\"ImageObject\",\"inLanguage\":\"en-US\",\"@id\":\"https:\\\/\\\/secure.gravatar.com\\\/avatar\\\/52145e251d4472eb6112580fcf10b7c72b85cc63c31fdf1d9b1eabf2a90935d9?s=96&d=mm&r=g\",\"url\":\"https:\\\/\\\/secure.gravatar.com\\\/avatar\\\/52145e251d4472eb6112580fcf10b7c72b85cc63c31fdf1d9b1eabf2a90935d9?s=96&d=mm&r=g\",\"contentUrl\":\"https:\\\/\\\/secure.gravatar.com\\\/avatar\\\/52145e251d4472eb6112580fcf10b7c72b85cc63c31fdf1d9b1eabf2a90935d9?s=96&d=mm&r=g\",\"caption\":\"Le M\u00e9dia F\u00e9ministe Africain\"},\"sameAs\":[\"https:\\\/\\\/lemediafeministeafricain.com\\\/\"],\"url\":\"https:\\\/\\\/lemediafeministeafricain.com\\\/en\\\/author\\\/lemediafeministeafricain\\\/\"}]}<\/script>\n<!-- \/ Yoast SEO plugin. -->","yoast_head_json":{"title":"Les femmes africaines enrichissent la diplomatie. En cette journ\u00e9e internationale des femmes en diplomatie, nous c\u00e9l\u00e9brons leus parcours inspirants. - Le M&eacute;dia F&eacute;ministe Africain","robots":{"index":"index","follow":"follow","max-snippet":"max-snippet:-1","max-image-preview":"max-image-preview:large","max-video-preview":"max-video-preview:-1"},"canonical":"https:\/\/lemediafeministeafricain.com\/en\/les-femmes-africaines-enrichissent-la-diplomatie-en-cette-journee-internationale-des-femmes-en-diplomatie-nous-celebrons-leus-parcours-inspirants\/","og_locale":"en_US","og_type":"article","og_title":"Les femmes africaines enrichissent la diplomatie. En cette journ\u00e9e internationale des femmes en diplomatie, nous c\u00e9l\u00e9brons leus parcours inspirants. - Le M&eacute;dia F&eacute;ministe Africain","og_description":"Ce samedi 24 juin, nous c\u00e9l\u00e9brons la Journ\u00e9e internationale des femmes dans la diplomatie, instaur\u00e9e par un vote symbolique des Nations Unies en 2022. Cette journ\u00e9e souligne l\u2019importance de reconna\u00eetre la contribution historique des femmes dans un domaine o\u00f9 les hommes sont souvent beaucoup trop mis en avant. Les femmes continuent de faire face \u00e0 l\u2019effacement de leur r\u00f4le historique et au sexisme, y compris dans les relations internationales. Comme l&#8217;a rappel\u00e9 le Secr\u00e9taire g\u00e9n\u00e9ral de l&#8217;ONU il y a deux ans, il est crucial de changer cette dynamique. Heureusement, des figures f\u00e9minines \u00e9mergent de plus en plus sur la [&hellip;]","og_url":"https:\/\/lemediafeministeafricain.com\/en\/les-femmes-africaines-enrichissent-la-diplomatie-en-cette-journee-internationale-des-femmes-en-diplomatie-nous-celebrons-leus-parcours-inspirants\/","og_site_name":"Le M&eacute;dia F&eacute;ministe Africain","article_publisher":"https:\/\/www.facebook.com\/profile.php?id=61557243280950","article_published_time":"2024-06-24T18:37:34+00:00","article_modified_time":"2024-07-17T14:52:14+00:00","og_image":[{"width":1080,"height":1080,"url":"https:\/\/lemediafeministeafricain.com\/wp-content\/uploads\/2024\/06\/unnamed-1.webp","type":"image\/webp"}],"author":"Le M\u00e9dia F\u00e9ministe Africain","twitter_card":"summary_large_image","twitter_creator":"@mediafeministe","twitter_site":"@mediafeministe","twitter_misc":{"Written by":"Le M\u00e9dia F\u00e9ministe Africain","Est. reading time":"3 minutes"},"schema":{"@context":"https:\/\/schema.org","@graph":[{"@type":"Article","@id":"https:\/\/lemediafeministeafricain.com\/les-femmes-africaines-enrichissent-la-diplomatie-en-cette-journee-internationale-des-femmes-en-diplomatie-nous-celebrons-leus-parcours-inspirants\/#article","isPartOf":{"@id":"https:\/\/lemediafeministeafricain.com\/les-femmes-africaines-enrichissent-la-diplomatie-en-cette-journee-internationale-des-femmes-en-diplomatie-nous-celebrons-leus-parcours-inspirants\/"},"author":{"name":"Le M\u00e9dia F\u00e9ministe Africain","@id":"http:\/\/lemediafeministeafricain.com\/#\/schema\/person\/ca21ec79a7e5334e04e9b567a065cfc0"},"headline":"Les femmes africaines enrichissent la diplomatie. En cette journ\u00e9e internationale des femmes en diplomatie, nous c\u00e9l\u00e9brons leus parcours inspirants.","datePublished":"2024-06-24T18:37:34+00:00","dateModified":"2024-07-17T14:52:14+00:00","mainEntityOfPage":{"@id":"https:\/\/lemediafeministeafricain.com\/les-femmes-africaines-enrichissent-la-diplomatie-en-cette-journee-internationale-des-femmes-en-diplomatie-nous-celebrons-leus-parcours-inspirants\/"},"wordCount":543,"commentCount":1,"publisher":{"@id":"http:\/\/lemediafeministeafricain.com\/#organization"},"image":{"@id":"https:\/\/lemediafeministeafricain.com\/les-femmes-africaines-enrichissent-la-diplomatie-en-cette-journee-internationale-des-femmes-en-diplomatie-nous-celebrons-leus-parcours-inspirants\/#primaryimage"},"thumbnailUrl":"https:\/\/lemediafeministeafricain.com\/wp-content\/uploads\/2024\/06\/unnamed-1.webp","keywords":["Afrique","AminaMohammed","AutonomisationDesFemmes","Diplomatie","\u00c9galit\u00e9DesSexes","EllenJohnsonSirleaf","FemmesLeaders","Journ\u00e9eDesFemmesDansLaDiplomatie","NkosazanaDlaminiZuma","ONU","RelationsInternationales","SamiaSuluhuHassan","YassineFall"],"articleSection":["Politic"],"inLanguage":"en-US","potentialAction":[{"@type":"CommentAction","name":"Comment","target":["https:\/\/lemediafeministeafricain.com\/les-femmes-africaines-enrichissent-la-diplomatie-en-cette-journee-internationale-des-femmes-en-diplomatie-nous-celebrons-leus-parcours-inspirants\/#respond"]}]},{"@type":"WebPage","@id":"https:\/\/lemediafeministeafricain.com\/les-femmes-africaines-enrichissent-la-diplomatie-en-cette-journee-internationale-des-femmes-en-diplomatie-nous-celebrons-leus-parcours-inspirants\/","url":"https:\/\/lemediafeministeafricain.com\/les-femmes-africaines-enrichissent-la-diplomatie-en-cette-journee-internationale-des-femmes-en-diplomatie-nous-celebrons-leus-parcours-inspirants\/","name":"Les femmes africaines enrichissent la diplomatie. En cette journ\u00e9e internationale des femmes en diplomatie, nous c\u00e9l\u00e9brons leus parcours inspirants. - Le M&eacute;dia F&eacute;ministe Africain","isPartOf":{"@id":"http:\/\/lemediafeministeafricain.com\/#website"},"primaryImageOfPage":{"@id":"https:\/\/lemediafeministeafricain.com\/les-femmes-africaines-enrichissent-la-diplomatie-en-cette-journee-internationale-des-femmes-en-diplomatie-nous-celebrons-leus-parcours-inspirants\/#primaryimage"},"image":{"@id":"https:\/\/lemediafeministeafricain.com\/les-femmes-africaines-enrichissent-la-diplomatie-en-cette-journee-internationale-des-femmes-en-diplomatie-nous-celebrons-leus-parcours-inspirants\/#primaryimage"},"thumbnailUrl":"https:\/\/lemediafeministeafricain.com\/wp-content\/uploads\/2024\/06\/unnamed-1.webp","datePublished":"2024-06-24T18:37:34+00:00","dateModified":"2024-07-17T14:52:14+00:00","breadcrumb":{"@id":"https:\/\/lemediafeministeafricain.com\/les-femmes-africaines-enrichissent-la-diplomatie-en-cette-journee-internationale-des-femmes-en-diplomatie-nous-celebrons-leus-parcours-inspirants\/#breadcrumb"},"inLanguage":"en-US","potentialAction":[{"@type":"ReadAction","target":["https:\/\/lemediafeministeafricain.com\/les-femmes-africaines-enrichissent-la-diplomatie-en-cette-journee-internationale-des-femmes-en-diplomatie-nous-celebrons-leus-parcours-inspirants\/"]}]},{"@type":"ImageObject","inLanguage":"en-US","@id":"https:\/\/lemediafeministeafricain.com\/les-femmes-africaines-enrichissent-la-diplomatie-en-cette-journee-internationale-des-femmes-en-diplomatie-nous-celebrons-leus-parcours-inspirants\/#primaryimage","url":"https:\/\/lemediafeministeafricain.com\/wp-content\/uploads\/2024\/06\/unnamed-1.webp","contentUrl":"https:\/\/lemediafeministeafricain.com\/wp-content\/uploads\/2024\/06\/unnamed-1.webp","width":1080,"height":1080},{"@type":"BreadcrumbList","@id":"https:\/\/lemediafeministeafricain.com\/les-femmes-africaines-enrichissent-la-diplomatie-en-cette-journee-internationale-des-femmes-en-diplomatie-nous-celebrons-leus-parcours-inspirants\/#breadcrumb","itemListElement":[{"@type":"ListItem","position":1,"name":"Home","item":"http:\/\/lemediafeministeafricain.com\/"},{"@type":"ListItem","position":2,"name":"Les femmes africaines enrichissent la diplomatie. En cette journ\u00e9e internationale des femmes en diplomatie, nous c\u00e9l\u00e9brons leus parcours inspirants."}]},{"@type":"WebSite","@id":"http:\/\/lemediafeministeafricain.com\/#website","url":"http:\/\/lemediafeministeafricain.com\/","name":"The African Feminist Media","description":"Le M&eacute;dia F&eacute;ministe Africain","publisher":{"@id":"http:\/\/lemediafeministeafricain.com\/#organization"},"alternateName":"M\u00e9dia F\u00e9ministe Africain","potentialAction":[{"@type":"SearchAction","target":{"@type":"EntryPoint","urlTemplate":"http:\/\/lemediafeministeafricain.com\/?s={search_term_string}"},"query-input":{"@type":"PropertyValueSpecification","valueRequired":true,"valueName":"search_term_string"}}],"inLanguage":"en-US"},{"@type":"Organization","@id":"http:\/\/lemediafeministeafricain.com\/#organization","name":"The African Feminist Media","alternateName":"M\u00e9dia F\u00e9ministe Africain","url":"http:\/\/lemediafeministeafricain.com\/","logo":{"@type":"ImageObject","inLanguage":"en-US","@id":"http:\/\/lemediafeministeafricain.com\/#\/schema\/logo\/image\/","url":"http:\/\/lemediafeministeafricain.com\/wp-content\/uploads\/2024\/05\/LMF.webp","contentUrl":"http:\/\/lemediafeministeafricain.com\/wp-content\/uploads\/2024\/05\/LMF.webp","width":1880,"height":1576,"caption":"Le M\u00e9dia F\u00e9ministe Africain"},"image":{"@id":"http:\/\/lemediafeministeafricain.com\/#\/schema\/logo\/image\/"},"sameAs":["https:\/\/www.facebook.com\/profile.php?id=61557243280950","https:\/\/x.com\/mediafeministe"]},{"@type":"Person","@id":"http:\/\/lemediafeministeafricain.com\/#\/schema\/person\/ca21ec79a7e5334e04e9b567a065cfc0","name":"The African Feminist Media","image":{"@type":"ImageObject","inLanguage":"en-US","@id":"https:\/\/secure.gravatar.com\/avatar\/52145e251d4472eb6112580fcf10b7c72b85cc63c31fdf1d9b1eabf2a90935d9?s=96&d=mm&r=g","url":"https:\/\/secure.gravatar.com\/avatar\/52145e251d4472eb6112580fcf10b7c72b85cc63c31fdf1d9b1eabf2a90935d9?s=96&d=mm&r=g","contentUrl":"https:\/\/secure.gravatar.com\/avatar\/52145e251d4472eb6112580fcf10b7c72b85cc63c31fdf1d9b1eabf2a90935d9?s=96&d=mm&r=g","caption":"Le M\u00e9dia F\u00e9ministe Africain"},"sameAs":["https:\/\/lemediafeministeafricain.com\/"],"url":"https:\/\/lemediafeministeafricain.com\/en\/author\/lemediafeministeafricain\/"}]}},"_links":{"self":[{"href":"https:\/\/lemediafeministeafricain.com\/en\/wp-json\/wp\/v2\/posts\/95305","targetHints":{"allow":["GET"]}}],"collection":[{"href":"https:\/\/lemediafeministeafricain.com\/en\/wp-json\/wp\/v2\/posts"}],"about":[{"href":"https:\/\/lemediafeministeafricain.com\/en\/wp-json\/wp\/v2\/types\/post"}],"author":[{"embeddable":true,"href":"https:\/\/lemediafeministeafricain.com\/en\/wp-json\/wp\/v2\/users\/2"}],"replies":[{"embeddable":true,"href":"https:\/\/lemediafeministeafricain.com\/en\/wp-json\/wp\/v2\/comments?post=95305"}],"version-history":[{"count":8,"href":"https:\/\/lemediafeministeafricain.com\/en\/wp-json\/wp\/v2\/posts\/95305\/revisions"}],"predecessor-version":[{"id":95381,"href":"https:\/\/lemediafeministeafricain.com\/en\/wp-json\/wp\/v2\/posts\/95305\/revisions\/95381"}],"wp:featuredmedia":[{"embeddable":true,"href":"https:\/\/lemediafeministeafricain.com\/en\/wp-json\/wp\/v2\/media\/95375"}],"wp:attachment":[{"href":"https:\/\/lemediafeministeafricain.com\/en\/wp-json\/wp\/v2\/media?parent=95305"}],"wp:term":[{"taxonomy":"category","embeddable":true,"href":"https:\/\/lemediafeministeafricain.com\/en\/wp-json\/wp\/v2\/categories?post=95305"},{"taxonomy":"post_tag","embeddable":true,"href":"https:\/\/lemediafeministeafricain.com\/en\/wp-json\/wp\/v2\/tags?post=95305"}],"curies":[{"name":"wp","href":"https:\/\/api.w.org\/{rel}","templated":true}]}}