{"id":95345,"date":"2024-07-09T23:40:27","date_gmt":"2024-07-09T23:40:27","guid":{"rendered":"https:\/\/lemediafeministeafricain.com\/?p=95345"},"modified":"2024-07-27T09:18:10","modified_gmt":"2024-07-27T09:18:10","slug":"a-berlin-une-rue-renommee-en-hommage-a-la-poetesse-et-militante-feministe-audre-lorde","status":"publish","type":"post","link":"https:\/\/lemediafeministeafricain.com\/en\/a-berlin-une-rue-renommee-en-hommage-a-la-poetesse-et-militante-feministe-audre-lorde\/","title":{"rendered":"\u00c0 Berlin, une rue renomm\u00e9e en hommage \u00e0 la po\u00e9tesse et militante f\u00e9ministe Audre Lorde"},"content":{"rendered":"<p>Le 28 juin 2024, la ville de Berlin en Allemagne a inaugur\u00e9 la rue Audre Lorde (Audre-Lorde-Stra\u00dfe) pour rendre hommage \u00e0 la po\u00e9tesse, essayiste, militante f\u00e9ministe et figure embl\u00e9matique dont les contributions continuent d&#8217;influencer les g\u00e9n\u00e9rations actuelles.<\/p>\n\n\n\n<p>Audre Lorde (1934-1992) a d\u00e9di\u00e9 sa vie \u00e0 lutter contre l&#8217;oppression sous toutes ses formes. En tant que &#8220;po\u00e9tesse guerri\u00e8re&#8221;, elle a utilis\u00e9 ses mots pour d\u00e9fendre les droits des femmes, et des communaut\u00e9s LGBTQ+. Sa c\u00e9l\u00e8bre d\u00e9claration, &#8220;Je ne suis pas libre tant qu&#8217;une seule femme est asservie, m\u00eame si ses cha\u00eenes sont tr\u00e8s diff\u00e9rentes des miennes,&#8221; incarne son engagement ind\u00e9fectible pour l&#8217;\u00e9galit\u00e9 et la justice sociale.<\/p>\n\n\n\n<p>Audre Lorde a entretenu une relation profonde avec la capitale allemande, o\u00f9 elle a pass\u00e9 beaucoup de temps dans ses derni\u00e8res ann\u00e9es de vie. Elle y a enseign\u00e9, \u00e9crit, et inspir\u00e9 un vaste mouvement de f\u00e9ministes noires en Allemagne, contribuant \u00e0 la cr\u00e9ation d&#8217;organisations influentes comme ADEFRA (Afro-Deutsche Frauen).<\/p>\n\n\n\n<h2 class=\"wp-block-heading\"><strong>Une inspiration pour les nouvelles g\u00e9n\u00e9rations<\/strong><\/h2>\n\n\n\n<p>Renommer une rue en l\u2019honneur de Audre Lorde n&#8217;est pas seulement un hommage posthume; c&#8217;est \u00e9galement une source d&#8217;inspiration pour les g\u00e9n\u00e9rations futures. Les r\u00e9sidents et les visiteurs de Berlin pourront se rappeler de l\u2019h\u00e9ritage de Lorde, une invitation \u00e0 poursuivre la lutte pour l&#8217;\u00e9galit\u00e9 et la diversit\u00e9.<\/p>","protected":false},"excerpt":{"rendered":"<p>Le 28 juin 2024, la ville de Berlin en Allemagne a inaugur\u00e9 la rue Audre Lorde (Audre-Lorde-Stra\u00dfe) pour rendre hommage \u00e0 la po\u00e9tesse, essayiste, militante f\u00e9ministe et figure embl\u00e9matique dont les contributions continuent d&#8217;influencer les g\u00e9n\u00e9rations actuelles. Audre Lorde (1934-1992) a d\u00e9di\u00e9 sa vie \u00e0 lutter contre l&#8217;oppression sous toutes ses formes. En tant que &#8220;po\u00e9tesse guerri\u00e8re&#8221;, elle a utilis\u00e9 ses mots pour d\u00e9fendre les droits des femmes, et des communaut\u00e9s LGBTQ+. Sa c\u00e9l\u00e8bre d\u00e9claration, &#8220;Je ne suis pas libre tant qu&#8217;une seule femme est asservie, m\u00eame si ses cha\u00eenes sont tr\u00e8s diff\u00e9rentes des miennes,&#8221; incarne son engagement ind\u00e9fectible pour [&hellip;]<\/p>\n","protected":false},"author":2,"featured_media":95357,"comment_status":"open","ping_status":"open","sticky":false,"template":"","format":"standard","meta":{"footnotes":""},"categories":[69],"tags":[],"class_list":["post-95345","post","type-post","status-publish","format-standard","has-post-thumbnail","hentry","category-society"],"yoast_head":"<!-- This site is optimized with the Yoast SEO plugin v27.4 - https:\/\/yoast.com\/product\/yoast-seo-wordpress\/ -->\n<title>\u00c0 Berlin, une rue renomm\u00e9e en hommage \u00e0 la po\u00e9tesse et militante f\u00e9ministe Audre Lorde - Le M&eacute;dia F&eacute;ministe Africain<\/title>\n<meta name=\"robots\" content=\"index, follow, max-snippet:-1, max-image-preview:large, max-video-preview:-1\" \/>\n<link rel=\"canonical\" href=\"https:\/\/lemediafeministeafricain.com\/en\/a-berlin-une-rue-renommee-en-hommage-a-la-poetesse-et-militante-feministe-audre-lorde\/\" \/>\n<meta property=\"og:locale\" content=\"en_US\" \/>\n<meta property=\"og:type\" content=\"article\" \/>\n<meta property=\"og:title\" content=\"\u00c0 Berlin, une rue renomm\u00e9e en hommage \u00e0 la po\u00e9tesse et militante f\u00e9ministe Audre Lorde - Le M&eacute;dia F&eacute;ministe Africain\" \/>\n<meta property=\"og:description\" content=\"Le 28 juin 2024, la ville de Berlin en Allemagne a inaugur\u00e9 la rue Audre Lorde (Audre-Lorde-Stra\u00dfe) pour rendre hommage \u00e0 la po\u00e9tesse, essayiste, militante f\u00e9ministe et figure embl\u00e9matique dont les contributions continuent d&#8217;influencer les g\u00e9n\u00e9rations actuelles. Audre Lorde (1934-1992) a d\u00e9di\u00e9 sa vie \u00e0 lutter contre l&#8217;oppression sous toutes ses formes. En tant que &#8220;po\u00e9tesse guerri\u00e8re&#8221;, elle a utilis\u00e9 ses mots pour d\u00e9fendre les droits des femmes, et des communaut\u00e9s LGBTQ+. Sa c\u00e9l\u00e8bre d\u00e9claration, &#8220;Je ne suis pas libre tant qu&#8217;une seule femme est asservie, m\u00eame si ses cha\u00eenes sont tr\u00e8s diff\u00e9rentes des miennes,&#8221; incarne son engagement ind\u00e9fectible pour [&hellip;]\" \/>\n<meta property=\"og:url\" content=\"https:\/\/lemediafeministeafricain.com\/en\/a-berlin-une-rue-renommee-en-hommage-a-la-poetesse-et-militante-feministe-audre-lorde\/\" \/>\n<meta property=\"og:site_name\" content=\"Le M&eacute;dia F&eacute;ministe Africain\" \/>\n<meta property=\"article:publisher\" content=\"https:\/\/www.facebook.com\/profile.php?id=61557243280950\" \/>\n<meta property=\"article:published_time\" content=\"2024-07-09T23:40:27+00:00\" \/>\n<meta property=\"article:modified_time\" content=\"2024-07-27T09:18:10+00:00\" \/>\n<meta property=\"og:image\" content=\"https:\/\/lemediafeministeafricain.com\/wp-content\/uploads\/2024\/07\/unnamed.jpg\" \/>\n\t<meta property=\"og:image:width\" content=\"1091\" \/>\n\t<meta property=\"og:image:height\" content=\"682\" \/>\n\t<meta property=\"og:image:type\" content=\"image\/jpeg\" \/>\n<meta name=\"author\" content=\"Le M\u00e9dia F\u00e9ministe Africain\" \/>\n<meta name=\"twitter:card\" content=\"summary_large_image\" \/>\n<meta name=\"twitter:creator\" content=\"@mediafeministe\" \/>\n<meta name=\"twitter:site\" content=\"@mediafeministe\" \/>\n<meta name=\"twitter:label1\" content=\"Written by\" \/>\n\t<meta name=\"twitter:data1\" content=\"Le M\u00e9dia F\u00e9ministe Africain\" \/>\n\t<meta name=\"twitter:label2\" content=\"Est. reading time\" \/>\n\t<meta name=\"twitter:data2\" content=\"2 minutes\" \/>\n<script type=\"application\/ld+json\" class=\"yoast-schema-graph\">{\"@context\":\"https:\\\/\\\/schema.org\",\"@graph\":[{\"@type\":\"Article\",\"@id\":\"https:\\\/\\\/lemediafeministeafricain.com\\\/a-berlin-une-rue-renommee-en-hommage-a-la-poetesse-et-militante-feministe-audre-lorde\\\/#article\",\"isPartOf\":{\"@id\":\"https:\\\/\\\/lemediafeministeafricain.com\\\/a-berlin-une-rue-renommee-en-hommage-a-la-poetesse-et-militante-feministe-audre-lorde\\\/\"},\"author\":{\"name\":\"Le M\u00e9dia F\u00e9ministe Africain\",\"@id\":\"http:\\\/\\\/lemediafeministeafricain.com\\\/#\\\/schema\\\/person\\\/ca21ec79a7e5334e04e9b567a065cfc0\"},\"headline\":\"\u00c0 Berlin, une rue renomm\u00e9e en hommage \u00e0 la po\u00e9tesse et militante f\u00e9ministe Audre Lorde\",\"datePublished\":\"2024-07-09T23:40:27+00:00\",\"dateModified\":\"2024-07-27T09:18:10+00:00\",\"mainEntityOfPage\":{\"@id\":\"https:\\\/\\\/lemediafeministeafricain.com\\\/a-berlin-une-rue-renommee-en-hommage-a-la-poetesse-et-militante-feministe-audre-lorde\\\/\"},\"wordCount\":258,\"commentCount\":0,\"publisher\":{\"@id\":\"http:\\\/\\\/lemediafeministeafricain.com\\\/#organization\"},\"image\":{\"@id\":\"https:\\\/\\\/lemediafeministeafricain.com\\\/a-berlin-une-rue-renommee-en-hommage-a-la-poetesse-et-militante-feministe-audre-lorde\\\/#primaryimage\"},\"thumbnailUrl\":\"https:\\\/\\\/lemediafeministeafricain.com\\\/wp-content\\\/uploads\\\/2024\\\/07\\\/unnamed.jpg\",\"articleSection\":[\"Society\"],\"inLanguage\":\"en-US\",\"potentialAction\":[{\"@type\":\"CommentAction\",\"name\":\"Comment\",\"target\":[\"https:\\\/\\\/lemediafeministeafricain.com\\\/a-berlin-une-rue-renommee-en-hommage-a-la-poetesse-et-militante-feministe-audre-lorde\\\/#respond\"]}]},{\"@type\":\"WebPage\",\"@id\":\"https:\\\/\\\/lemediafeministeafricain.com\\\/a-berlin-une-rue-renommee-en-hommage-a-la-poetesse-et-militante-feministe-audre-lorde\\\/\",\"url\":\"https:\\\/\\\/lemediafeministeafricain.com\\\/a-berlin-une-rue-renommee-en-hommage-a-la-poetesse-et-militante-feministe-audre-lorde\\\/\",\"name\":\"\u00c0 Berlin, une rue renomm\u00e9e en hommage \u00e0 la po\u00e9tesse et militante f\u00e9ministe Audre Lorde - Le M&eacute;dia F&eacute;ministe Africain\",\"isPartOf\":{\"@id\":\"http:\\\/\\\/lemediafeministeafricain.com\\\/#website\"},\"primaryImageOfPage\":{\"@id\":\"https:\\\/\\\/lemediafeministeafricain.com\\\/a-berlin-une-rue-renommee-en-hommage-a-la-poetesse-et-militante-feministe-audre-lorde\\\/#primaryimage\"},\"image\":{\"@id\":\"https:\\\/\\\/lemediafeministeafricain.com\\\/a-berlin-une-rue-renommee-en-hommage-a-la-poetesse-et-militante-feministe-audre-lorde\\\/#primaryimage\"},\"thumbnailUrl\":\"https:\\\/\\\/lemediafeministeafricain.com\\\/wp-content\\\/uploads\\\/2024\\\/07\\\/unnamed.jpg\",\"datePublished\":\"2024-07-09T23:40:27+00:00\",\"dateModified\":\"2024-07-27T09:18:10+00:00\",\"breadcrumb\":{\"@id\":\"https:\\\/\\\/lemediafeministeafricain.com\\\/a-berlin-une-rue-renommee-en-hommage-a-la-poetesse-et-militante-feministe-audre-lorde\\\/#breadcrumb\"},\"inLanguage\":\"en-US\",\"potentialAction\":[{\"@type\":\"ReadAction\",\"target\":[\"https:\\\/\\\/lemediafeministeafricain.com\\\/a-berlin-une-rue-renommee-en-hommage-a-la-poetesse-et-militante-feministe-audre-lorde\\\/\"]}]},{\"@type\":\"ImageObject\",\"inLanguage\":\"en-US\",\"@id\":\"https:\\\/\\\/lemediafeministeafricain.com\\\/a-berlin-une-rue-renommee-en-hommage-a-la-poetesse-et-militante-feministe-audre-lorde\\\/#primaryimage\",\"url\":\"https:\\\/\\\/lemediafeministeafricain.com\\\/wp-content\\\/uploads\\\/2024\\\/07\\\/unnamed.jpg\",\"contentUrl\":\"https:\\\/\\\/lemediafeministeafricain.com\\\/wp-content\\\/uploads\\\/2024\\\/07\\\/unnamed.jpg\",\"width\":1091,\"height\":682},{\"@type\":\"BreadcrumbList\",\"@id\":\"https:\\\/\\\/lemediafeministeafricain.com\\\/a-berlin-une-rue-renommee-en-hommage-a-la-poetesse-et-militante-feministe-audre-lorde\\\/#breadcrumb\",\"itemListElement\":[{\"@type\":\"ListItem\",\"position\":1,\"name\":\"Home\",\"item\":\"http:\\\/\\\/lemediafeministeafricain.com\\\/\"},{\"@type\":\"ListItem\",\"position\":2,\"name\":\"\u00c0 Berlin, une rue renomm\u00e9e en hommage \u00e0 la po\u00e9tesse et militante f\u00e9ministe Audre Lorde\"}]},{\"@type\":\"WebSite\",\"@id\":\"http:\\\/\\\/lemediafeministeafricain.com\\\/#website\",\"url\":\"http:\\\/\\\/lemediafeministeafricain.com\\\/\",\"name\":\"Le M\u00e9dia F\u00e9ministe Africain\",\"description\":\"Le M&eacute;dia F&eacute;ministe Africain\",\"publisher\":{\"@id\":\"http:\\\/\\\/lemediafeministeafricain.com\\\/#organization\"},\"alternateName\":\"M\u00e9dia F\u00e9ministe Africain\",\"potentialAction\":[{\"@type\":\"SearchAction\",\"target\":{\"@type\":\"EntryPoint\",\"urlTemplate\":\"http:\\\/\\\/lemediafeministeafricain.com\\\/?s={search_term_string}\"},\"query-input\":{\"@type\":\"PropertyValueSpecification\",\"valueRequired\":true,\"valueName\":\"search_term_string\"}}],\"inLanguage\":\"en-US\"},{\"@type\":\"Organization\",\"@id\":\"http:\\\/\\\/lemediafeministeafricain.com\\\/#organization\",\"name\":\"Le M\u00e9dia F\u00e9ministe Africain\",\"alternateName\":\"M\u00e9dia F\u00e9ministe Africain\",\"url\":\"http:\\\/\\\/lemediafeministeafricain.com\\\/\",\"logo\":{\"@type\":\"ImageObject\",\"inLanguage\":\"en-US\",\"@id\":\"http:\\\/\\\/lemediafeministeafricain.com\\\/#\\\/schema\\\/logo\\\/image\\\/\",\"url\":\"http:\\\/\\\/lemediafeministeafricain.com\\\/wp-content\\\/uploads\\\/2024\\\/05\\\/LMF.webp\",\"contentUrl\":\"http:\\\/\\\/lemediafeministeafricain.com\\\/wp-content\\\/uploads\\\/2024\\\/05\\\/LMF.webp\",\"width\":1880,\"height\":1576,\"caption\":\"Le M\u00e9dia F\u00e9ministe Africain\"},\"image\":{\"@id\":\"http:\\\/\\\/lemediafeministeafricain.com\\\/#\\\/schema\\\/logo\\\/image\\\/\"},\"sameAs\":[\"https:\\\/\\\/www.facebook.com\\\/profile.php?id=61557243280950\",\"https:\\\/\\\/x.com\\\/mediafeministe\"]},{\"@type\":\"Person\",\"@id\":\"http:\\\/\\\/lemediafeministeafricain.com\\\/#\\\/schema\\\/person\\\/ca21ec79a7e5334e04e9b567a065cfc0\",\"name\":\"Le M\u00e9dia F\u00e9ministe Africain\",\"image\":{\"@type\":\"ImageObject\",\"inLanguage\":\"en-US\",\"@id\":\"https:\\\/\\\/secure.gravatar.com\\\/avatar\\\/52145e251d4472eb6112580fcf10b7c72b85cc63c31fdf1d9b1eabf2a90935d9?s=96&d=mm&r=g\",\"url\":\"https:\\\/\\\/secure.gravatar.com\\\/avatar\\\/52145e251d4472eb6112580fcf10b7c72b85cc63c31fdf1d9b1eabf2a90935d9?s=96&d=mm&r=g\",\"contentUrl\":\"https:\\\/\\\/secure.gravatar.com\\\/avatar\\\/52145e251d4472eb6112580fcf10b7c72b85cc63c31fdf1d9b1eabf2a90935d9?s=96&d=mm&r=g\",\"caption\":\"Le M\u00e9dia F\u00e9ministe Africain\"},\"sameAs\":[\"https:\\\/\\\/lemediafeministeafricain.com\\\/\"],\"url\":\"https:\\\/\\\/lemediafeministeafricain.com\\\/en\\\/author\\\/lemediafeministeafricain\\\/\"}]}<\/script>\n<!-- \/ Yoast SEO plugin. -->","yoast_head_json":{"title":"\u00c0 Berlin, une rue renomm\u00e9e en hommage \u00e0 la po\u00e9tesse et militante f\u00e9ministe Audre Lorde - Le M&eacute;dia F&eacute;ministe Africain","robots":{"index":"index","follow":"follow","max-snippet":"max-snippet:-1","max-image-preview":"max-image-preview:large","max-video-preview":"max-video-preview:-1"},"canonical":"https:\/\/lemediafeministeafricain.com\/en\/a-berlin-une-rue-renommee-en-hommage-a-la-poetesse-et-militante-feministe-audre-lorde\/","og_locale":"en_US","og_type":"article","og_title":"\u00c0 Berlin, une rue renomm\u00e9e en hommage \u00e0 la po\u00e9tesse et militante f\u00e9ministe Audre Lorde - Le M&eacute;dia F&eacute;ministe Africain","og_description":"Le 28 juin 2024, la ville de Berlin en Allemagne a inaugur\u00e9 la rue Audre Lorde (Audre-Lorde-Stra\u00dfe) pour rendre hommage \u00e0 la po\u00e9tesse, essayiste, militante f\u00e9ministe et figure embl\u00e9matique dont les contributions continuent d&#8217;influencer les g\u00e9n\u00e9rations actuelles. Audre Lorde (1934-1992) a d\u00e9di\u00e9 sa vie \u00e0 lutter contre l&#8217;oppression sous toutes ses formes. En tant que &#8220;po\u00e9tesse guerri\u00e8re&#8221;, elle a utilis\u00e9 ses mots pour d\u00e9fendre les droits des femmes, et des communaut\u00e9s LGBTQ+. Sa c\u00e9l\u00e8bre d\u00e9claration, &#8220;Je ne suis pas libre tant qu&#8217;une seule femme est asservie, m\u00eame si ses cha\u00eenes sont tr\u00e8s diff\u00e9rentes des miennes,&#8221; incarne son engagement ind\u00e9fectible pour [&hellip;]","og_url":"https:\/\/lemediafeministeafricain.com\/en\/a-berlin-une-rue-renommee-en-hommage-a-la-poetesse-et-militante-feministe-audre-lorde\/","og_site_name":"Le M&eacute;dia F&eacute;ministe Africain","article_publisher":"https:\/\/www.facebook.com\/profile.php?id=61557243280950","article_published_time":"2024-07-09T23:40:27+00:00","article_modified_time":"2024-07-27T09:18:10+00:00","og_image":[{"width":1091,"height":682,"url":"https:\/\/lemediafeministeafricain.com\/wp-content\/uploads\/2024\/07\/unnamed.jpg","type":"image\/jpeg"}],"author":"Le M\u00e9dia F\u00e9ministe Africain","twitter_card":"summary_large_image","twitter_creator":"@mediafeministe","twitter_site":"@mediafeministe","twitter_misc":{"Written by":"Le M\u00e9dia F\u00e9ministe Africain","Est. reading time":"2 minutes"},"schema":{"@context":"https:\/\/schema.org","@graph":[{"@type":"Article","@id":"https:\/\/lemediafeministeafricain.com\/a-berlin-une-rue-renommee-en-hommage-a-la-poetesse-et-militante-feministe-audre-lorde\/#article","isPartOf":{"@id":"https:\/\/lemediafeministeafricain.com\/a-berlin-une-rue-renommee-en-hommage-a-la-poetesse-et-militante-feministe-audre-lorde\/"},"author":{"name":"Le M\u00e9dia F\u00e9ministe Africain","@id":"http:\/\/lemediafeministeafricain.com\/#\/schema\/person\/ca21ec79a7e5334e04e9b567a065cfc0"},"headline":"\u00c0 Berlin, une rue renomm\u00e9e en hommage \u00e0 la po\u00e9tesse et militante f\u00e9ministe Audre Lorde","datePublished":"2024-07-09T23:40:27+00:00","dateModified":"2024-07-27T09:18:10+00:00","mainEntityOfPage":{"@id":"https:\/\/lemediafeministeafricain.com\/a-berlin-une-rue-renommee-en-hommage-a-la-poetesse-et-militante-feministe-audre-lorde\/"},"wordCount":258,"commentCount":0,"publisher":{"@id":"http:\/\/lemediafeministeafricain.com\/#organization"},"image":{"@id":"https:\/\/lemediafeministeafricain.com\/a-berlin-une-rue-renommee-en-hommage-a-la-poetesse-et-militante-feministe-audre-lorde\/#primaryimage"},"thumbnailUrl":"https:\/\/lemediafeministeafricain.com\/wp-content\/uploads\/2024\/07\/unnamed.jpg","articleSection":["Society"],"inLanguage":"en-US","potentialAction":[{"@type":"CommentAction","name":"Comment","target":["https:\/\/lemediafeministeafricain.com\/a-berlin-une-rue-renommee-en-hommage-a-la-poetesse-et-militante-feministe-audre-lorde\/#respond"]}]},{"@type":"WebPage","@id":"https:\/\/lemediafeministeafricain.com\/a-berlin-une-rue-renommee-en-hommage-a-la-poetesse-et-militante-feministe-audre-lorde\/","url":"https:\/\/lemediafeministeafricain.com\/a-berlin-une-rue-renommee-en-hommage-a-la-poetesse-et-militante-feministe-audre-lorde\/","name":"\u00c0 Berlin, une rue renomm\u00e9e en hommage \u00e0 la po\u00e9tesse et militante f\u00e9ministe Audre Lorde - Le M&eacute;dia F&eacute;ministe Africain","isPartOf":{"@id":"http:\/\/lemediafeministeafricain.com\/#website"},"primaryImageOfPage":{"@id":"https:\/\/lemediafeministeafricain.com\/a-berlin-une-rue-renommee-en-hommage-a-la-poetesse-et-militante-feministe-audre-lorde\/#primaryimage"},"image":{"@id":"https:\/\/lemediafeministeafricain.com\/a-berlin-une-rue-renommee-en-hommage-a-la-poetesse-et-militante-feministe-audre-lorde\/#primaryimage"},"thumbnailUrl":"https:\/\/lemediafeministeafricain.com\/wp-content\/uploads\/2024\/07\/unnamed.jpg","datePublished":"2024-07-09T23:40:27+00:00","dateModified":"2024-07-27T09:18:10+00:00","breadcrumb":{"@id":"https:\/\/lemediafeministeafricain.com\/a-berlin-une-rue-renommee-en-hommage-a-la-poetesse-et-militante-feministe-audre-lorde\/#breadcrumb"},"inLanguage":"en-US","potentialAction":[{"@type":"ReadAction","target":["https:\/\/lemediafeministeafricain.com\/a-berlin-une-rue-renommee-en-hommage-a-la-poetesse-et-militante-feministe-audre-lorde\/"]}]},{"@type":"ImageObject","inLanguage":"en-US","@id":"https:\/\/lemediafeministeafricain.com\/a-berlin-une-rue-renommee-en-hommage-a-la-poetesse-et-militante-feministe-audre-lorde\/#primaryimage","url":"https:\/\/lemediafeministeafricain.com\/wp-content\/uploads\/2024\/07\/unnamed.jpg","contentUrl":"https:\/\/lemediafeministeafricain.com\/wp-content\/uploads\/2024\/07\/unnamed.jpg","width":1091,"height":682},{"@type":"BreadcrumbList","@id":"https:\/\/lemediafeministeafricain.com\/a-berlin-une-rue-renommee-en-hommage-a-la-poetesse-et-militante-feministe-audre-lorde\/#breadcrumb","itemListElement":[{"@type":"ListItem","position":1,"name":"Home","item":"http:\/\/lemediafeministeafricain.com\/"},{"@type":"ListItem","position":2,"name":"\u00c0 Berlin, une rue renomm\u00e9e en hommage \u00e0 la po\u00e9tesse et militante f\u00e9ministe Audre Lorde"}]},{"@type":"WebSite","@id":"http:\/\/lemediafeministeafricain.com\/#website","url":"http:\/\/lemediafeministeafricain.com\/","name":"The African Feminist Media","description":"Le M&eacute;dia F&eacute;ministe Africain","publisher":{"@id":"http:\/\/lemediafeministeafricain.com\/#organization"},"alternateName":"M\u00e9dia F\u00e9ministe Africain","potentialAction":[{"@type":"SearchAction","target":{"@type":"EntryPoint","urlTemplate":"http:\/\/lemediafeministeafricain.com\/?s={search_term_string}"},"query-input":{"@type":"PropertyValueSpecification","valueRequired":true,"valueName":"search_term_string"}}],"inLanguage":"en-US"},{"@type":"Organization","@id":"http:\/\/lemediafeministeafricain.com\/#organization","name":"The African Feminist Media","alternateName":"M\u00e9dia F\u00e9ministe Africain","url":"http:\/\/lemediafeministeafricain.com\/","logo":{"@type":"ImageObject","inLanguage":"en-US","@id":"http:\/\/lemediafeministeafricain.com\/#\/schema\/logo\/image\/","url":"http:\/\/lemediafeministeafricain.com\/wp-content\/uploads\/2024\/05\/LMF.webp","contentUrl":"http:\/\/lemediafeministeafricain.com\/wp-content\/uploads\/2024\/05\/LMF.webp","width":1880,"height":1576,"caption":"Le M\u00e9dia F\u00e9ministe Africain"},"image":{"@id":"http:\/\/lemediafeministeafricain.com\/#\/schema\/logo\/image\/"},"sameAs":["https:\/\/www.facebook.com\/profile.php?id=61557243280950","https:\/\/x.com\/mediafeministe"]},{"@type":"Person","@id":"http:\/\/lemediafeministeafricain.com\/#\/schema\/person\/ca21ec79a7e5334e04e9b567a065cfc0","name":"The African Feminist Media","image":{"@type":"ImageObject","inLanguage":"en-US","@id":"https:\/\/secure.gravatar.com\/avatar\/52145e251d4472eb6112580fcf10b7c72b85cc63c31fdf1d9b1eabf2a90935d9?s=96&d=mm&r=g","url":"https:\/\/secure.gravatar.com\/avatar\/52145e251d4472eb6112580fcf10b7c72b85cc63c31fdf1d9b1eabf2a90935d9?s=96&d=mm&r=g","contentUrl":"https:\/\/secure.gravatar.com\/avatar\/52145e251d4472eb6112580fcf10b7c72b85cc63c31fdf1d9b1eabf2a90935d9?s=96&d=mm&r=g","caption":"Le M\u00e9dia F\u00e9ministe Africain"},"sameAs":["https:\/\/lemediafeministeafricain.com\/"],"url":"https:\/\/lemediafeministeafricain.com\/en\/author\/lemediafeministeafricain\/"}]}},"_links":{"self":[{"href":"https:\/\/lemediafeministeafricain.com\/en\/wp-json\/wp\/v2\/posts\/95345","targetHints":{"allow":["GET"]}}],"collection":[{"href":"https:\/\/lemediafeministeafricain.com\/en\/wp-json\/wp\/v2\/posts"}],"about":[{"href":"https:\/\/lemediafeministeafricain.com\/en\/wp-json\/wp\/v2\/types\/post"}],"author":[{"embeddable":true,"href":"https:\/\/lemediafeministeafricain.com\/en\/wp-json\/wp\/v2\/users\/2"}],"replies":[{"embeddable":true,"href":"https:\/\/lemediafeministeafricain.com\/en\/wp-json\/wp\/v2\/comments?post=95345"}],"version-history":[{"count":3,"href":"https:\/\/lemediafeministeafricain.com\/en\/wp-json\/wp\/v2\/posts\/95345\/revisions"}],"predecessor-version":[{"id":95414,"href":"https:\/\/lemediafeministeafricain.com\/en\/wp-json\/wp\/v2\/posts\/95345\/revisions\/95414"}],"wp:featuredmedia":[{"embeddable":true,"href":"https:\/\/lemediafeministeafricain.com\/en\/wp-json\/wp\/v2\/media\/95357"}],"wp:attachment":[{"href":"https:\/\/lemediafeministeafricain.com\/en\/wp-json\/wp\/v2\/media?parent=95345"}],"wp:term":[{"taxonomy":"category","embeddable":true,"href":"https:\/\/lemediafeministeafricain.com\/en\/wp-json\/wp\/v2\/categories?post=95345"},{"taxonomy":"post_tag","embeddable":true,"href":"https:\/\/lemediafeministeafricain.com\/en\/wp-json\/wp\/v2\/tags?post=95345"}],"curies":[{"name":"wp","href":"https:\/\/api.w.org\/{rel}","templated":true}]}}