{"id":95426,"date":"2024-08-06T13:17:46","date_gmt":"2024-08-06T13:17:46","guid":{"rendered":"https:\/\/lemediafeministeafricain.com\/?p=95426"},"modified":"2024-08-16T18:29:26","modified_gmt":"2024-08-16T18:29:26","slug":"la-deuxieme-edition-de-luniversite-feministe-dafrique-de-louest-et-du-centre-un-succes-inspirant","status":"publish","type":"post","link":"https:\/\/lemediafeministeafricain.com\/en\/la-deuxieme-edition-de-luniversite-feministe-dafrique-de-louest-et-du-centre-un-succes-inspirant\/","title":{"rendered":"La deuxi\u00e8me \u00e9dition de l\u2019Universit\u00e9 F\u00e9ministe d\u2019Afrique de l\u2019Ouest et du Centre : Un succ\u00e8s inspirant!"},"content":{"rendered":"<p><img loading=\"lazy\" decoding=\"async\" src=\"https:\/\/lh7-rt.googleusercontent.com\/docsz\/AD_4nXfb7RDgMzUAI5z-HvszpWWudP7HJ7IWV_6BSvA9nVZKDAGyb5Siz469D47ABZomFfNtSeUvk9BH-e-7U94Mt6WjhQsAP7wDFvM-dSOlIC4comxpGBEPkU4LNkwADLmKt2UCsG3cMPdKj1qozQyYMcFqjvKn?key=_-xtU1bmQVKbq7UpUF5IKg\" width=\"602\" height=\"401\"><\/p>\n\n\n\n<p>Co-organis\u00e9 par JGen S\u00e9n\u00e9gal et le Collectif des f\u00e9ministes du S\u00e9n\u00e9gal, la deuxi\u00e8me \u00e9dition de l\u2019Universit\u00e9 F\u00e9ministe d\u2019Afrique de l\u2019Ouest et du Centre a eu lieu la semaine derni\u00e8re \u00e0 Saly, au S\u00e9n\u00e9gal, et a marqu\u00e9 un moment important pour les mouvements f\u00e9ministes du continent.<\/p>\n\n\n\n<h2 class=\"wp-block-heading\"><strong>Une convergence de savoirs et de pratiques f\u00e9ministes<\/strong><\/h2>\n\n\n\n<p>Cette ann\u00e9e, l\u2019Universit\u00e9 d\u2019\u00c9t\u00e9 F\u00e9ministe (UEF) a \u00e9t\u00e9 une v\u00e9ritable c\u00e9l\u00e9bration des connaissances et des pratiques f\u00e9ministes, r\u00e9unissant des militantes, des universitaires, des activistes et des artistes pour \u00e9changer, apprendre et collaborer ensemble. Pendant 3 jours, plus de 150 f\u00e9ministes et repr\u00e9sentantes d\u2019Organisations venues des diff\u00e9rents pays d\u2019Afrique de l\u2019Ouest et du Centre, et m\u00eame d&#8217;Ha\u00efti, et de la diaspora ont partag\u00e9 leurs connaissances autour du th\u00e8me : &#8220;Capitaliser nos connaissances et pratiques f\u00e9ministes et croiser nos dynamiques d&#8217;actions collectives et intersectionnelles&#8221;.<\/p>\n\n\n\n<p>Ce th\u00e8me ambitieux et crucial a permis de souligner la n\u00e9cessit\u00e9 de reconna\u00eetre et d\u2019aborder les diff\u00e9rentes oppressions que subissent les femmes en fonction de leur race, de leur classe sociale, de leur orientation sexuelle, et d\u2019autres facteurs. Une approche intersectionnelle permettant de d\u00e9velopper des strat\u00e9gies plus inclusives et efficaces pour lutter contre les in\u00e9galit\u00e9s.\u00a0<\/p>\n\n\n\n<h2 class=\"wp-block-heading\"><strong>Une approche intersectionnelle et collective<\/strong><\/h2>\n\n\n\n<p><strong><img loading=\"lazy\" decoding=\"async\" src=\"https:\/\/lh7-rt.googleusercontent.com\/docsz\/AD_4nXdSy_QNWIDV7tMENX1GqJNc5RwYJWSuU4F7a8tegQuPA9TC8ZlwTLQVLP5hQkTrByTzLr13bL60Oary13UVR2jYmF0oVTQuniXgy8vHlbJOayZBAH1-BsLfELdGkb-97T5BGRzSvkZtZimi_Kd0YYv1iVJY?key=_-xtU1bmQVKbq7UpUF5IKg\" width=\"255\" height=\"320\"><\/strong><strong>&nbsp;<\/strong><strong><img loading=\"lazy\" decoding=\"async\" src=\"https:\/\/lh7-rt.googleusercontent.com\/docsz\/AD_4nXdB_Kr6_dISL8LkID3JKs-APX4oE_U13ZF3mu4LsvFv4eze7LagJ3YPvlLTwimmLuYsC5KVxT1zI_7cVfYucDiolzkS5lCXraKqk5jOMuJBegz218i6aOEojyjV0MSLrF5PKrQGdkcdLJVdg15TB_JTHJXi?key=_-xtU1bmQVKbq7UpUF5IKg\" width=\"258\" height=\"322\"><\/strong><\/p>\n\n\n\n<p>L&#8217;\u00e9v\u00e9nement a particuli\u00e8rement mis l\u2019accent sur l\u2019importance de l\u2019intersectionnalit\u00e9 et de l\u2019action collective interg\u00e9n\u00e9rationnelle. En capitalisant sur les connaissances et pratiques existantes et en croisant les dynamiques d\u2019actions collectives et intersectionnelles, cet \u00e9v\u00e9nement a trac\u00e9 la voie vers un avenir plus \u00e9quitable et inclusif pour toutes les femmes africaines. Les discussions et les ateliers pratiques ont couverts une gamme de sujets, allant des droits reproductifs et de la sant\u00e9 des femmes \u00e0 la lutte contre la violence bas\u00e9e sur le genre, en passant par l\u2019autonomisation \u00e9conomique des organisations f\u00e9ministes, l\u2019\u00e9cof\u00e9minisme, la sexualit\u00e9, les droits des femmes LBQ et bien plus.<\/p>\n\n\n\n<h2 class=\"wp-block-heading\"><strong>Des moments forts et riches en \u00e9motions<\/strong><\/h2>\n\n\n\n<p>Parmi les moments marquants, on compte le colloque d\u2019ouverture avec les interventions de leaders inspirantes telles que Mme Constance Yai, Mme Awa Fall Diop, Mme Eliane Mokodopo et Mme Pascale Solages, les ateliers interactifs qui ont permis un partage de connaissances pratiques, et les performances artistiques qui ont ajout\u00e9 une dimension cr\u00e9ative et \u00e9motive \u00e0 la rencontre. Les participantes ont \u00e9galement eu l\u2019opportunit\u00e9 de nouer des liens, de cr\u00e9er des r\u00e9seaux et de planifier des actions collectives futures.<\/p>\n\n\n\n<p><strong><img loading=\"lazy\" decoding=\"async\" src=\"https:\/\/lh7-rt.googleusercontent.com\/docsz\/AD_4nXc1TxDhHyrE5PkuteXMDqTJ1LWnp5-SClHOXPeTm2Y4maVbjRZcDGImZCyZ8dgPdqxVjzMAMj9dsNMi6ClLczybEKkeBLspUB4VygC_YqLvHa6fw7zX3TGyFsDZChs3fxxiHB9N-w4C7NUzP0QuN4J-b9ik?key=_-xtU1bmQVKbq7UpUF5IKg\" width=\"465\" height=\"465\"><\/strong><\/p>\n\n\n\n<p>Le d\u00eener de cl\u00f4ture a \u00e9t\u00e9 le moment de c\u00e9l\u00e9brer des pionni\u00e8res inspirantes du mouvement f\u00e9ministe en Afrique de l\u2019Ouest et du Centre. Pour cela, elles ont re\u00e7u des prix en hommage \u00e0\u00a0 leurs contributions inestimables pour les droits des femmes africaines.<\/p>\n\n\n\n<h2 class=\"wp-block-heading\"><strong>En guerre contre le patriarcat!<\/strong><\/h2>\n\n\n\n<p>L\u2019universit\u00e9 s&#8217;est conclue par un appel retentissant \u00e0 l&#8217;action. Dans un contexte africain o\u00f9 les droits des femmes sont constamment menac\u00e9s, les participantes ont r\u00e9affirm\u00e9 leur engagement \u00e0 \u0153uvrer pour une soci\u00e9t\u00e9 plus inclusive et plus \u00e9quitable. \u201cNous sommes en guerre contre le patriarcat et nous devons rester en alerte\u201d a d\u00e9clar\u00e9 Maimouna Astou Yade, Directrice ex\u00e9cutive de JGen S\u00e9n\u00e9gal et co-initiatrice de l\u2019UEF dans son discours de fin. Avec une telle dynamique, l\u2019avenir du f\u00e9minisme en Afrique dite francophone s\u2019annonce prometteur, et nous attendons avec impatience les prochaines \u00e9ditions de cet \u00e9v\u00e9nement inspirant.<\/p>","protected":false},"excerpt":{"rendered":"<p>Co-organis\u00e9 par JGen S\u00e9n\u00e9gal et le Collectif des f\u00e9ministes du S\u00e9n\u00e9gal, la deuxi\u00e8me \u00e9dition de l\u2019Universit\u00e9 F\u00e9ministe d\u2019Afrique de l\u2019Ouest et du Centre a eu lieu la semaine derni\u00e8re \u00e0 Saly, au S\u00e9n\u00e9gal, et a marqu\u00e9 un moment important pour les mouvements f\u00e9ministes du continent. Une convergence de savoirs et de pratiques f\u00e9ministes Cette ann\u00e9e, l\u2019Universit\u00e9 d\u2019\u00c9t\u00e9 F\u00e9ministe (UEF) a \u00e9t\u00e9 une v\u00e9ritable c\u00e9l\u00e9bration des connaissances et des pratiques f\u00e9ministes, r\u00e9unissant des militantes, des universitaires, des activistes et des artistes pour \u00e9changer, apprendre et collaborer ensemble. Pendant 3 jours, plus de 150 f\u00e9ministes et repr\u00e9sentantes d\u2019Organisations venues des diff\u00e9rents pays [&hellip;]<\/p>\n","protected":false},"author":2,"featured_media":95428,"comment_status":"open","ping_status":"open","sticky":false,"template":"","format":"standard","meta":{"footnotes":""},"categories":[19],"tags":[220,226,216,233,219,224,229,227,232],"class_list":["post-95426","post","type-post","status-publish","format-standard","has-post-thumbnail","hentry","category-politic","tag-africafeminism","tag-empowerment","tag-feminism","tag-genderbasedviolence","tag-genderequality","tag-jgensenegal","tag-lgbtqrights","tag-socialjustice","tag-womeninleadership"],"yoast_head":"<!-- This site is optimized with the Yoast SEO plugin v27.4 - https:\/\/yoast.com\/product\/yoast-seo-wordpress\/ -->\n<title>La deuxi\u00e8me \u00e9dition de l\u2019Universit\u00e9 F\u00e9ministe d\u2019Afrique de l\u2019Ouest et du Centre : Un succ\u00e8s inspirant! - Le M&eacute;dia F&eacute;ministe Africain<\/title>\n<meta name=\"robots\" content=\"index, follow, max-snippet:-1, max-image-preview:large, max-video-preview:-1\" \/>\n<link rel=\"canonical\" href=\"http:\/\/lemediafeministeafricain.com\/en\/la-deuxieme-edition-de-luniversite-feministe-dafrique-de-louest-et-du-centre-un-succes-inspirant\/\" \/>\n<meta property=\"og:locale\" content=\"en_US\" \/>\n<meta property=\"og:type\" content=\"article\" \/>\n<meta property=\"og:title\" content=\"La deuxi\u00e8me \u00e9dition de l\u2019Universit\u00e9 F\u00e9ministe d\u2019Afrique de l\u2019Ouest et du Centre : Un succ\u00e8s inspirant! - Le M&eacute;dia F&eacute;ministe Africain\" \/>\n<meta property=\"og:description\" content=\"Co-organis\u00e9 par JGen S\u00e9n\u00e9gal et le Collectif des f\u00e9ministes du S\u00e9n\u00e9gal, la deuxi\u00e8me \u00e9dition de l\u2019Universit\u00e9 F\u00e9ministe d\u2019Afrique de l\u2019Ouest et du Centre a eu lieu la semaine derni\u00e8re \u00e0 Saly, au S\u00e9n\u00e9gal, et a marqu\u00e9 un moment important pour les mouvements f\u00e9ministes du continent. Une convergence de savoirs et de pratiques f\u00e9ministes Cette ann\u00e9e, l\u2019Universit\u00e9 d\u2019\u00c9t\u00e9 F\u00e9ministe (UEF) a \u00e9t\u00e9 une v\u00e9ritable c\u00e9l\u00e9bration des connaissances et des pratiques f\u00e9ministes, r\u00e9unissant des militantes, des universitaires, des activistes et des artistes pour \u00e9changer, apprendre et collaborer ensemble. Pendant 3 jours, plus de 150 f\u00e9ministes et repr\u00e9sentantes d\u2019Organisations venues des diff\u00e9rents pays [&hellip;]\" \/>\n<meta property=\"og:url\" content=\"http:\/\/lemediafeministeafricain.com\/en\/la-deuxieme-edition-de-luniversite-feministe-dafrique-de-louest-et-du-centre-un-succes-inspirant\/\" \/>\n<meta property=\"og:site_name\" content=\"Le M&eacute;dia F&eacute;ministe Africain\" \/>\n<meta property=\"article:publisher\" content=\"https:\/\/www.facebook.com\/profile.php?id=61557243280950\" \/>\n<meta property=\"article:published_time\" content=\"2024-08-06T13:17:46+00:00\" \/>\n<meta property=\"article:modified_time\" content=\"2024-08-16T18:29:26+00:00\" \/>\n<meta property=\"og:image\" content=\"http:\/\/lemediafeministeafricain.com\/wp-content\/uploads\/2024\/08\/LMF-removebg-preview1.webp\" \/>\n\t<meta property=\"og:image:width\" content=\"1600\" \/>\n\t<meta property=\"og:image:height\" content=\"1066\" \/>\n\t<meta property=\"og:image:type\" content=\"image\/webp\" \/>\n<meta name=\"author\" content=\"Le M\u00e9dia F\u00e9ministe Africain\" \/>\n<meta name=\"twitter:card\" content=\"summary_large_image\" \/>\n<meta name=\"twitter:creator\" content=\"@mediafeministe\" \/>\n<meta name=\"twitter:site\" content=\"@mediafeministe\" \/>\n<meta name=\"twitter:label1\" content=\"Written by\" \/>\n\t<meta name=\"twitter:data1\" content=\"Le M\u00e9dia F\u00e9ministe Africain\" \/>\n\t<meta name=\"twitter:label2\" content=\"Est. reading time\" \/>\n\t<meta name=\"twitter:data2\" content=\"1 minute\" \/>\n<script type=\"application\/ld+json\" class=\"yoast-schema-graph\">{\"@context\":\"https:\\\/\\\/schema.org\",\"@graph\":[{\"@type\":\"Article\",\"@id\":\"http:\\\/\\\/lemediafeministeafricain.com\\\/en\\\/la-deuxieme-edition-de-luniversite-feministe-dafrique-de-louest-et-du-centre-un-succes-inspirant\\\/#article\",\"isPartOf\":{\"@id\":\"http:\\\/\\\/lemediafeministeafricain.com\\\/en\\\/la-deuxieme-edition-de-luniversite-feministe-dafrique-de-louest-et-du-centre-un-succes-inspirant\\\/\"},\"author\":{\"name\":\"Le M\u00e9dia F\u00e9ministe Africain\",\"@id\":\"http:\\\/\\\/lemediafeministeafricain.com\\\/#\\\/schema\\\/person\\\/ca21ec79a7e5334e04e9b567a065cfc0\"},\"headline\":\"La deuxi\u00e8me \u00e9dition de l\u2019Universit\u00e9 F\u00e9ministe d\u2019Afrique de l\u2019Ouest et du Centre : Un succ\u00e8s inspirant!\",\"datePublished\":\"2024-08-06T13:17:46+00:00\",\"dateModified\":\"2024-08-16T18:29:26+00:00\",\"mainEntityOfPage\":{\"@id\":\"http:\\\/\\\/lemediafeministeafricain.com\\\/en\\\/la-deuxieme-edition-de-luniversite-feministe-dafrique-de-louest-et-du-centre-un-succes-inspirant\\\/\"},\"wordCount\":624,\"commentCount\":0,\"publisher\":{\"@id\":\"http:\\\/\\\/lemediafeministeafricain.com\\\/#organization\"},\"image\":{\"@id\":\"http:\\\/\\\/lemediafeministeafricain.com\\\/en\\\/la-deuxieme-edition-de-luniversite-feministe-dafrique-de-louest-et-du-centre-un-succes-inspirant\\\/#primaryimage\"},\"thumbnailUrl\":\"https:\\\/\\\/lemediafeministeafricain.com\\\/wp-content\\\/uploads\\\/2024\\\/08\\\/LMF-removebg-preview1.webp\",\"keywords\":[\"AfricaFeminism\",\"Empowerment\",\"Feminism\",\"GenderBasedViolence\",\"GenderEquality\",\"JGenSenegal\",\"LGBTQRights\",\"SocialJustice\",\"WomenInLeadership\"],\"articleSection\":[\"Politic\"],\"inLanguage\":\"en-US\",\"potentialAction\":[{\"@type\":\"CommentAction\",\"name\":\"Comment\",\"target\":[\"http:\\\/\\\/lemediafeministeafricain.com\\\/en\\\/la-deuxieme-edition-de-luniversite-feministe-dafrique-de-louest-et-du-centre-un-succes-inspirant\\\/#respond\"]}]},{\"@type\":\"WebPage\",\"@id\":\"http:\\\/\\\/lemediafeministeafricain.com\\\/en\\\/la-deuxieme-edition-de-luniversite-feministe-dafrique-de-louest-et-du-centre-un-succes-inspirant\\\/\",\"url\":\"http:\\\/\\\/lemediafeministeafricain.com\\\/en\\\/la-deuxieme-edition-de-luniversite-feministe-dafrique-de-louest-et-du-centre-un-succes-inspirant\\\/\",\"name\":\"La deuxi\u00e8me \u00e9dition de l\u2019Universit\u00e9 F\u00e9ministe d\u2019Afrique de l\u2019Ouest et du Centre : Un succ\u00e8s inspirant! - Le M&eacute;dia F&eacute;ministe Africain\",\"isPartOf\":{\"@id\":\"http:\\\/\\\/lemediafeministeafricain.com\\\/#website\"},\"primaryImageOfPage\":{\"@id\":\"http:\\\/\\\/lemediafeministeafricain.com\\\/en\\\/la-deuxieme-edition-de-luniversite-feministe-dafrique-de-louest-et-du-centre-un-succes-inspirant\\\/#primaryimage\"},\"image\":{\"@id\":\"http:\\\/\\\/lemediafeministeafricain.com\\\/en\\\/la-deuxieme-edition-de-luniversite-feministe-dafrique-de-louest-et-du-centre-un-succes-inspirant\\\/#primaryimage\"},\"thumbnailUrl\":\"https:\\\/\\\/lemediafeministeafricain.com\\\/wp-content\\\/uploads\\\/2024\\\/08\\\/LMF-removebg-preview1.webp\",\"datePublished\":\"2024-08-06T13:17:46+00:00\",\"dateModified\":\"2024-08-16T18:29:26+00:00\",\"breadcrumb\":{\"@id\":\"http:\\\/\\\/lemediafeministeafricain.com\\\/en\\\/la-deuxieme-edition-de-luniversite-feministe-dafrique-de-louest-et-du-centre-un-succes-inspirant\\\/#breadcrumb\"},\"inLanguage\":\"en-US\",\"potentialAction\":[{\"@type\":\"ReadAction\",\"target\":[\"http:\\\/\\\/lemediafeministeafricain.com\\\/en\\\/la-deuxieme-edition-de-luniversite-feministe-dafrique-de-louest-et-du-centre-un-succes-inspirant\\\/\"]}]},{\"@type\":\"ImageObject\",\"inLanguage\":\"en-US\",\"@id\":\"http:\\\/\\\/lemediafeministeafricain.com\\\/en\\\/la-deuxieme-edition-de-luniversite-feministe-dafrique-de-louest-et-du-centre-un-succes-inspirant\\\/#primaryimage\",\"url\":\"https:\\\/\\\/lemediafeministeafricain.com\\\/wp-content\\\/uploads\\\/2024\\\/08\\\/LMF-removebg-preview1.webp\",\"contentUrl\":\"https:\\\/\\\/lemediafeministeafricain.com\\\/wp-content\\\/uploads\\\/2024\\\/08\\\/LMF-removebg-preview1.webp\",\"width\":1600,\"height\":1066},{\"@type\":\"BreadcrumbList\",\"@id\":\"http:\\\/\\\/lemediafeministeafricain.com\\\/en\\\/la-deuxieme-edition-de-luniversite-feministe-dafrique-de-louest-et-du-centre-un-succes-inspirant\\\/#breadcrumb\",\"itemListElement\":[{\"@type\":\"ListItem\",\"position\":1,\"name\":\"Home\",\"item\":\"http:\\\/\\\/lemediafeministeafricain.com\\\/\"},{\"@type\":\"ListItem\",\"position\":2,\"name\":\"La deuxi\u00e8me \u00e9dition de l\u2019Universit\u00e9 F\u00e9ministe d\u2019Afrique de l\u2019Ouest et du Centre : Un succ\u00e8s inspirant!\"}]},{\"@type\":\"WebSite\",\"@id\":\"http:\\\/\\\/lemediafeministeafricain.com\\\/#website\",\"url\":\"http:\\\/\\\/lemediafeministeafricain.com\\\/\",\"name\":\"Le M\u00e9dia F\u00e9ministe Africain\",\"description\":\"Le M&eacute;dia F&eacute;ministe Africain\",\"publisher\":{\"@id\":\"http:\\\/\\\/lemediafeministeafricain.com\\\/#organization\"},\"alternateName\":\"M\u00e9dia F\u00e9ministe Africain\",\"potentialAction\":[{\"@type\":\"SearchAction\",\"target\":{\"@type\":\"EntryPoint\",\"urlTemplate\":\"http:\\\/\\\/lemediafeministeafricain.com\\\/?s={search_term_string}\"},\"query-input\":{\"@type\":\"PropertyValueSpecification\",\"valueRequired\":true,\"valueName\":\"search_term_string\"}}],\"inLanguage\":\"en-US\"},{\"@type\":\"Organization\",\"@id\":\"http:\\\/\\\/lemediafeministeafricain.com\\\/#organization\",\"name\":\"Le M\u00e9dia F\u00e9ministe Africain\",\"alternateName\":\"M\u00e9dia F\u00e9ministe Africain\",\"url\":\"http:\\\/\\\/lemediafeministeafricain.com\\\/\",\"logo\":{\"@type\":\"ImageObject\",\"inLanguage\":\"en-US\",\"@id\":\"http:\\\/\\\/lemediafeministeafricain.com\\\/#\\\/schema\\\/logo\\\/image\\\/\",\"url\":\"http:\\\/\\\/lemediafeministeafricain.com\\\/wp-content\\\/uploads\\\/2024\\\/05\\\/LMF.webp\",\"contentUrl\":\"http:\\\/\\\/lemediafeministeafricain.com\\\/wp-content\\\/uploads\\\/2024\\\/05\\\/LMF.webp\",\"width\":1880,\"height\":1576,\"caption\":\"Le M\u00e9dia F\u00e9ministe Africain\"},\"image\":{\"@id\":\"http:\\\/\\\/lemediafeministeafricain.com\\\/#\\\/schema\\\/logo\\\/image\\\/\"},\"sameAs\":[\"https:\\\/\\\/www.facebook.com\\\/profile.php?id=61557243280950\",\"https:\\\/\\\/x.com\\\/mediafeministe\"]},{\"@type\":\"Person\",\"@id\":\"http:\\\/\\\/lemediafeministeafricain.com\\\/#\\\/schema\\\/person\\\/ca21ec79a7e5334e04e9b567a065cfc0\",\"name\":\"Le M\u00e9dia F\u00e9ministe Africain\",\"image\":{\"@type\":\"ImageObject\",\"inLanguage\":\"en-US\",\"@id\":\"https:\\\/\\\/secure.gravatar.com\\\/avatar\\\/52145e251d4472eb6112580fcf10b7c72b85cc63c31fdf1d9b1eabf2a90935d9?s=96&d=mm&r=g\",\"url\":\"https:\\\/\\\/secure.gravatar.com\\\/avatar\\\/52145e251d4472eb6112580fcf10b7c72b85cc63c31fdf1d9b1eabf2a90935d9?s=96&d=mm&r=g\",\"contentUrl\":\"https:\\\/\\\/secure.gravatar.com\\\/avatar\\\/52145e251d4472eb6112580fcf10b7c72b85cc63c31fdf1d9b1eabf2a90935d9?s=96&d=mm&r=g\",\"caption\":\"Le M\u00e9dia F\u00e9ministe Africain\"},\"sameAs\":[\"https:\\\/\\\/lemediafeministeafricain.com\\\/\"],\"url\":\"https:\\\/\\\/lemediafeministeafricain.com\\\/en\\\/author\\\/lemediafeministeafricain\\\/\"}]}<\/script>\n<!-- \/ Yoast SEO plugin. -->","yoast_head_json":{"title":"La deuxi\u00e8me \u00e9dition de l\u2019Universit\u00e9 F\u00e9ministe d\u2019Afrique de l\u2019Ouest et du Centre : Un succ\u00e8s inspirant! - Le M&eacute;dia F&eacute;ministe Africain","robots":{"index":"index","follow":"follow","max-snippet":"max-snippet:-1","max-image-preview":"max-image-preview:large","max-video-preview":"max-video-preview:-1"},"canonical":"http:\/\/lemediafeministeafricain.com\/en\/la-deuxieme-edition-de-luniversite-feministe-dafrique-de-louest-et-du-centre-un-succes-inspirant\/","og_locale":"en_US","og_type":"article","og_title":"La deuxi\u00e8me \u00e9dition de l\u2019Universit\u00e9 F\u00e9ministe d\u2019Afrique de l\u2019Ouest et du Centre : Un succ\u00e8s inspirant! - Le M&eacute;dia F&eacute;ministe Africain","og_description":"Co-organis\u00e9 par JGen S\u00e9n\u00e9gal et le Collectif des f\u00e9ministes du S\u00e9n\u00e9gal, la deuxi\u00e8me \u00e9dition de l\u2019Universit\u00e9 F\u00e9ministe d\u2019Afrique de l\u2019Ouest et du Centre a eu lieu la semaine derni\u00e8re \u00e0 Saly, au S\u00e9n\u00e9gal, et a marqu\u00e9 un moment important pour les mouvements f\u00e9ministes du continent. Une convergence de savoirs et de pratiques f\u00e9ministes Cette ann\u00e9e, l\u2019Universit\u00e9 d\u2019\u00c9t\u00e9 F\u00e9ministe (UEF) a \u00e9t\u00e9 une v\u00e9ritable c\u00e9l\u00e9bration des connaissances et des pratiques f\u00e9ministes, r\u00e9unissant des militantes, des universitaires, des activistes et des artistes pour \u00e9changer, apprendre et collaborer ensemble. Pendant 3 jours, plus de 150 f\u00e9ministes et repr\u00e9sentantes d\u2019Organisations venues des diff\u00e9rents pays [&hellip;]","og_url":"http:\/\/lemediafeministeafricain.com\/en\/la-deuxieme-edition-de-luniversite-feministe-dafrique-de-louest-et-du-centre-un-succes-inspirant\/","og_site_name":"Le M&eacute;dia F&eacute;ministe Africain","article_publisher":"https:\/\/www.facebook.com\/profile.php?id=61557243280950","article_published_time":"2024-08-06T13:17:46+00:00","article_modified_time":"2024-08-16T18:29:26+00:00","og_image":[{"width":1600,"height":1066,"url":"http:\/\/lemediafeministeafricain.com\/wp-content\/uploads\/2024\/08\/LMF-removebg-preview1.webp","type":"image\/webp"}],"author":"Le M\u00e9dia F\u00e9ministe Africain","twitter_card":"summary_large_image","twitter_creator":"@mediafeministe","twitter_site":"@mediafeministe","twitter_misc":{"Written by":"Le M\u00e9dia F\u00e9ministe Africain","Est. reading time":"1 minute"},"schema":{"@context":"https:\/\/schema.org","@graph":[{"@type":"Article","@id":"http:\/\/lemediafeministeafricain.com\/en\/la-deuxieme-edition-de-luniversite-feministe-dafrique-de-louest-et-du-centre-un-succes-inspirant\/#article","isPartOf":{"@id":"http:\/\/lemediafeministeafricain.com\/en\/la-deuxieme-edition-de-luniversite-feministe-dafrique-de-louest-et-du-centre-un-succes-inspirant\/"},"author":{"name":"Le M\u00e9dia F\u00e9ministe Africain","@id":"http:\/\/lemediafeministeafricain.com\/#\/schema\/person\/ca21ec79a7e5334e04e9b567a065cfc0"},"headline":"La deuxi\u00e8me \u00e9dition de l\u2019Universit\u00e9 F\u00e9ministe d\u2019Afrique de l\u2019Ouest et du Centre : Un succ\u00e8s inspirant!","datePublished":"2024-08-06T13:17:46+00:00","dateModified":"2024-08-16T18:29:26+00:00","mainEntityOfPage":{"@id":"http:\/\/lemediafeministeafricain.com\/en\/la-deuxieme-edition-de-luniversite-feministe-dafrique-de-louest-et-du-centre-un-succes-inspirant\/"},"wordCount":624,"commentCount":0,"publisher":{"@id":"http:\/\/lemediafeministeafricain.com\/#organization"},"image":{"@id":"http:\/\/lemediafeministeafricain.com\/en\/la-deuxieme-edition-de-luniversite-feministe-dafrique-de-louest-et-du-centre-un-succes-inspirant\/#primaryimage"},"thumbnailUrl":"https:\/\/lemediafeministeafricain.com\/wp-content\/uploads\/2024\/08\/LMF-removebg-preview1.webp","keywords":["AfricaFeminism","Empowerment","Feminism","GenderBasedViolence","GenderEquality","JGenSenegal","LGBTQRights","SocialJustice","WomenInLeadership"],"articleSection":["Politic"],"inLanguage":"en-US","potentialAction":[{"@type":"CommentAction","name":"Comment","target":["http:\/\/lemediafeministeafricain.com\/en\/la-deuxieme-edition-de-luniversite-feministe-dafrique-de-louest-et-du-centre-un-succes-inspirant\/#respond"]}]},{"@type":"WebPage","@id":"http:\/\/lemediafeministeafricain.com\/en\/la-deuxieme-edition-de-luniversite-feministe-dafrique-de-louest-et-du-centre-un-succes-inspirant\/","url":"http:\/\/lemediafeministeafricain.com\/en\/la-deuxieme-edition-de-luniversite-feministe-dafrique-de-louest-et-du-centre-un-succes-inspirant\/","name":"La deuxi\u00e8me \u00e9dition de l\u2019Universit\u00e9 F\u00e9ministe d\u2019Afrique de l\u2019Ouest et du Centre : Un succ\u00e8s inspirant! - Le M&eacute;dia F&eacute;ministe Africain","isPartOf":{"@id":"http:\/\/lemediafeministeafricain.com\/#website"},"primaryImageOfPage":{"@id":"http:\/\/lemediafeministeafricain.com\/en\/la-deuxieme-edition-de-luniversite-feministe-dafrique-de-louest-et-du-centre-un-succes-inspirant\/#primaryimage"},"image":{"@id":"http:\/\/lemediafeministeafricain.com\/en\/la-deuxieme-edition-de-luniversite-feministe-dafrique-de-louest-et-du-centre-un-succes-inspirant\/#primaryimage"},"thumbnailUrl":"https:\/\/lemediafeministeafricain.com\/wp-content\/uploads\/2024\/08\/LMF-removebg-preview1.webp","datePublished":"2024-08-06T13:17:46+00:00","dateModified":"2024-08-16T18:29:26+00:00","breadcrumb":{"@id":"http:\/\/lemediafeministeafricain.com\/en\/la-deuxieme-edition-de-luniversite-feministe-dafrique-de-louest-et-du-centre-un-succes-inspirant\/#breadcrumb"},"inLanguage":"en-US","potentialAction":[{"@type":"ReadAction","target":["http:\/\/lemediafeministeafricain.com\/en\/la-deuxieme-edition-de-luniversite-feministe-dafrique-de-louest-et-du-centre-un-succes-inspirant\/"]}]},{"@type":"ImageObject","inLanguage":"en-US","@id":"http:\/\/lemediafeministeafricain.com\/en\/la-deuxieme-edition-de-luniversite-feministe-dafrique-de-louest-et-du-centre-un-succes-inspirant\/#primaryimage","url":"https:\/\/lemediafeministeafricain.com\/wp-content\/uploads\/2024\/08\/LMF-removebg-preview1.webp","contentUrl":"https:\/\/lemediafeministeafricain.com\/wp-content\/uploads\/2024\/08\/LMF-removebg-preview1.webp","width":1600,"height":1066},{"@type":"BreadcrumbList","@id":"http:\/\/lemediafeministeafricain.com\/en\/la-deuxieme-edition-de-luniversite-feministe-dafrique-de-louest-et-du-centre-un-succes-inspirant\/#breadcrumb","itemListElement":[{"@type":"ListItem","position":1,"name":"Home","item":"http:\/\/lemediafeministeafricain.com\/"},{"@type":"ListItem","position":2,"name":"La deuxi\u00e8me \u00e9dition de l\u2019Universit\u00e9 F\u00e9ministe d\u2019Afrique de l\u2019Ouest et du Centre : Un succ\u00e8s inspirant!"}]},{"@type":"WebSite","@id":"http:\/\/lemediafeministeafricain.com\/#website","url":"http:\/\/lemediafeministeafricain.com\/","name":"The African Feminist Media","description":"Le M&eacute;dia F&eacute;ministe Africain","publisher":{"@id":"http:\/\/lemediafeministeafricain.com\/#organization"},"alternateName":"M\u00e9dia F\u00e9ministe Africain","potentialAction":[{"@type":"SearchAction","target":{"@type":"EntryPoint","urlTemplate":"http:\/\/lemediafeministeafricain.com\/?s={search_term_string}"},"query-input":{"@type":"PropertyValueSpecification","valueRequired":true,"valueName":"search_term_string"}}],"inLanguage":"en-US"},{"@type":"Organization","@id":"http:\/\/lemediafeministeafricain.com\/#organization","name":"The African Feminist Media","alternateName":"M\u00e9dia F\u00e9ministe Africain","url":"http:\/\/lemediafeministeafricain.com\/","logo":{"@type":"ImageObject","inLanguage":"en-US","@id":"http:\/\/lemediafeministeafricain.com\/#\/schema\/logo\/image\/","url":"http:\/\/lemediafeministeafricain.com\/wp-content\/uploads\/2024\/05\/LMF.webp","contentUrl":"http:\/\/lemediafeministeafricain.com\/wp-content\/uploads\/2024\/05\/LMF.webp","width":1880,"height":1576,"caption":"Le M\u00e9dia F\u00e9ministe Africain"},"image":{"@id":"http:\/\/lemediafeministeafricain.com\/#\/schema\/logo\/image\/"},"sameAs":["https:\/\/www.facebook.com\/profile.php?id=61557243280950","https:\/\/x.com\/mediafeministe"]},{"@type":"Person","@id":"http:\/\/lemediafeministeafricain.com\/#\/schema\/person\/ca21ec79a7e5334e04e9b567a065cfc0","name":"The African Feminist Media","image":{"@type":"ImageObject","inLanguage":"en-US","@id":"https:\/\/secure.gravatar.com\/avatar\/52145e251d4472eb6112580fcf10b7c72b85cc63c31fdf1d9b1eabf2a90935d9?s=96&d=mm&r=g","url":"https:\/\/secure.gravatar.com\/avatar\/52145e251d4472eb6112580fcf10b7c72b85cc63c31fdf1d9b1eabf2a90935d9?s=96&d=mm&r=g","contentUrl":"https:\/\/secure.gravatar.com\/avatar\/52145e251d4472eb6112580fcf10b7c72b85cc63c31fdf1d9b1eabf2a90935d9?s=96&d=mm&r=g","caption":"Le M\u00e9dia F\u00e9ministe Africain"},"sameAs":["https:\/\/lemediafeministeafricain.com\/"],"url":"https:\/\/lemediafeministeafricain.com\/en\/author\/lemediafeministeafricain\/"}]}},"_links":{"self":[{"href":"https:\/\/lemediafeministeafricain.com\/en\/wp-json\/wp\/v2\/posts\/95426","targetHints":{"allow":["GET"]}}],"collection":[{"href":"https:\/\/lemediafeministeafricain.com\/en\/wp-json\/wp\/v2\/posts"}],"about":[{"href":"https:\/\/lemediafeministeafricain.com\/en\/wp-json\/wp\/v2\/types\/post"}],"author":[{"embeddable":true,"href":"https:\/\/lemediafeministeafricain.com\/en\/wp-json\/wp\/v2\/users\/2"}],"replies":[{"embeddable":true,"href":"https:\/\/lemediafeministeafricain.com\/en\/wp-json\/wp\/v2\/comments?post=95426"}],"version-history":[{"count":1,"href":"https:\/\/lemediafeministeafricain.com\/en\/wp-json\/wp\/v2\/posts\/95426\/revisions"}],"predecessor-version":[{"id":95427,"href":"https:\/\/lemediafeministeafricain.com\/en\/wp-json\/wp\/v2\/posts\/95426\/revisions\/95427"}],"wp:featuredmedia":[{"embeddable":true,"href":"https:\/\/lemediafeministeafricain.com\/en\/wp-json\/wp\/v2\/media\/95428"}],"wp:attachment":[{"href":"https:\/\/lemediafeministeafricain.com\/en\/wp-json\/wp\/v2\/media?parent=95426"}],"wp:term":[{"taxonomy":"category","embeddable":true,"href":"https:\/\/lemediafeministeafricain.com\/en\/wp-json\/wp\/v2\/categories?post=95426"},{"taxonomy":"post_tag","embeddable":true,"href":"https:\/\/lemediafeministeafricain.com\/en\/wp-json\/wp\/v2\/tags?post=95426"}],"curies":[{"name":"wp","href":"https:\/\/api.w.org\/{rel}","templated":true}]}}