{"id":95468,"date":"2024-10-15T00:42:50","date_gmt":"2024-10-15T00:42:50","guid":{"rendered":"https:\/\/lemediafeministeafricain.com\/?p=95468"},"modified":"2024-10-15T00:54:47","modified_gmt":"2024-10-15T00:54:47","slug":"promouvoir-les-droits-des-femmes-rurales-afin-daccelerer-le-developpement-durable-en-afrique","status":"publish","type":"post","link":"https:\/\/lemediafeministeafricain.com\/en\/promouvoir-les-droits-des-femmes-rurales-afin-daccelerer-le-developpement-durable-en-afrique\/","title":{"rendered":"Promoting rural women's rights to accelerate sustainable development in Africa"},"content":{"rendered":"<figure class=\"wp-block-image size-large is-style-default\"><img decoding=\"async\" src=\"https:\/\/lemediafeministeafricain.com\/wp-content\/uploads\/2024\/10\/392796532_790876046412337_5565593402843043834_n-1024x681.jpg\" alt=\"\" class=\"wp-image-95469\"\/><figcaption class=\"wp-element-caption\">Les femmes en milieu rural repr\u00e9sentent environ 40% de la main d&#8217;oeuvre totale de la production alimentaire en Afrique.<\/figcaption><\/figure>\n\n\n\n<p>La journ\u00e9e internationale de la femme rurale, institu\u00e9e par l&#8217;Assembl\u00e9e G\u00e9n\u00e9rale des Nations Unies est c\u00e9l\u00e9br\u00e9e le 15 Octobre de chaque ann\u00e9e. Cette journ\u00e9e reconna\u00eet &#8220;le r\u00f4le et la contribution essentiels des femmes rurales, y compris des femmes autochtones, dans le renforcement du d\u00e9veloppement agricole et rural, l&#8217;am\u00e9lioration de la s\u00e9curit\u00e9 alimentaire et l&#8217;\u00e9radication de la pauvret\u00e9 rurale.&#8221;<\/p>\n\n\n\n<p>Selon l\u2019Organisation des Nations Unies pour l\u2019alimentation et l\u2019Agriculture, la femme rurale est celle qui vit en milieu rural ; et ses t\u00e2ches et responsabilit\u00e9s sont multiples et varient en fonction de son \u00e2ge, son origine et sa classe sociale. Ces femmes vont de l\u2019entretien mat\u00e9riel et moral de la famille \u00e0 la production agricole, artisanale et aux activit\u00e9s de transformation et de commerce.<\/p>\n\n\n\n<p>En effet, les femmes rurales jouent un r\u00f4le essentiel dans l\u2019alimentation qui provient de leurs champs, des denr\u00e9es alimentaires pour leur famille et leur communaut\u00e9. Elles sont habiles et savent d\u00e9velopper des strat\u00e9gies pour s\u2019adapter aux changements climatiques. Elles contribuent activement \u00e0 l\u2019\u00e9conomie locale et \u00e0 la cr\u00e9ation d\u2019emplois pour un plus grand nombre \u00e0 travers des petites et moyennes entreprises.<\/p>\n\n\n\n<figure class=\"wp-block-image size-large is-resized\"><img loading=\"lazy\" decoding=\"async\" width=\"1024\" height=\"1024\" src=\"https:\/\/lemediafeministeafricain.com\/wp-content\/uploads\/2024\/10\/Stop-Racisim-3-1-1024x1024.png\" alt=\"\" class=\"wp-image-95470\" style=\"width:525px;height:auto\" srcset=\"https:\/\/lemediafeministeafricain.com\/wp-content\/uploads\/2024\/10\/Stop-Racisim-3-1-1024x1024.png 1024w, https:\/\/lemediafeministeafricain.com\/wp-content\/uploads\/2024\/10\/Stop-Racisim-3-1-300x300.png 300w, https:\/\/lemediafeministeafricain.com\/wp-content\/uploads\/2024\/10\/Stop-Racisim-3-1-150x150.png 150w, https:\/\/lemediafeministeafricain.com\/wp-content\/uploads\/2024\/10\/Stop-Racisim-3-1-768x768.png 768w, https:\/\/lemediafeministeafricain.com\/wp-content\/uploads\/2024\/10\/Stop-Racisim-3-1-12x12.png 12w, https:\/\/lemediafeministeafricain.com\/wp-content\/uploads\/2024\/10\/Stop-Racisim-3-1-500x500.png 500w, https:\/\/lemediafeministeafricain.com\/wp-content\/uploads\/2024\/10\/Stop-Racisim-3-1.png 1080w\" sizes=\"auto, (max-width: 1024px) 100vw, 1024px\" \/><\/figure>\n\n\n\n<h2 class=\"wp-block-heading\">Un potentiel encore trop peu reconnu<\/h2>\n\n\n\n<p>Malheureusement, l&#8217;\u00e9norme potentiel de ces femmes est encore trop souvent brid\u00e9 par l\u2019acc\u00e8s limit\u00e9 \u00e0 l\u2019\u00e9ducation et \u00e0 la formation, la discrimination et in\u00e9galit\u00e9s des droits. Les femmes en milieu rural sont encore majoritairement victimes de diff\u00e9rentes formes de violences domestiques. Bien que des progr\u00e8s consid\u00e9rables aient \u00e9t\u00e9 accomplis au cours des derni\u00e8res d\u00e9cennies, moins de 15% des femmes africaines sont propri\u00e9taires de terres agricoles comme le confirme l&#8217;<a href=\"https:\/\/au.int\/fr\/node\/40950\">Union Africaine<\/a>. Et elles n&#8217;ont en g\u00e9n\u00e9ral qu&#8217;un acc\u00e8s limit\u00e9 \u00e0 la formation et aux ressources n\u00e9cessaires \u00e0 une meilleure productivit\u00e9.<\/p>\n\n\n\n<p>Gr\u00e2ce aux efforts inestimables des organisations f\u00e9ministes africaines, celles-ci sont davantage \u00e9cout\u00e9es. En C\u00f4te d&#8217;Ivoire par exemple, <a href=\"https:\/\/la-ligue.org\/\">la Ligue ivoirienne des droits des femmes<\/a> s&#8217;engage activement depuis 4 ans pour les droits des femmes rurales.<\/p>\n\n\n\n<p>L\u2019organisation soutient le leadership et la participation des femmes rurales \u00e0 l\u2019\u00e9laboration des lois, des politiques et des programmes sur toutes les questions qui affectent leur existence, y compris celle de l\u2019am\u00e9lioration de la s\u00e9curit\u00e9 alimentaire, de la nutrition et des moyens de subsistance en milieu rural.<\/p>","protected":false},"excerpt":{"rendered":"<p>La journ\u00e9e internationale de la femme rurale, institu\u00e9e par l&#8217;Assembl\u00e9e G\u00e9n\u00e9rale des Nations Unies est c\u00e9l\u00e9br\u00e9e le 15 Octobre de chaque ann\u00e9e. Cette journ\u00e9e reconna\u00eet &#8220;le r\u00f4le et la contribution essentiels des femmes rurales, y compris des femmes autochtones, dans le renforcement du d\u00e9veloppement agricole et rural, l&#8217;am\u00e9lioration de la s\u00e9curit\u00e9 alimentaire et l&#8217;\u00e9radication de la pauvret\u00e9 rurale.&#8221; Selon l\u2019Organisation des Nations Unies pour l\u2019alimentation et l\u2019Agriculture, la femme rurale est celle qui vit en milieu rural ; et ses t\u00e2ches et responsabilit\u00e9s sont multiples et varient en fonction de son \u00e2ge, son origine et sa classe sociale. Ces femmes [&hellip;]<\/p>\n","protected":false},"author":2,"featured_media":95469,"comment_status":"open","ping_status":"open","sticky":false,"template":"","format":"standard","meta":{"footnotes":""},"categories":[19],"tags":[],"class_list":["post-95468","post","type-post","status-publish","format-standard","has-post-thumbnail","hentry","category-politic"],"yoast_head":"<!-- This site is optimized with the Yoast SEO plugin v27.4 - https:\/\/yoast.com\/product\/yoast-seo-wordpress\/ -->\n<title>Promouvoir les droits des femmes rurales afin d&#039;acc\u00e9lerer le d\u00e9veloppement durable en Afrique - Le M&eacute;dia F&eacute;ministe Africain<\/title>\n<meta name=\"robots\" content=\"index, follow, max-snippet:-1, max-image-preview:large, max-video-preview:-1\" \/>\n<link rel=\"canonical\" href=\"https:\/\/lemediafeministeafricain.com\/en\/promouvoir-les-droits-des-femmes-rurales-afin-daccelerer-le-developpement-durable-en-afrique\/\" \/>\n<meta property=\"og:locale\" content=\"en_US\" \/>\n<meta property=\"og:type\" content=\"article\" \/>\n<meta property=\"og:title\" content=\"Promouvoir les droits des femmes rurales afin d&#039;acc\u00e9lerer le d\u00e9veloppement durable en Afrique - Le M&eacute;dia F&eacute;ministe Africain\" \/>\n<meta property=\"og:description\" content=\"La journ\u00e9e internationale de la femme rurale, institu\u00e9e par l&#8217;Assembl\u00e9e G\u00e9n\u00e9rale des Nations Unies est c\u00e9l\u00e9br\u00e9e le 15 Octobre de chaque ann\u00e9e. Cette journ\u00e9e reconna\u00eet &#8220;le r\u00f4le et la contribution essentiels des femmes rurales, y compris des femmes autochtones, dans le renforcement du d\u00e9veloppement agricole et rural, l&#8217;am\u00e9lioration de la s\u00e9curit\u00e9 alimentaire et l&#8217;\u00e9radication de la pauvret\u00e9 rurale.&#8221; Selon l\u2019Organisation des Nations Unies pour l\u2019alimentation et l\u2019Agriculture, la femme rurale est celle qui vit en milieu rural ; et ses t\u00e2ches et responsabilit\u00e9s sont multiples et varient en fonction de son \u00e2ge, son origine et sa classe sociale. Ces femmes [&hellip;]\" \/>\n<meta property=\"og:url\" content=\"https:\/\/lemediafeministeafricain.com\/en\/promouvoir-les-droits-des-femmes-rurales-afin-daccelerer-le-developpement-durable-en-afrique\/\" \/>\n<meta property=\"og:site_name\" content=\"Le M&eacute;dia F&eacute;ministe Africain\" \/>\n<meta property=\"article:publisher\" content=\"https:\/\/www.facebook.com\/profile.php?id=61557243280950\" \/>\n<meta property=\"article:published_time\" content=\"2024-10-15T00:42:50+00:00\" \/>\n<meta property=\"article:modified_time\" content=\"2024-10-15T00:54:47+00:00\" \/>\n<meta property=\"og:image\" content=\"https:\/\/lemediafeministeafricain.com\/wp-content\/uploads\/2024\/10\/392796532_790876046412337_5565593402843043834_n.webp\" \/>\n\t<meta property=\"og:image:width\" content=\"1920\" \/>\n\t<meta property=\"og:image:height\" content=\"1278\" \/>\n\t<meta property=\"og:image:type\" content=\"image\/webp\" \/>\n<meta name=\"author\" content=\"Le M\u00e9dia F\u00e9ministe Africain\" \/>\n<meta name=\"twitter:card\" content=\"summary_large_image\" \/>\n<meta name=\"twitter:creator\" content=\"@mediafeministe\" \/>\n<meta name=\"twitter:site\" content=\"@mediafeministe\" \/>\n<meta name=\"twitter:label1\" content=\"Written by\" \/>\n\t<meta name=\"twitter:data1\" content=\"Le M\u00e9dia F\u00e9ministe Africain\" \/>\n\t<meta name=\"twitter:label2\" content=\"Est. reading time\" \/>\n\t<meta name=\"twitter:data2\" content=\"3 minutes\" \/>\n<script type=\"application\/ld+json\" class=\"yoast-schema-graph\">{\"@context\":\"https:\\\/\\\/schema.org\",\"@graph\":[{\"@type\":\"Article\",\"@id\":\"https:\\\/\\\/lemediafeministeafricain.com\\\/promouvoir-les-droits-des-femmes-rurales-afin-daccelerer-le-developpement-durable-en-afrique\\\/#article\",\"isPartOf\":{\"@id\":\"https:\\\/\\\/lemediafeministeafricain.com\\\/promouvoir-les-droits-des-femmes-rurales-afin-daccelerer-le-developpement-durable-en-afrique\\\/\"},\"author\":{\"name\":\"Le M\u00e9dia F\u00e9ministe Africain\",\"@id\":\"http:\\\/\\\/lemediafeministeafricain.com\\\/#\\\/schema\\\/person\\\/ca21ec79a7e5334e04e9b567a065cfc0\"},\"headline\":\"Promouvoir les droits des femmes rurales afin d&#8217;acc\u00e9lerer le d\u00e9veloppement durable en Afrique\",\"datePublished\":\"2024-10-15T00:42:50+00:00\",\"dateModified\":\"2024-10-15T00:54:47+00:00\",\"mainEntityOfPage\":{\"@id\":\"https:\\\/\\\/lemediafeministeafricain.com\\\/promouvoir-les-droits-des-femmes-rurales-afin-daccelerer-le-developpement-durable-en-afrique\\\/\"},\"wordCount\":448,\"commentCount\":0,\"publisher\":{\"@id\":\"http:\\\/\\\/lemediafeministeafricain.com\\\/#organization\"},\"image\":{\"@id\":\"https:\\\/\\\/lemediafeministeafricain.com\\\/promouvoir-les-droits-des-femmes-rurales-afin-daccelerer-le-developpement-durable-en-afrique\\\/#primaryimage\"},\"thumbnailUrl\":\"https:\\\/\\\/lemediafeministeafricain.com\\\/wp-content\\\/uploads\\\/2024\\\/10\\\/392796532_790876046412337_5565593402843043834_n.webp\",\"articleSection\":[\"Politic\"],\"inLanguage\":\"en-US\",\"potentialAction\":[{\"@type\":\"CommentAction\",\"name\":\"Comment\",\"target\":[\"https:\\\/\\\/lemediafeministeafricain.com\\\/promouvoir-les-droits-des-femmes-rurales-afin-daccelerer-le-developpement-durable-en-afrique\\\/#respond\"]}]},{\"@type\":\"WebPage\",\"@id\":\"https:\\\/\\\/lemediafeministeafricain.com\\\/promouvoir-les-droits-des-femmes-rurales-afin-daccelerer-le-developpement-durable-en-afrique\\\/\",\"url\":\"https:\\\/\\\/lemediafeministeafricain.com\\\/promouvoir-les-droits-des-femmes-rurales-afin-daccelerer-le-developpement-durable-en-afrique\\\/\",\"name\":\"Promouvoir les droits des femmes rurales afin d'acc\u00e9lerer le d\u00e9veloppement durable en Afrique - Le M&eacute;dia F&eacute;ministe Africain\",\"isPartOf\":{\"@id\":\"http:\\\/\\\/lemediafeministeafricain.com\\\/#website\"},\"primaryImageOfPage\":{\"@id\":\"https:\\\/\\\/lemediafeministeafricain.com\\\/promouvoir-les-droits-des-femmes-rurales-afin-daccelerer-le-developpement-durable-en-afrique\\\/#primaryimage\"},\"image\":{\"@id\":\"https:\\\/\\\/lemediafeministeafricain.com\\\/promouvoir-les-droits-des-femmes-rurales-afin-daccelerer-le-developpement-durable-en-afrique\\\/#primaryimage\"},\"thumbnailUrl\":\"https:\\\/\\\/lemediafeministeafricain.com\\\/wp-content\\\/uploads\\\/2024\\\/10\\\/392796532_790876046412337_5565593402843043834_n.webp\",\"datePublished\":\"2024-10-15T00:42:50+00:00\",\"dateModified\":\"2024-10-15T00:54:47+00:00\",\"breadcrumb\":{\"@id\":\"https:\\\/\\\/lemediafeministeafricain.com\\\/promouvoir-les-droits-des-femmes-rurales-afin-daccelerer-le-developpement-durable-en-afrique\\\/#breadcrumb\"},\"inLanguage\":\"en-US\",\"potentialAction\":[{\"@type\":\"ReadAction\",\"target\":[\"https:\\\/\\\/lemediafeministeafricain.com\\\/promouvoir-les-droits-des-femmes-rurales-afin-daccelerer-le-developpement-durable-en-afrique\\\/\"]}]},{\"@type\":\"ImageObject\",\"inLanguage\":\"en-US\",\"@id\":\"https:\\\/\\\/lemediafeministeafricain.com\\\/promouvoir-les-droits-des-femmes-rurales-afin-daccelerer-le-developpement-durable-en-afrique\\\/#primaryimage\",\"url\":\"https:\\\/\\\/lemediafeministeafricain.com\\\/wp-content\\\/uploads\\\/2024\\\/10\\\/392796532_790876046412337_5565593402843043834_n.webp\",\"contentUrl\":\"https:\\\/\\\/lemediafeministeafricain.com\\\/wp-content\\\/uploads\\\/2024\\\/10\\\/392796532_790876046412337_5565593402843043834_n.webp\",\"width\":1920,\"height\":1278},{\"@type\":\"BreadcrumbList\",\"@id\":\"https:\\\/\\\/lemediafeministeafricain.com\\\/promouvoir-les-droits-des-femmes-rurales-afin-daccelerer-le-developpement-durable-en-afrique\\\/#breadcrumb\",\"itemListElement\":[{\"@type\":\"ListItem\",\"position\":1,\"name\":\"Home\",\"item\":\"http:\\\/\\\/lemediafeministeafricain.com\\\/\"},{\"@type\":\"ListItem\",\"position\":2,\"name\":\"Promouvoir les droits des femmes rurales afin d&#8217;acc\u00e9lerer le d\u00e9veloppement durable en Afrique\"}]},{\"@type\":\"WebSite\",\"@id\":\"http:\\\/\\\/lemediafeministeafricain.com\\\/#website\",\"url\":\"http:\\\/\\\/lemediafeministeafricain.com\\\/\",\"name\":\"Le M\u00e9dia F\u00e9ministe Africain\",\"description\":\"Le M&eacute;dia F&eacute;ministe Africain\",\"publisher\":{\"@id\":\"http:\\\/\\\/lemediafeministeafricain.com\\\/#organization\"},\"alternateName\":\"M\u00e9dia F\u00e9ministe Africain\",\"potentialAction\":[{\"@type\":\"SearchAction\",\"target\":{\"@type\":\"EntryPoint\",\"urlTemplate\":\"http:\\\/\\\/lemediafeministeafricain.com\\\/?s={search_term_string}\"},\"query-input\":{\"@type\":\"PropertyValueSpecification\",\"valueRequired\":true,\"valueName\":\"search_term_string\"}}],\"inLanguage\":\"en-US\"},{\"@type\":\"Organization\",\"@id\":\"http:\\\/\\\/lemediafeministeafricain.com\\\/#organization\",\"name\":\"Le M\u00e9dia F\u00e9ministe Africain\",\"alternateName\":\"M\u00e9dia F\u00e9ministe Africain\",\"url\":\"http:\\\/\\\/lemediafeministeafricain.com\\\/\",\"logo\":{\"@type\":\"ImageObject\",\"inLanguage\":\"en-US\",\"@id\":\"http:\\\/\\\/lemediafeministeafricain.com\\\/#\\\/schema\\\/logo\\\/image\\\/\",\"url\":\"http:\\\/\\\/lemediafeministeafricain.com\\\/wp-content\\\/uploads\\\/2024\\\/05\\\/LMF.webp\",\"contentUrl\":\"http:\\\/\\\/lemediafeministeafricain.com\\\/wp-content\\\/uploads\\\/2024\\\/05\\\/LMF.webp\",\"width\":1880,\"height\":1576,\"caption\":\"Le M\u00e9dia F\u00e9ministe Africain\"},\"image\":{\"@id\":\"http:\\\/\\\/lemediafeministeafricain.com\\\/#\\\/schema\\\/logo\\\/image\\\/\"},\"sameAs\":[\"https:\\\/\\\/www.facebook.com\\\/profile.php?id=61557243280950\",\"https:\\\/\\\/x.com\\\/mediafeministe\"]},{\"@type\":\"Person\",\"@id\":\"http:\\\/\\\/lemediafeministeafricain.com\\\/#\\\/schema\\\/person\\\/ca21ec79a7e5334e04e9b567a065cfc0\",\"name\":\"Le M\u00e9dia F\u00e9ministe Africain\",\"image\":{\"@type\":\"ImageObject\",\"inLanguage\":\"en-US\",\"@id\":\"https:\\\/\\\/secure.gravatar.com\\\/avatar\\\/52145e251d4472eb6112580fcf10b7c72b85cc63c31fdf1d9b1eabf2a90935d9?s=96&d=mm&r=g\",\"url\":\"https:\\\/\\\/secure.gravatar.com\\\/avatar\\\/52145e251d4472eb6112580fcf10b7c72b85cc63c31fdf1d9b1eabf2a90935d9?s=96&d=mm&r=g\",\"contentUrl\":\"https:\\\/\\\/secure.gravatar.com\\\/avatar\\\/52145e251d4472eb6112580fcf10b7c72b85cc63c31fdf1d9b1eabf2a90935d9?s=96&d=mm&r=g\",\"caption\":\"Le M\u00e9dia F\u00e9ministe Africain\"},\"sameAs\":[\"https:\\\/\\\/lemediafeministeafricain.com\\\/\"],\"url\":\"https:\\\/\\\/lemediafeministeafricain.com\\\/en\\\/author\\\/lemediafeministeafricain\\\/\"}]}<\/script>\n<!-- \/ Yoast SEO plugin. -->","yoast_head_json":{"title":"Promouvoir les droits des femmes rurales afin d'acc\u00e9lerer le d\u00e9veloppement durable en Afrique - Le M&eacute;dia F&eacute;ministe Africain","robots":{"index":"index","follow":"follow","max-snippet":"max-snippet:-1","max-image-preview":"max-image-preview:large","max-video-preview":"max-video-preview:-1"},"canonical":"https:\/\/lemediafeministeafricain.com\/en\/promouvoir-les-droits-des-femmes-rurales-afin-daccelerer-le-developpement-durable-en-afrique\/","og_locale":"en_US","og_type":"article","og_title":"Promouvoir les droits des femmes rurales afin d'acc\u00e9lerer le d\u00e9veloppement durable en Afrique - Le M&eacute;dia F&eacute;ministe Africain","og_description":"La journ\u00e9e internationale de la femme rurale, institu\u00e9e par l&#8217;Assembl\u00e9e G\u00e9n\u00e9rale des Nations Unies est c\u00e9l\u00e9br\u00e9e le 15 Octobre de chaque ann\u00e9e. Cette journ\u00e9e reconna\u00eet &#8220;le r\u00f4le et la contribution essentiels des femmes rurales, y compris des femmes autochtones, dans le renforcement du d\u00e9veloppement agricole et rural, l&#8217;am\u00e9lioration de la s\u00e9curit\u00e9 alimentaire et l&#8217;\u00e9radication de la pauvret\u00e9 rurale.&#8221; Selon l\u2019Organisation des Nations Unies pour l\u2019alimentation et l\u2019Agriculture, la femme rurale est celle qui vit en milieu rural ; et ses t\u00e2ches et responsabilit\u00e9s sont multiples et varient en fonction de son \u00e2ge, son origine et sa classe sociale. Ces femmes [&hellip;]","og_url":"https:\/\/lemediafeministeafricain.com\/en\/promouvoir-les-droits-des-femmes-rurales-afin-daccelerer-le-developpement-durable-en-afrique\/","og_site_name":"Le M&eacute;dia F&eacute;ministe Africain","article_publisher":"https:\/\/www.facebook.com\/profile.php?id=61557243280950","article_published_time":"2024-10-15T00:42:50+00:00","article_modified_time":"2024-10-15T00:54:47+00:00","og_image":[{"width":1920,"height":1278,"url":"https:\/\/lemediafeministeafricain.com\/wp-content\/uploads\/2024\/10\/392796532_790876046412337_5565593402843043834_n.webp","type":"image\/webp"}],"author":"Le M\u00e9dia F\u00e9ministe Africain","twitter_card":"summary_large_image","twitter_creator":"@mediafeministe","twitter_site":"@mediafeministe","twitter_misc":{"Written by":"Le M\u00e9dia F\u00e9ministe Africain","Est. reading time":"3 minutes"},"schema":{"@context":"https:\/\/schema.org","@graph":[{"@type":"Article","@id":"https:\/\/lemediafeministeafricain.com\/promouvoir-les-droits-des-femmes-rurales-afin-daccelerer-le-developpement-durable-en-afrique\/#article","isPartOf":{"@id":"https:\/\/lemediafeministeafricain.com\/promouvoir-les-droits-des-femmes-rurales-afin-daccelerer-le-developpement-durable-en-afrique\/"},"author":{"name":"Le M\u00e9dia F\u00e9ministe Africain","@id":"http:\/\/lemediafeministeafricain.com\/#\/schema\/person\/ca21ec79a7e5334e04e9b567a065cfc0"},"headline":"Promouvoir les droits des femmes rurales afin d&#8217;acc\u00e9lerer le d\u00e9veloppement durable en Afrique","datePublished":"2024-10-15T00:42:50+00:00","dateModified":"2024-10-15T00:54:47+00:00","mainEntityOfPage":{"@id":"https:\/\/lemediafeministeafricain.com\/promouvoir-les-droits-des-femmes-rurales-afin-daccelerer-le-developpement-durable-en-afrique\/"},"wordCount":448,"commentCount":0,"publisher":{"@id":"http:\/\/lemediafeministeafricain.com\/#organization"},"image":{"@id":"https:\/\/lemediafeministeafricain.com\/promouvoir-les-droits-des-femmes-rurales-afin-daccelerer-le-developpement-durable-en-afrique\/#primaryimage"},"thumbnailUrl":"https:\/\/lemediafeministeafricain.com\/wp-content\/uploads\/2024\/10\/392796532_790876046412337_5565593402843043834_n.webp","articleSection":["Politic"],"inLanguage":"en-US","potentialAction":[{"@type":"CommentAction","name":"Comment","target":["https:\/\/lemediafeministeafricain.com\/promouvoir-les-droits-des-femmes-rurales-afin-daccelerer-le-developpement-durable-en-afrique\/#respond"]}]},{"@type":"WebPage","@id":"https:\/\/lemediafeministeafricain.com\/promouvoir-les-droits-des-femmes-rurales-afin-daccelerer-le-developpement-durable-en-afrique\/","url":"https:\/\/lemediafeministeafricain.com\/promouvoir-les-droits-des-femmes-rurales-afin-daccelerer-le-developpement-durable-en-afrique\/","name":"Promouvoir les droits des femmes rurales afin d'acc\u00e9lerer le d\u00e9veloppement durable en Afrique - Le M&eacute;dia F&eacute;ministe Africain","isPartOf":{"@id":"http:\/\/lemediafeministeafricain.com\/#website"},"primaryImageOfPage":{"@id":"https:\/\/lemediafeministeafricain.com\/promouvoir-les-droits-des-femmes-rurales-afin-daccelerer-le-developpement-durable-en-afrique\/#primaryimage"},"image":{"@id":"https:\/\/lemediafeministeafricain.com\/promouvoir-les-droits-des-femmes-rurales-afin-daccelerer-le-developpement-durable-en-afrique\/#primaryimage"},"thumbnailUrl":"https:\/\/lemediafeministeafricain.com\/wp-content\/uploads\/2024\/10\/392796532_790876046412337_5565593402843043834_n.webp","datePublished":"2024-10-15T00:42:50+00:00","dateModified":"2024-10-15T00:54:47+00:00","breadcrumb":{"@id":"https:\/\/lemediafeministeafricain.com\/promouvoir-les-droits-des-femmes-rurales-afin-daccelerer-le-developpement-durable-en-afrique\/#breadcrumb"},"inLanguage":"en-US","potentialAction":[{"@type":"ReadAction","target":["https:\/\/lemediafeministeafricain.com\/promouvoir-les-droits-des-femmes-rurales-afin-daccelerer-le-developpement-durable-en-afrique\/"]}]},{"@type":"ImageObject","inLanguage":"en-US","@id":"https:\/\/lemediafeministeafricain.com\/promouvoir-les-droits-des-femmes-rurales-afin-daccelerer-le-developpement-durable-en-afrique\/#primaryimage","url":"https:\/\/lemediafeministeafricain.com\/wp-content\/uploads\/2024\/10\/392796532_790876046412337_5565593402843043834_n.webp","contentUrl":"https:\/\/lemediafeministeafricain.com\/wp-content\/uploads\/2024\/10\/392796532_790876046412337_5565593402843043834_n.webp","width":1920,"height":1278},{"@type":"BreadcrumbList","@id":"https:\/\/lemediafeministeafricain.com\/promouvoir-les-droits-des-femmes-rurales-afin-daccelerer-le-developpement-durable-en-afrique\/#breadcrumb","itemListElement":[{"@type":"ListItem","position":1,"name":"Home","item":"http:\/\/lemediafeministeafricain.com\/"},{"@type":"ListItem","position":2,"name":"Promouvoir les droits des femmes rurales afin d&#8217;acc\u00e9lerer le d\u00e9veloppement durable en Afrique"}]},{"@type":"WebSite","@id":"http:\/\/lemediafeministeafricain.com\/#website","url":"http:\/\/lemediafeministeafricain.com\/","name":"The African Feminist Media","description":"Le M&eacute;dia F&eacute;ministe Africain","publisher":{"@id":"http:\/\/lemediafeministeafricain.com\/#organization"},"alternateName":"M\u00e9dia F\u00e9ministe Africain","potentialAction":[{"@type":"SearchAction","target":{"@type":"EntryPoint","urlTemplate":"http:\/\/lemediafeministeafricain.com\/?s={search_term_string}"},"query-input":{"@type":"PropertyValueSpecification","valueRequired":true,"valueName":"search_term_string"}}],"inLanguage":"en-US"},{"@type":"Organization","@id":"http:\/\/lemediafeministeafricain.com\/#organization","name":"The African Feminist Media","alternateName":"M\u00e9dia F\u00e9ministe Africain","url":"http:\/\/lemediafeministeafricain.com\/","logo":{"@type":"ImageObject","inLanguage":"en-US","@id":"http:\/\/lemediafeministeafricain.com\/#\/schema\/logo\/image\/","url":"http:\/\/lemediafeministeafricain.com\/wp-content\/uploads\/2024\/05\/LMF.webp","contentUrl":"http:\/\/lemediafeministeafricain.com\/wp-content\/uploads\/2024\/05\/LMF.webp","width":1880,"height":1576,"caption":"Le M\u00e9dia F\u00e9ministe Africain"},"image":{"@id":"http:\/\/lemediafeministeafricain.com\/#\/schema\/logo\/image\/"},"sameAs":["https:\/\/www.facebook.com\/profile.php?id=61557243280950","https:\/\/x.com\/mediafeministe"]},{"@type":"Person","@id":"http:\/\/lemediafeministeafricain.com\/#\/schema\/person\/ca21ec79a7e5334e04e9b567a065cfc0","name":"The African Feminist Media","image":{"@type":"ImageObject","inLanguage":"en-US","@id":"https:\/\/secure.gravatar.com\/avatar\/52145e251d4472eb6112580fcf10b7c72b85cc63c31fdf1d9b1eabf2a90935d9?s=96&d=mm&r=g","url":"https:\/\/secure.gravatar.com\/avatar\/52145e251d4472eb6112580fcf10b7c72b85cc63c31fdf1d9b1eabf2a90935d9?s=96&d=mm&r=g","contentUrl":"https:\/\/secure.gravatar.com\/avatar\/52145e251d4472eb6112580fcf10b7c72b85cc63c31fdf1d9b1eabf2a90935d9?s=96&d=mm&r=g","caption":"Le M\u00e9dia F\u00e9ministe Africain"},"sameAs":["https:\/\/lemediafeministeafricain.com\/"],"url":"https:\/\/lemediafeministeafricain.com\/en\/author\/lemediafeministeafricain\/"}]}},"_links":{"self":[{"href":"https:\/\/lemediafeministeafricain.com\/en\/wp-json\/wp\/v2\/posts\/95468","targetHints":{"allow":["GET"]}}],"collection":[{"href":"https:\/\/lemediafeministeafricain.com\/en\/wp-json\/wp\/v2\/posts"}],"about":[{"href":"https:\/\/lemediafeministeafricain.com\/en\/wp-json\/wp\/v2\/types\/post"}],"author":[{"embeddable":true,"href":"https:\/\/lemediafeministeafricain.com\/en\/wp-json\/wp\/v2\/users\/2"}],"replies":[{"embeddable":true,"href":"https:\/\/lemediafeministeafricain.com\/en\/wp-json\/wp\/v2\/comments?post=95468"}],"version-history":[{"count":4,"href":"https:\/\/lemediafeministeafricain.com\/en\/wp-json\/wp\/v2\/posts\/95468\/revisions"}],"predecessor-version":[{"id":95476,"href":"https:\/\/lemediafeministeafricain.com\/en\/wp-json\/wp\/v2\/posts\/95468\/revisions\/95476"}],"wp:featuredmedia":[{"embeddable":true,"href":"https:\/\/lemediafeministeafricain.com\/en\/wp-json\/wp\/v2\/media\/95469"}],"wp:attachment":[{"href":"https:\/\/lemediafeministeafricain.com\/en\/wp-json\/wp\/v2\/media?parent=95468"}],"wp:term":[{"taxonomy":"category","embeddable":true,"href":"https:\/\/lemediafeministeafricain.com\/en\/wp-json\/wp\/v2\/categories?post=95468"},{"taxonomy":"post_tag","embeddable":true,"href":"https:\/\/lemediafeministeafricain.com\/en\/wp-json\/wp\/v2\/tags?post=95468"}],"curies":[{"name":"wp","href":"https:\/\/api.w.org\/{rel}","templated":true}]}}