{"id":95486,"date":"2024-11-03T08:45:30","date_gmt":"2024-11-03T08:45:30","guid":{"rendered":"https:\/\/lemediafeministeafricain.com\/?p=95486"},"modified":"2024-11-03T08:45:31","modified_gmt":"2024-11-03T08:45:31","slug":"feminismes-africains-les-rendez-vous-de-cette-fin-dannee-2024","status":"publish","type":"post","link":"https:\/\/lemediafeministeafricain.com\/en\/feminismes-africains-les-rendez-vous-de-cette-fin-dannee-2024\/","title":{"rendered":"African feminisms: Events for the end of 2024"},"content":{"rendered":"<p><strong>De Dakar au Cap en passant par Addis&#8230;en salle ou en plein air, d\u00e9couvrez quelques&nbsp;\u00e9v\u00e8nements majeurs pour les droits des femmes et des filles en Afrique.<\/strong><\/p>\n\n\n\n<figure class=\"wp-block-image size-large\"><img loading=\"lazy\" decoding=\"async\" width=\"1024\" height=\"575\" src=\"http:\/\/lemediafeministeafricain.com\/wp-content\/uploads\/2024\/11\/CINEFEMFEST-1024x575.png\" alt=\"\" class=\"wp-image-95487\" srcset=\"https:\/\/lemediafeministeafricain.com\/wp-content\/uploads\/2024\/11\/CINEFEMFEST-1024x575.png 1024w, https:\/\/lemediafeministeafricain.com\/wp-content\/uploads\/2024\/11\/CINEFEMFEST-300x168.png 300w, https:\/\/lemediafeministeafricain.com\/wp-content\/uploads\/2024\/11\/CINEFEMFEST-768x431.png 768w, https:\/\/lemediafeministeafricain.com\/wp-content\/uploads\/2024\/11\/CINEFEMFEST-18x10.png 18w, https:\/\/lemediafeministeafricain.com\/wp-content\/uploads\/2024\/11\/CINEFEMFEST-891x500.png 891w, https:\/\/lemediafeministeafricain.com\/wp-content\/uploads\/2024\/11\/CINEFEMFEST.png 1368w\" sizes=\"auto, (max-width: 1024px) 100vw, 1024px\" \/><figcaption class=\"wp-element-caption\">La deuxi\u00e8me \u00e9dition du Festival africain du film et de la recherche f\u00e9ministe (CINEFEMFEST) a d\u00e9marr\u00e9 \u00e0 Touba Dialaw au S\u00e9n\u00e9gal, ce 31 octobre et s\u2019ach\u00e8vera le 3 novembre sous le th\u00e8me \u00ab\u202fSolidarit\u00e9 transnationale et panafricaine, et cultures de non-violence\u202f\u00bb. <\/figcaption><\/figure>\n\n\n\n<h2 class=\"wp-block-heading\"><strong>CINEFEMFEST<\/strong>\u00a0<\/h2>\n\n\n\n<p>Le <a href=\"https:\/\/cinefemfest.com\/\">CINEFEMFEST festival<\/a>\u00a0est une initiative de la chercheuse et f\u00e9ministe s\u00e9n\u00e9galaise RAMA Salla Dieng. Il\u00a0a \u00e9t\u00e9 cr\u00e9\u00e9 dans le but d\u2019analyser la recherche et de c\u00e9l\u00e9brer le cin\u00e9ma africain avec une perspective f\u00e9ministe. \u00a0<\/p>\n\n\n\n<p>Rendu \u00e0 sa deuxi\u00e8me \u00e9dition cette ann\u00e9e 2024, cet \u00e9v\u00e8nement unique en son genre se positionne comme lieu de recherche et de c\u00e9l\u00e9bration des cin\u00e9mas africains sous une perspective f\u00e9ministe. &nbsp;<\/p>\n\n\n\n<p>Ainsi, pendant les 4 jours de la\u00a0rencontre, militantes, artistes et chercheuses f\u00e9ministes du S\u00e9n\u00e9gal et d\u2019ailleurs se retrouvent pour discuter et r\u00e9fl\u00e9chir autour du th\u00e8me : \u201cla solidarit\u00e9 transnationale et panafricaine et les cultures de non-violence. Cette 2\u00e8me \u00e9dition se penche particuli\u00e8rement sur les d\u00e9fis rencontr\u00e9s par les f\u00e9ministes dans la r\u00e9gion du sahel et parmi les participantes on peut citer la Prof. Fatou Sow, sociologue et f\u00e9ministe, l\u2019\u00e9crivaine Ken Bugul, la productrice Kalitsa Sy ou encore Francoise Moudouthe, la directrice de l\u2019African Women Development Fund (AWDF) qui sponsorise le festival.<\/p>\n\n\n\n<h2 class=\"wp-block-heading\">Le Forum \u201cSexual violence research initiative\u201d (SVRI)<\/h2>\n\n\n\n<p>Apr\u00e8s le S\u00e9n\u00e9gal, direction, l\u2019Afrique du Sud o\u00f9 s\u2019est tenue la principale conf\u00e9rence mondiale de recherche sur la violence \u00e0 l&#8217;\u00e9gard des femmes, et d&#8217;autres formes de violence li\u00e9es aux in\u00e9galit\u00e9s de&nbsp;sexes dans les pays en d\u00e9veloppement, la semaine derni\u00e8re dans la ville du Cap.&nbsp;&nbsp;<\/p>\n\n\n\n<p>Cette <a href=\"https:\/\/www.svriforum2024.org\/\">conf\u00e9rence annuelle<\/a> qui se d\u00e9finit comme \u201cla plus grande conf\u00e9rence d\u00e9di\u00e9e \u00e0 la recherche sur la pr\u00e9vention et la r\u00e9ponse \u00e0 la violence \u00e0 l&#8217;\u00e9gard des femmes dans toute leur diversit\u00e9 et \u00e0 la violence \u00e0 l&#8217;\u00e9gard des enfants\u201d a r\u00e9unit chercheurs, praticiens, d\u00e9cideurs politiques, bailleurs de fonds et\u00a0survivantes pendant 5 jours.<\/p>\n\n\n\n<h2 class=\"wp-block-heading\">Le festival des jeunes filles et femmes africaines<\/h2>\n\n\n\n<p>Du 1er au 2 Novembre 2024, le 4\u00e8me festival des jeunes filles et femmes africaines\u00a0(African Young Girls and Young Women festival) a lieu dans la capitale \u00e9thiopienne. Un \u00e9v\u00e9nement de deux jours qui a \u00e9t\u00e9 rempli d&#8217;amusement, d&#8217;inspiration et de sororit\u00e9 sous le th\u00e8me\u00a0\u201cC\u00e9l\u00e9bration des 30 ans de la D\u00e9claration de P\u00e9kin : autonomisation, plaisir et r\u00eaves d&#8217;avenir\u201d\u00a0<\/p>\n\n\n\n<p>L\u2019objectif a \u00e9t\u00e9 d&#8217;inciter \u00e0 des changements significatifs et de comm\u00e9morer trois d\u00e9cennies de travail et de progr\u00e8s dans la promotion des droits des femmes sur le continent. Parce que le mentorat est un pouvoir, les jeunes et les a\u00een\u00e9s se tiennent c\u00f4te \u00e0 c\u00f4te pour s&#8217;attaquer aux in\u00e9galit\u00e9s entre les sexes, partager leurs connaissances et repousser les limites.<\/p>\n\n\n\n<h2 class=\"wp-block-heading\">Le festival \u00e9cof\u00e9ministe de la Kimpavita\u00a0<\/h2>\n\n\n\n<p>Il s\u2019agit d\u2019un \u00e9v\u00e8nement culturel panafricain, f\u00e9ministe et \u00e9coresponsable qui a lieu depuis 2021. Cette ann\u00e9e, le festival met \u00e0 l\u2019honneur Fatima Al-Fihriya, une femme visionnaire du IXe si\u00e8cle. Elle a fond\u00e9 l\u2019Universit\u00e9 Al Quaraouiyine au Maroc, reconnue comme la plus ancienne institution d\u2019enseignement au monde.\u00a0<\/p>\n\n\n\n<p>Cette <a href=\"https:\/\/www.kimpavitadkr.com\/festival\">6\u00e8me \u00e9dition de la Kimpavita<\/a> sp\u00e9cial Maroc aura lieu dans la capitale s\u00e9n\u00e9galaise\u00a0les 15 et 16 novembre 2024. Si vous \u00eates \u00e0 Dakar\u00a0joignez-vous \u00e0 cet \u00e9v\u00e8nement extraordinaire qui allie \u00e9galit\u00e9 des genres et\u00a0protection de l\u2019environnement.<\/p>\n\n\n\n<figure class=\"wp-block-image size-full\"><img loading=\"lazy\" decoding=\"async\" width=\"753\" height=\"509\" src=\"https:\/\/lemediafeministeafricain.com\/wp-content\/uploads\/2024\/11\/Screenshot-2024-11-03-07.58.54.png\" alt=\"\" class=\"wp-image-95488\" srcset=\"https:\/\/lemediafeministeafricain.com\/wp-content\/uploads\/2024\/11\/Screenshot-2024-11-03-07.58.54.png 753w, https:\/\/lemediafeministeafricain.com\/wp-content\/uploads\/2024\/11\/Screenshot-2024-11-03-07.58.54-300x203.png 300w, https:\/\/lemediafeministeafricain.com\/wp-content\/uploads\/2024\/11\/Screenshot-2024-11-03-07.58.54-18x12.png 18w, https:\/\/lemediafeministeafricain.com\/wp-content\/uploads\/2024\/11\/Screenshot-2024-11-03-07.58.54-740x500.png 740w\" sizes=\"auto, (max-width: 753px) 100vw, 753px\" \/><\/figure>\n\n\n\n<p><\/p>","protected":false},"excerpt":{"rendered":"<p>De Dakar au Cap en passant par Addis&#8230;en salle ou en plein air, d\u00e9couvrez quelques&nbsp;\u00e9v\u00e8nements majeurs pour les droits des femmes et des filles en Afrique. CINEFEMFEST\u00a0 Le CINEFEMFEST festival\u00a0est une initiative de la chercheuse et f\u00e9ministe s\u00e9n\u00e9galaise RAMA Salla Dieng. Il\u00a0a \u00e9t\u00e9 cr\u00e9\u00e9 dans le but d\u2019analyser la recherche et de c\u00e9l\u00e9brer le cin\u00e9ma africain avec une perspective f\u00e9ministe. \u00a0 Rendu \u00e0 sa deuxi\u00e8me \u00e9dition cette ann\u00e9e 2024, cet \u00e9v\u00e8nement unique en son genre se positionne comme lieu de recherche et de c\u00e9l\u00e9bration des cin\u00e9mas africains sous une perspective f\u00e9ministe. &nbsp; Ainsi, pendant les 4 jours de la\u00a0rencontre, militantes, [&hellip;]<\/p>\n","protected":false},"author":2,"featured_media":95487,"comment_status":"closed","ping_status":"open","sticky":false,"template":"","format":"standard","meta":{"footnotes":""},"categories":[16],"tags":[],"class_list":["post-95486","post","type-post","status-publish","format-standard","has-post-thumbnail","hentry","category-culture"],"yoast_head":"<!-- This site is optimized with the Yoast SEO plugin v27.4 - https:\/\/yoast.com\/product\/yoast-seo-wordpress\/ -->\n<title>F\u00e9minismes africains : Les rendez-vous de cette fin d\u2019ann\u00e9e\u00a02024 - Le M&eacute;dia F&eacute;ministe Africain<\/title>\n<meta name=\"robots\" content=\"index, follow, max-snippet:-1, max-image-preview:large, max-video-preview:-1\" \/>\n<link rel=\"canonical\" href=\"https:\/\/lemediafeministeafricain.com\/en\/feminismes-africains-les-rendez-vous-de-cette-fin-dannee-2024\/\" \/>\n<meta property=\"og:locale\" content=\"en_US\" \/>\n<meta property=\"og:type\" content=\"article\" \/>\n<meta property=\"og:title\" content=\"F\u00e9minismes africains : Les rendez-vous de cette fin d\u2019ann\u00e9e\u00a02024 - Le M&eacute;dia F&eacute;ministe Africain\" \/>\n<meta property=\"og:description\" content=\"De Dakar au Cap en passant par Addis&#8230;en salle ou en plein air, d\u00e9couvrez quelques&nbsp;\u00e9v\u00e8nements majeurs pour les droits des femmes et des filles en Afrique. CINEFEMFEST\u00a0 Le CINEFEMFEST festival\u00a0est une initiative de la chercheuse et f\u00e9ministe s\u00e9n\u00e9galaise RAMA Salla Dieng. Il\u00a0a \u00e9t\u00e9 cr\u00e9\u00e9 dans le but d\u2019analyser la recherche et de c\u00e9l\u00e9brer le cin\u00e9ma africain avec une perspective f\u00e9ministe. \u00a0 Rendu \u00e0 sa deuxi\u00e8me \u00e9dition cette ann\u00e9e 2024, cet \u00e9v\u00e8nement unique en son genre se positionne comme lieu de recherche et de c\u00e9l\u00e9bration des cin\u00e9mas africains sous une perspective f\u00e9ministe. &nbsp; Ainsi, pendant les 4 jours de la\u00a0rencontre, militantes, [&hellip;]\" \/>\n<meta property=\"og:url\" content=\"https:\/\/lemediafeministeafricain.com\/en\/feminismes-africains-les-rendez-vous-de-cette-fin-dannee-2024\/\" \/>\n<meta property=\"og:site_name\" content=\"Le M&eacute;dia F&eacute;ministe Africain\" \/>\n<meta property=\"article:publisher\" content=\"https:\/\/www.facebook.com\/profile.php?id=61557243280950\" \/>\n<meta property=\"article:published_time\" content=\"2024-11-03T08:45:30+00:00\" \/>\n<meta property=\"article:modified_time\" content=\"2024-11-03T08:45:31+00:00\" \/>\n<meta property=\"og:image\" content=\"https:\/\/lemediafeministeafricain.com\/wp-content\/uploads\/2024\/11\/CINEFEMFEST.png\" \/>\n\t<meta property=\"og:image:width\" content=\"1368\" \/>\n\t<meta property=\"og:image:height\" content=\"768\" \/>\n\t<meta property=\"og:image:type\" content=\"image\/png\" \/>\n<meta name=\"author\" content=\"Le M\u00e9dia F\u00e9ministe Africain\" \/>\n<meta name=\"twitter:card\" content=\"summary_large_image\" \/>\n<meta name=\"twitter:creator\" content=\"@mediafeministe\" \/>\n<meta name=\"twitter:site\" content=\"@mediafeministe\" \/>\n<meta name=\"twitter:label1\" content=\"Written by\" \/>\n\t<meta name=\"twitter:data1\" content=\"Le M\u00e9dia F\u00e9ministe Africain\" \/>\n\t<meta name=\"twitter:label2\" content=\"Est. reading time\" \/>\n\t<meta name=\"twitter:data2\" content=\"3 minutes\" \/>\n<script type=\"application\/ld+json\" class=\"yoast-schema-graph\">{\"@context\":\"https:\\\/\\\/schema.org\",\"@graph\":[{\"@type\":\"Article\",\"@id\":\"https:\\\/\\\/lemediafeministeafricain.com\\\/feminismes-africains-les-rendez-vous-de-cette-fin-dannee-2024\\\/#article\",\"isPartOf\":{\"@id\":\"https:\\\/\\\/lemediafeministeafricain.com\\\/feminismes-africains-les-rendez-vous-de-cette-fin-dannee-2024\\\/\"},\"author\":{\"name\":\"Le M\u00e9dia F\u00e9ministe Africain\",\"@id\":\"http:\\\/\\\/lemediafeministeafricain.com\\\/#\\\/schema\\\/person\\\/ca21ec79a7e5334e04e9b567a065cfc0\"},\"headline\":\"F\u00e9minismes africains : Les rendez-vous de cette fin d\u2019ann\u00e9e\u00a02024\",\"datePublished\":\"2024-11-03T08:45:30+00:00\",\"dateModified\":\"2024-11-03T08:45:31+00:00\",\"mainEntityOfPage\":{\"@id\":\"https:\\\/\\\/lemediafeministeafricain.com\\\/feminismes-africains-les-rendez-vous-de-cette-fin-dannee-2024\\\/\"},\"wordCount\":641,\"publisher\":{\"@id\":\"http:\\\/\\\/lemediafeministeafricain.com\\\/#organization\"},\"image\":{\"@id\":\"https:\\\/\\\/lemediafeministeafricain.com\\\/feminismes-africains-les-rendez-vous-de-cette-fin-dannee-2024\\\/#primaryimage\"},\"thumbnailUrl\":\"https:\\\/\\\/lemediafeministeafricain.com\\\/wp-content\\\/uploads\\\/2024\\\/11\\\/CINEFEMFEST.png\",\"articleSection\":[\"Culture\"],\"inLanguage\":\"en-US\"},{\"@type\":\"WebPage\",\"@id\":\"https:\\\/\\\/lemediafeministeafricain.com\\\/feminismes-africains-les-rendez-vous-de-cette-fin-dannee-2024\\\/\",\"url\":\"https:\\\/\\\/lemediafeministeafricain.com\\\/feminismes-africains-les-rendez-vous-de-cette-fin-dannee-2024\\\/\",\"name\":\"F\u00e9minismes africains : Les rendez-vous de cette fin d\u2019ann\u00e9e\u00a02024 - Le M&eacute;dia F&eacute;ministe Africain\",\"isPartOf\":{\"@id\":\"http:\\\/\\\/lemediafeministeafricain.com\\\/#website\"},\"primaryImageOfPage\":{\"@id\":\"https:\\\/\\\/lemediafeministeafricain.com\\\/feminismes-africains-les-rendez-vous-de-cette-fin-dannee-2024\\\/#primaryimage\"},\"image\":{\"@id\":\"https:\\\/\\\/lemediafeministeafricain.com\\\/feminismes-africains-les-rendez-vous-de-cette-fin-dannee-2024\\\/#primaryimage\"},\"thumbnailUrl\":\"https:\\\/\\\/lemediafeministeafricain.com\\\/wp-content\\\/uploads\\\/2024\\\/11\\\/CINEFEMFEST.png\",\"datePublished\":\"2024-11-03T08:45:30+00:00\",\"dateModified\":\"2024-11-03T08:45:31+00:00\",\"breadcrumb\":{\"@id\":\"https:\\\/\\\/lemediafeministeafricain.com\\\/feminismes-africains-les-rendez-vous-de-cette-fin-dannee-2024\\\/#breadcrumb\"},\"inLanguage\":\"en-US\",\"potentialAction\":[{\"@type\":\"ReadAction\",\"target\":[\"https:\\\/\\\/lemediafeministeafricain.com\\\/feminismes-africains-les-rendez-vous-de-cette-fin-dannee-2024\\\/\"]}]},{\"@type\":\"ImageObject\",\"inLanguage\":\"en-US\",\"@id\":\"https:\\\/\\\/lemediafeministeafricain.com\\\/feminismes-africains-les-rendez-vous-de-cette-fin-dannee-2024\\\/#primaryimage\",\"url\":\"https:\\\/\\\/lemediafeministeafricain.com\\\/wp-content\\\/uploads\\\/2024\\\/11\\\/CINEFEMFEST.png\",\"contentUrl\":\"https:\\\/\\\/lemediafeministeafricain.com\\\/wp-content\\\/uploads\\\/2024\\\/11\\\/CINEFEMFEST.png\",\"width\":1368,\"height\":768,\"caption\":\"La deuxi\u00e8me \u00e9dition du Festival africain du film et de la recherche f\u00e9ministe (CINEFEMFEST) a d\u00e9marr\u00e9 \u00e0 Touba Dialaw au S\u00e9n\u00e9gal, ce 31 octobre et s\u2019ach\u00e8vera le 3 novembre sous le th\u00e8me \u00ab\u202fSolidarit\u00e9 transnationale et panafricaine, et cultures de non-violence\u202f\u00bb.\"},{\"@type\":\"BreadcrumbList\",\"@id\":\"https:\\\/\\\/lemediafeministeafricain.com\\\/feminismes-africains-les-rendez-vous-de-cette-fin-dannee-2024\\\/#breadcrumb\",\"itemListElement\":[{\"@type\":\"ListItem\",\"position\":1,\"name\":\"Home\",\"item\":\"http:\\\/\\\/lemediafeministeafricain.com\\\/\"},{\"@type\":\"ListItem\",\"position\":2,\"name\":\"F\u00e9minismes africains : Les rendez-vous de cette fin d\u2019ann\u00e9e\u00a02024\"}]},{\"@type\":\"WebSite\",\"@id\":\"http:\\\/\\\/lemediafeministeafricain.com\\\/#website\",\"url\":\"http:\\\/\\\/lemediafeministeafricain.com\\\/\",\"name\":\"Le M\u00e9dia F\u00e9ministe Africain\",\"description\":\"Le M&eacute;dia F&eacute;ministe Africain\",\"publisher\":{\"@id\":\"http:\\\/\\\/lemediafeministeafricain.com\\\/#organization\"},\"alternateName\":\"M\u00e9dia F\u00e9ministe Africain\",\"potentialAction\":[{\"@type\":\"SearchAction\",\"target\":{\"@type\":\"EntryPoint\",\"urlTemplate\":\"http:\\\/\\\/lemediafeministeafricain.com\\\/?s={search_term_string}\"},\"query-input\":{\"@type\":\"PropertyValueSpecification\",\"valueRequired\":true,\"valueName\":\"search_term_string\"}}],\"inLanguage\":\"en-US\"},{\"@type\":\"Organization\",\"@id\":\"http:\\\/\\\/lemediafeministeafricain.com\\\/#organization\",\"name\":\"Le M\u00e9dia F\u00e9ministe Africain\",\"alternateName\":\"M\u00e9dia F\u00e9ministe Africain\",\"url\":\"http:\\\/\\\/lemediafeministeafricain.com\\\/\",\"logo\":{\"@type\":\"ImageObject\",\"inLanguage\":\"en-US\",\"@id\":\"http:\\\/\\\/lemediafeministeafricain.com\\\/#\\\/schema\\\/logo\\\/image\\\/\",\"url\":\"http:\\\/\\\/lemediafeministeafricain.com\\\/wp-content\\\/uploads\\\/2024\\\/05\\\/LMF.webp\",\"contentUrl\":\"http:\\\/\\\/lemediafeministeafricain.com\\\/wp-content\\\/uploads\\\/2024\\\/05\\\/LMF.webp\",\"width\":1880,\"height\":1576,\"caption\":\"Le M\u00e9dia F\u00e9ministe Africain\"},\"image\":{\"@id\":\"http:\\\/\\\/lemediafeministeafricain.com\\\/#\\\/schema\\\/logo\\\/image\\\/\"},\"sameAs\":[\"https:\\\/\\\/www.facebook.com\\\/profile.php?id=61557243280950\",\"https:\\\/\\\/x.com\\\/mediafeministe\"]},{\"@type\":\"Person\",\"@id\":\"http:\\\/\\\/lemediafeministeafricain.com\\\/#\\\/schema\\\/person\\\/ca21ec79a7e5334e04e9b567a065cfc0\",\"name\":\"Le M\u00e9dia F\u00e9ministe Africain\",\"image\":{\"@type\":\"ImageObject\",\"inLanguage\":\"en-US\",\"@id\":\"https:\\\/\\\/secure.gravatar.com\\\/avatar\\\/52145e251d4472eb6112580fcf10b7c72b85cc63c31fdf1d9b1eabf2a90935d9?s=96&d=mm&r=g\",\"url\":\"https:\\\/\\\/secure.gravatar.com\\\/avatar\\\/52145e251d4472eb6112580fcf10b7c72b85cc63c31fdf1d9b1eabf2a90935d9?s=96&d=mm&r=g\",\"contentUrl\":\"https:\\\/\\\/secure.gravatar.com\\\/avatar\\\/52145e251d4472eb6112580fcf10b7c72b85cc63c31fdf1d9b1eabf2a90935d9?s=96&d=mm&r=g\",\"caption\":\"Le M\u00e9dia F\u00e9ministe Africain\"},\"sameAs\":[\"https:\\\/\\\/lemediafeministeafricain.com\\\/\"],\"url\":\"https:\\\/\\\/lemediafeministeafricain.com\\\/en\\\/author\\\/lemediafeministeafricain\\\/\"}]}<\/script>\n<!-- \/ Yoast SEO plugin. -->","yoast_head_json":{"title":"F\u00e9minismes africains : Les rendez-vous de cette fin d\u2019ann\u00e9e\u00a02024 - Le M&eacute;dia F&eacute;ministe Africain","robots":{"index":"index","follow":"follow","max-snippet":"max-snippet:-1","max-image-preview":"max-image-preview:large","max-video-preview":"max-video-preview:-1"},"canonical":"https:\/\/lemediafeministeafricain.com\/en\/feminismes-africains-les-rendez-vous-de-cette-fin-dannee-2024\/","og_locale":"en_US","og_type":"article","og_title":"F\u00e9minismes africains : Les rendez-vous de cette fin d\u2019ann\u00e9e\u00a02024 - Le M&eacute;dia F&eacute;ministe Africain","og_description":"De Dakar au Cap en passant par Addis&#8230;en salle ou en plein air, d\u00e9couvrez quelques&nbsp;\u00e9v\u00e8nements majeurs pour les droits des femmes et des filles en Afrique. CINEFEMFEST\u00a0 Le CINEFEMFEST festival\u00a0est une initiative de la chercheuse et f\u00e9ministe s\u00e9n\u00e9galaise RAMA Salla Dieng. Il\u00a0a \u00e9t\u00e9 cr\u00e9\u00e9 dans le but d\u2019analyser la recherche et de c\u00e9l\u00e9brer le cin\u00e9ma africain avec une perspective f\u00e9ministe. \u00a0 Rendu \u00e0 sa deuxi\u00e8me \u00e9dition cette ann\u00e9e 2024, cet \u00e9v\u00e8nement unique en son genre se positionne comme lieu de recherche et de c\u00e9l\u00e9bration des cin\u00e9mas africains sous une perspective f\u00e9ministe. &nbsp; Ainsi, pendant les 4 jours de la\u00a0rencontre, militantes, [&hellip;]","og_url":"https:\/\/lemediafeministeafricain.com\/en\/feminismes-africains-les-rendez-vous-de-cette-fin-dannee-2024\/","og_site_name":"Le M&eacute;dia F&eacute;ministe Africain","article_publisher":"https:\/\/www.facebook.com\/profile.php?id=61557243280950","article_published_time":"2024-11-03T08:45:30+00:00","article_modified_time":"2024-11-03T08:45:31+00:00","og_image":[{"width":1368,"height":768,"url":"https:\/\/lemediafeministeafricain.com\/wp-content\/uploads\/2024\/11\/CINEFEMFEST.png","type":"image\/png"}],"author":"Le M\u00e9dia F\u00e9ministe Africain","twitter_card":"summary_large_image","twitter_creator":"@mediafeministe","twitter_site":"@mediafeministe","twitter_misc":{"Written by":"Le M\u00e9dia F\u00e9ministe Africain","Est. reading time":"3 minutes"},"schema":{"@context":"https:\/\/schema.org","@graph":[{"@type":"Article","@id":"https:\/\/lemediafeministeafricain.com\/feminismes-africains-les-rendez-vous-de-cette-fin-dannee-2024\/#article","isPartOf":{"@id":"https:\/\/lemediafeministeafricain.com\/feminismes-africains-les-rendez-vous-de-cette-fin-dannee-2024\/"},"author":{"name":"Le M\u00e9dia F\u00e9ministe Africain","@id":"http:\/\/lemediafeministeafricain.com\/#\/schema\/person\/ca21ec79a7e5334e04e9b567a065cfc0"},"headline":"F\u00e9minismes africains : Les rendez-vous de cette fin d\u2019ann\u00e9e\u00a02024","datePublished":"2024-11-03T08:45:30+00:00","dateModified":"2024-11-03T08:45:31+00:00","mainEntityOfPage":{"@id":"https:\/\/lemediafeministeafricain.com\/feminismes-africains-les-rendez-vous-de-cette-fin-dannee-2024\/"},"wordCount":641,"publisher":{"@id":"http:\/\/lemediafeministeafricain.com\/#organization"},"image":{"@id":"https:\/\/lemediafeministeafricain.com\/feminismes-africains-les-rendez-vous-de-cette-fin-dannee-2024\/#primaryimage"},"thumbnailUrl":"https:\/\/lemediafeministeafricain.com\/wp-content\/uploads\/2024\/11\/CINEFEMFEST.png","articleSection":["Culture"],"inLanguage":"en-US"},{"@type":"WebPage","@id":"https:\/\/lemediafeministeafricain.com\/feminismes-africains-les-rendez-vous-de-cette-fin-dannee-2024\/","url":"https:\/\/lemediafeministeafricain.com\/feminismes-africains-les-rendez-vous-de-cette-fin-dannee-2024\/","name":"F\u00e9minismes africains : Les rendez-vous de cette fin d\u2019ann\u00e9e\u00a02024 - Le M&eacute;dia F&eacute;ministe Africain","isPartOf":{"@id":"http:\/\/lemediafeministeafricain.com\/#website"},"primaryImageOfPage":{"@id":"https:\/\/lemediafeministeafricain.com\/feminismes-africains-les-rendez-vous-de-cette-fin-dannee-2024\/#primaryimage"},"image":{"@id":"https:\/\/lemediafeministeafricain.com\/feminismes-africains-les-rendez-vous-de-cette-fin-dannee-2024\/#primaryimage"},"thumbnailUrl":"https:\/\/lemediafeministeafricain.com\/wp-content\/uploads\/2024\/11\/CINEFEMFEST.png","datePublished":"2024-11-03T08:45:30+00:00","dateModified":"2024-11-03T08:45:31+00:00","breadcrumb":{"@id":"https:\/\/lemediafeministeafricain.com\/feminismes-africains-les-rendez-vous-de-cette-fin-dannee-2024\/#breadcrumb"},"inLanguage":"en-US","potentialAction":[{"@type":"ReadAction","target":["https:\/\/lemediafeministeafricain.com\/feminismes-africains-les-rendez-vous-de-cette-fin-dannee-2024\/"]}]},{"@type":"ImageObject","inLanguage":"en-US","@id":"https:\/\/lemediafeministeafricain.com\/feminismes-africains-les-rendez-vous-de-cette-fin-dannee-2024\/#primaryimage","url":"https:\/\/lemediafeministeafricain.com\/wp-content\/uploads\/2024\/11\/CINEFEMFEST.png","contentUrl":"https:\/\/lemediafeministeafricain.com\/wp-content\/uploads\/2024\/11\/CINEFEMFEST.png","width":1368,"height":768,"caption":"La deuxi\u00e8me \u00e9dition du Festival africain du film et de la recherche f\u00e9ministe (CINEFEMFEST) a d\u00e9marr\u00e9 \u00e0 Touba Dialaw au S\u00e9n\u00e9gal, ce 31 octobre et s\u2019ach\u00e8vera le 3 novembre sous le th\u00e8me \u00ab\u202fSolidarit\u00e9 transnationale et panafricaine, et cultures de non-violence\u202f\u00bb."},{"@type":"BreadcrumbList","@id":"https:\/\/lemediafeministeafricain.com\/feminismes-africains-les-rendez-vous-de-cette-fin-dannee-2024\/#breadcrumb","itemListElement":[{"@type":"ListItem","position":1,"name":"Home","item":"http:\/\/lemediafeministeafricain.com\/"},{"@type":"ListItem","position":2,"name":"F\u00e9minismes africains : Les rendez-vous de cette fin d\u2019ann\u00e9e\u00a02024"}]},{"@type":"WebSite","@id":"http:\/\/lemediafeministeafricain.com\/#website","url":"http:\/\/lemediafeministeafricain.com\/","name":"The African Feminist Media","description":"Le M&eacute;dia F&eacute;ministe Africain","publisher":{"@id":"http:\/\/lemediafeministeafricain.com\/#organization"},"alternateName":"M\u00e9dia F\u00e9ministe Africain","potentialAction":[{"@type":"SearchAction","target":{"@type":"EntryPoint","urlTemplate":"http:\/\/lemediafeministeafricain.com\/?s={search_term_string}"},"query-input":{"@type":"PropertyValueSpecification","valueRequired":true,"valueName":"search_term_string"}}],"inLanguage":"en-US"},{"@type":"Organization","@id":"http:\/\/lemediafeministeafricain.com\/#organization","name":"The African Feminist Media","alternateName":"M\u00e9dia F\u00e9ministe Africain","url":"http:\/\/lemediafeministeafricain.com\/","logo":{"@type":"ImageObject","inLanguage":"en-US","@id":"http:\/\/lemediafeministeafricain.com\/#\/schema\/logo\/image\/","url":"http:\/\/lemediafeministeafricain.com\/wp-content\/uploads\/2024\/05\/LMF.webp","contentUrl":"http:\/\/lemediafeministeafricain.com\/wp-content\/uploads\/2024\/05\/LMF.webp","width":1880,"height":1576,"caption":"Le M\u00e9dia F\u00e9ministe Africain"},"image":{"@id":"http:\/\/lemediafeministeafricain.com\/#\/schema\/logo\/image\/"},"sameAs":["https:\/\/www.facebook.com\/profile.php?id=61557243280950","https:\/\/x.com\/mediafeministe"]},{"@type":"Person","@id":"http:\/\/lemediafeministeafricain.com\/#\/schema\/person\/ca21ec79a7e5334e04e9b567a065cfc0","name":"The African Feminist Media","image":{"@type":"ImageObject","inLanguage":"en-US","@id":"https:\/\/secure.gravatar.com\/avatar\/52145e251d4472eb6112580fcf10b7c72b85cc63c31fdf1d9b1eabf2a90935d9?s=96&d=mm&r=g","url":"https:\/\/secure.gravatar.com\/avatar\/52145e251d4472eb6112580fcf10b7c72b85cc63c31fdf1d9b1eabf2a90935d9?s=96&d=mm&r=g","contentUrl":"https:\/\/secure.gravatar.com\/avatar\/52145e251d4472eb6112580fcf10b7c72b85cc63c31fdf1d9b1eabf2a90935d9?s=96&d=mm&r=g","caption":"Le M\u00e9dia F\u00e9ministe Africain"},"sameAs":["https:\/\/lemediafeministeafricain.com\/"],"url":"https:\/\/lemediafeministeafricain.com\/en\/author\/lemediafeministeafricain\/"}]}},"_links":{"self":[{"href":"https:\/\/lemediafeministeafricain.com\/en\/wp-json\/wp\/v2\/posts\/95486","targetHints":{"allow":["GET"]}}],"collection":[{"href":"https:\/\/lemediafeministeafricain.com\/en\/wp-json\/wp\/v2\/posts"}],"about":[{"href":"https:\/\/lemediafeministeafricain.com\/en\/wp-json\/wp\/v2\/types\/post"}],"author":[{"embeddable":true,"href":"https:\/\/lemediafeministeafricain.com\/en\/wp-json\/wp\/v2\/users\/2"}],"replies":[{"embeddable":true,"href":"https:\/\/lemediafeministeafricain.com\/en\/wp-json\/wp\/v2\/comments?post=95486"}],"version-history":[{"count":1,"href":"https:\/\/lemediafeministeafricain.com\/en\/wp-json\/wp\/v2\/posts\/95486\/revisions"}],"predecessor-version":[{"id":95489,"href":"https:\/\/lemediafeministeafricain.com\/en\/wp-json\/wp\/v2\/posts\/95486\/revisions\/95489"}],"wp:featuredmedia":[{"embeddable":true,"href":"https:\/\/lemediafeministeafricain.com\/en\/wp-json\/wp\/v2\/media\/95487"}],"wp:attachment":[{"href":"https:\/\/lemediafeministeafricain.com\/en\/wp-json\/wp\/v2\/media?parent=95486"}],"wp:term":[{"taxonomy":"category","embeddable":true,"href":"https:\/\/lemediafeministeafricain.com\/en\/wp-json\/wp\/v2\/categories?post=95486"},{"taxonomy":"post_tag","embeddable":true,"href":"https:\/\/lemediafeministeafricain.com\/en\/wp-json\/wp\/v2\/tags?post=95486"}],"curies":[{"name":"wp","href":"https:\/\/api.w.org\/{rel}","templated":true}]}}