{"id":95490,"date":"2024-11-10T22:07:46","date_gmt":"2024-11-10T22:07:46","guid":{"rendered":"https:\/\/lemediafeministeafricain.com\/?p=95490"},"modified":"2024-11-10T22:07:46","modified_gmt":"2024-11-10T22:07:46","slug":"au-senegal-les-femmes-en-premiere-ligne-contre-la-crise-climatique","status":"publish","type":"post","link":"https:\/\/lemediafeministeafricain.com\/en\/au-senegal-les-femmes-en-premiere-ligne-contre-la-crise-climatique\/","title":{"rendered":"In Senegal, women on the front line against the climate crisis!"},"content":{"rendered":"<figure class=\"wp-block-gallery has-nested-images columns-default is-cropped wp-block-gallery-1 is-layout-flex wp-block-gallery-is-layout-flex\">\n<figure class=\"wp-block-image size-large\"><img loading=\"lazy\" decoding=\"async\" width=\"1024\" height=\"768\" data-id=\"95491\" src=\"https:\/\/lemediafeministeafricain.com\/wp-content\/uploads\/2024\/11\/WhatsApp-Image-2024-11-10-at-20.59.45-1024x768.jpeg\" alt=\"\" class=\"wp-image-95491\" srcset=\"https:\/\/lemediafeministeafricain.com\/wp-content\/uploads\/2024\/11\/WhatsApp-Image-2024-11-10-at-20.59.45-1024x768.jpeg 1024w, https:\/\/lemediafeministeafricain.com\/wp-content\/uploads\/2024\/11\/WhatsApp-Image-2024-11-10-at-20.59.45-300x225.jpeg 300w, https:\/\/lemediafeministeafricain.com\/wp-content\/uploads\/2024\/11\/WhatsApp-Image-2024-11-10-at-20.59.45-768x576.jpeg 768w, https:\/\/lemediafeministeafricain.com\/wp-content\/uploads\/2024\/11\/WhatsApp-Image-2024-11-10-at-20.59.45-16x12.jpeg 16w, https:\/\/lemediafeministeafricain.com\/wp-content\/uploads\/2024\/11\/WhatsApp-Image-2024-11-10-at-20.59.45-667x500.jpeg 667w, https:\/\/lemediafeministeafricain.com\/wp-content\/uploads\/2024\/11\/WhatsApp-Image-2024-11-10-at-20.59.45.jpeg 1280w\" sizes=\"auto, (max-width: 1024px) 100vw, 1024px\" \/><figcaption class=\"wp-element-caption\">Au S\u00e9n\u00e9gal, la 4\u00e8me \u00e9dition de la marche des femmes pour le climat a eu lieu \u00e0 Dakar le 3 novembre 2024 avec une cinquantaine de femmes venues  de toutes les r\u00e9gions du pays. Cr\u00e9dit photo: Le M\u00e9dia F\u00e9ministe Africain<\/figcaption><\/figure>\n<\/figure>\n\n\n\n<p>Samedi dernier, des femmes de toutes les r\u00e9gions du S\u00e9n\u00e9gal se sont rassembl\u00e9es dans les rues de Dakar pour une cause qui les concerne de pr\u00e8s : le changement climatique.<\/p>\n\n\n\n<p>\u00c0 l\u2019initiative de l\u2019activiste climatique Khady Camara, elles ont particip\u00e9 \u00e0 la 4\u00e8me \u00e9dition de la &#8220;marche des femmes pour le climat&#8221;. \u00c0 l\u2019aube de la COP 29, ce rassemblement porte un message fort, qui transcende les fronti\u00e8res g\u00e9ographiques et sociales : face \u00e0 la crise climatique, les femmes, surtout en milieu rural, sont non seulement les plus expos\u00e9es, mais \u00e9galement des partenaires incontournables.<\/p>\n\n\n\n<h2 class=\"wp-block-heading\"><strong>Les femmes rurales : premi\u00e8res victimes du changement climatique<\/strong><\/h2>\n\n\n\n<p>Les femmes en milieu rural au S\u00e9n\u00e9gal, comme dans de nombreux autres pays vuln\u00e9rables en Afrique, subissent de plein fouet les cons\u00e9quences du changement climatique. S\u00e9cheresses, inondations et d\u00e9gradation des terres affectent leurs moyens de subsistance, en particulier dans les secteurs agricoles o\u00f9 elles sont les plus actives. <\/p>\n\n\n\n<p>En Afrique subsaharienne, les femmes repr\u00e9sentent pr\u00e8s de 60 % de la main-d&#8217;\u0153uvre agricole. Elles sont responsables de la production alimentaire, de la gestion de l\u2019eau et du bois de chauffe pour leurs foyers, des ressources de plus en plus menac\u00e9es par des conditions climatiques extr\u00eames. Cette situation les place, \u00e0 la fois, en premi\u00e8re ligne des impacts et en position strat\u00e9gique pour mener la transition \u00e9cologique.<\/p>\n\n\n\n<h2 class=\"wp-block-heading\"><strong>Un appel pour la justice climatique<\/strong><\/h2>\n\n\n\n<p>Alors que la COP 29 d\u00e9bute aujourd&#8217;hui \u00e0 Baku, la capitale de l&#8217;Aazerba\u00efdjan, la marche des femmes pour le climat, loin d\u2019\u00eatre une simple revendication \u00e9cologique, est un appel clair pour la justice climatique comme l\u2019a soulign\u00e9 Khady Camara:<\/p>\n\n\n\n<p><em>\u201c Cette marche est un appel aux d\u00e9cideurs du monde entier qui se regroupent \u00e0 Bakou, la capitale de l&#8217;Azerba\u00efdjan pour la COP. Il est temps que les pays pollueurs respectent les engagements de l\u2019Accord de Paris et r\u00e9duisent leurs \u00e9missions de gaz \u00e0 effet de serre. Il est temps \u00e9galement de renforcer la r\u00e9silience des communaut\u00e9s vuln\u00e9rables, et pour cela, il faut que les fonds li\u00e9s aux pertes et dommages soient des subventions et non des dettes.<\/em><\/p>\n\n\n\n<p>Comme d\u2019autres femmes pr\u00e9sentes, elle r\u00e9clame des actions concr\u00e8tes et ambitieuses de la part des gouvernements, des organisations internationales et des bailleurs de fonds. Leur message est clair : il est temps que les politiques climatiques prennent en compte la sp\u00e9cificit\u00e9 de leurs r\u00e9alit\u00e9s et de leurs besoins, qu\u2019il s\u2019agisse d&#8217;acc\u00e8s \u00e0 des ressources pour des pratiques agricoles durables ou de financements pour des projets communautaires.<\/p>\n\n\n\n<p>Cette mobilisation rappelle \u00e9galement que les r\u00e9ponses aux d\u00e9fis climatiques doivent \u00eatre sensibles au genre. Les femmes rurales subissent des discriminations structurelles qui aggravent leur vuln\u00e9rabilit\u00e9, notamment l\u2019acc\u00e8s limit\u00e9 aux terres, aux technologies agricoles et aux financements.<\/p>\n\n\n\n<p><em>\u201cNous les femmes, on a plein de projets, mais on n&#8217;a pas acc\u00e8s au financement!\u201d<\/em><\/p>\n\n\n\n<p>a regrett\u00e9 Cheikh Nya Faye, commer\u00e7ante venue de Mbour, tr\u00e8s en col\u00e8re.<\/p>\n\n\n\n<h2 class=\"wp-block-heading\"><strong>La puissance de la sororit\u00e9 dans la lutte climatique<\/strong><\/h2>\n\n\n\n<p>Ce rassemblement t\u00e9moigne \u00e9galement de la force de la solidarit\u00e9 f\u00e9minine. Depuis son lancement en 2021, la Marche des Femmes pour le Climat est devenue un espace o\u00f9 les femmes s\u00e9n\u00e9galaises, issues de divers horizons, se r\u00e9unissent pour partager leurs histoires et leurs luttes. <\/p>\n\n\n\n<p>Leur d\u00e9marche rejoint un mouvement plus large : celui des femmes \u00e0 travers le monde qui refusent d&#8217;\u00eatre r\u00e9duites au r\u00f4le de victimes, mais qui s\u2019affirment comme des actrices cl\u00e9s de la transformation \u00e9cologique<\/p>\n\n\n\n<h2 class=\"wp-block-heading\"><strong>\u201cLes femmes la solution\u201d<\/strong><\/h2>\n\n\n\n<p>Ce slogan longuement repris lors de la marche invite les gouvernements locaux ainsi que la communaut\u00e9 internationale \u00e0 prendre conscience de l\u2019urgence d\u2019inclure les femmes dans les discussions climatiques, non pas seulement en tant que b\u00e9n\u00e9ficiaires des actions, mais en tant que leaders de celles-ci. <\/p>\n\n\n\n<p>Leur expertise est indispensable pour concevoir des r\u00e9ponses ancr\u00e9es dans les r\u00e9alit\u00e9s locales. Des pratiques agricoles r\u00e9silientes, des mod\u00e8les de gestion de l\u2019eau, des innovations dans la conservation des semences: autant de savoir-faire port\u00e9 par des femmes et qui m\u00e9rite une reconnaissance mondiale.<\/p>\n\n\n\n<p>\u00ab <em>Les femmes ont des solutions qui peuvent changer les choses ! Il faut les \u00e9couter !<\/em> \u00bb a martel\u00e9 Meyrame Sy, membre du mouvement des <a href=\"https:\/\/jvesenegal.org\/\">Jeunes volontaires pour l\u2019environnement.<\/a> <\/p>","protected":false},"excerpt":{"rendered":"<p>Samedi dernier, des femmes de toutes les r\u00e9gions du S\u00e9n\u00e9gal se sont rassembl\u00e9es dans les rues de Dakar pour une cause qui les concerne de pr\u00e8s : le changement climatique. \u00c0 l\u2019initiative de l\u2019activiste climatique Khady Camara, elles ont particip\u00e9 \u00e0 la 4\u00e8me \u00e9dition de la &#8220;marche des femmes pour le climat&#8221;. \u00c0 l\u2019aube de la COP 29, ce rassemblement porte un message fort, qui transcende les fronti\u00e8res g\u00e9ographiques et sociales : face \u00e0 la crise climatique, les femmes, surtout en milieu rural, sont non seulement les plus expos\u00e9es, mais \u00e9galement des partenaires incontournables. Les femmes rurales : premi\u00e8res victimes [&hellip;]<\/p>\n","protected":false},"author":2,"featured_media":95491,"comment_status":"open","ping_status":"open","sticky":false,"template":"","format":"standard","meta":{"footnotes":""},"categories":[19],"tags":[],"class_list":["post-95490","post","type-post","status-publish","format-standard","has-post-thumbnail","hentry","category-politic"],"yoast_head":"<!-- This site is optimized with the Yoast SEO plugin v27.4 - https:\/\/yoast.com\/product\/yoast-seo-wordpress\/ -->\n<title>Au S\u00e9n\u00e9gal, les femmes en premi\u00e8re ligne contre la crise climatique! - Le M&eacute;dia F&eacute;ministe Africain<\/title>\n<meta name=\"description\" content=\"Changement climatique, crise climatique COP29, Accords de Paris, femmes rurales, S\u00e9n\u00e8gal, marche des femmes pour le climat, Dakar,\" \/>\n<meta name=\"robots\" content=\"index, follow, max-snippet:-1, max-image-preview:large, max-video-preview:-1\" \/>\n<link rel=\"canonical\" href=\"https:\/\/lemediafeministeafricain.com\/en\/au-senegal-les-femmes-en-premiere-ligne-contre-la-crise-climatique\/\" \/>\n<meta property=\"og:locale\" content=\"en_US\" \/>\n<meta property=\"og:type\" content=\"article\" \/>\n<meta property=\"og:title\" content=\"Au S\u00e9n\u00e9gal, les femmes en premi\u00e8re ligne contre la crise climatique! - Le M&eacute;dia F&eacute;ministe Africain\" \/>\n<meta property=\"og:description\" content=\"Changement climatique, crise climatique COP29, Accords de Paris, femmes rurales, S\u00e9n\u00e8gal, marche des femmes pour le climat, Dakar,\" \/>\n<meta property=\"og:url\" content=\"https:\/\/lemediafeministeafricain.com\/en\/au-senegal-les-femmes-en-premiere-ligne-contre-la-crise-climatique\/\" \/>\n<meta property=\"og:site_name\" content=\"Le M&eacute;dia F&eacute;ministe Africain\" \/>\n<meta property=\"article:publisher\" content=\"https:\/\/www.facebook.com\/profile.php?id=61557243280950\" \/>\n<meta property=\"article:published_time\" content=\"2024-11-10T22:07:46+00:00\" \/>\n<meta property=\"og:image\" content=\"https:\/\/lemediafeministeafricain.com\/wp-content\/uploads\/2024\/11\/WhatsApp-Image-2024-11-10-at-20.59.45.jpeg\" \/>\n\t<meta property=\"og:image:width\" content=\"1280\" \/>\n\t<meta property=\"og:image:height\" content=\"960\" \/>\n\t<meta property=\"og:image:type\" content=\"image\/jpeg\" \/>\n<meta name=\"author\" content=\"Le M\u00e9dia F\u00e9ministe Africain\" \/>\n<meta name=\"twitter:card\" content=\"summary_large_image\" \/>\n<meta name=\"twitter:creator\" content=\"@mediafeministe\" \/>\n<meta name=\"twitter:site\" content=\"@mediafeministe\" \/>\n<meta name=\"twitter:label1\" content=\"Written by\" \/>\n\t<meta name=\"twitter:data1\" content=\"Le M\u00e9dia F\u00e9ministe Africain\" \/>\n\t<meta name=\"twitter:label2\" content=\"Est. reading time\" \/>\n\t<meta name=\"twitter:data2\" content=\"4 minutes\" \/>\n<script type=\"application\/ld+json\" class=\"yoast-schema-graph\">{\"@context\":\"https:\\\/\\\/schema.org\",\"@graph\":[{\"@type\":\"Article\",\"@id\":\"https:\\\/\\\/lemediafeministeafricain.com\\\/au-senegal-les-femmes-en-premiere-ligne-contre-la-crise-climatique\\\/#article\",\"isPartOf\":{\"@id\":\"https:\\\/\\\/lemediafeministeafricain.com\\\/au-senegal-les-femmes-en-premiere-ligne-contre-la-crise-climatique\\\/\"},\"author\":{\"name\":\"Le M\u00e9dia F\u00e9ministe Africain\",\"@id\":\"http:\\\/\\\/lemediafeministeafricain.com\\\/#\\\/schema\\\/person\\\/ca21ec79a7e5334e04e9b567a065cfc0\"},\"headline\":\"Au S\u00e9n\u00e9gal, les femmes en premi\u00e8re ligne contre la crise climatique!\",\"datePublished\":\"2024-11-10T22:07:46+00:00\",\"mainEntityOfPage\":{\"@id\":\"https:\\\/\\\/lemediafeministeafricain.com\\\/au-senegal-les-femmes-en-premiere-ligne-contre-la-crise-climatique\\\/\"},\"wordCount\":797,\"commentCount\":0,\"publisher\":{\"@id\":\"http:\\\/\\\/lemediafeministeafricain.com\\\/#organization\"},\"image\":{\"@id\":\"https:\\\/\\\/lemediafeministeafricain.com\\\/au-senegal-les-femmes-en-premiere-ligne-contre-la-crise-climatique\\\/#primaryimage\"},\"thumbnailUrl\":\"https:\\\/\\\/lemediafeministeafricain.com\\\/wp-content\\\/uploads\\\/2024\\\/11\\\/WhatsApp-Image-2024-11-10-at-20.59.45.jpeg\",\"articleSection\":[\"Politic\"],\"inLanguage\":\"en-US\",\"potentialAction\":[{\"@type\":\"CommentAction\",\"name\":\"Comment\",\"target\":[\"https:\\\/\\\/lemediafeministeafricain.com\\\/au-senegal-les-femmes-en-premiere-ligne-contre-la-crise-climatique\\\/#respond\"]}]},{\"@type\":\"WebPage\",\"@id\":\"https:\\\/\\\/lemediafeministeafricain.com\\\/au-senegal-les-femmes-en-premiere-ligne-contre-la-crise-climatique\\\/\",\"url\":\"https:\\\/\\\/lemediafeministeafricain.com\\\/au-senegal-les-femmes-en-premiere-ligne-contre-la-crise-climatique\\\/\",\"name\":\"Au S\u00e9n\u00e9gal, les femmes en premi\u00e8re ligne contre la crise climatique! - Le M&eacute;dia F&eacute;ministe Africain\",\"isPartOf\":{\"@id\":\"http:\\\/\\\/lemediafeministeafricain.com\\\/#website\"},\"primaryImageOfPage\":{\"@id\":\"https:\\\/\\\/lemediafeministeafricain.com\\\/au-senegal-les-femmes-en-premiere-ligne-contre-la-crise-climatique\\\/#primaryimage\"},\"image\":{\"@id\":\"https:\\\/\\\/lemediafeministeafricain.com\\\/au-senegal-les-femmes-en-premiere-ligne-contre-la-crise-climatique\\\/#primaryimage\"},\"thumbnailUrl\":\"https:\\\/\\\/lemediafeministeafricain.com\\\/wp-content\\\/uploads\\\/2024\\\/11\\\/WhatsApp-Image-2024-11-10-at-20.59.45.jpeg\",\"datePublished\":\"2024-11-10T22:07:46+00:00\",\"description\":\"Changement climatique, crise climatique COP29, Accords de Paris, femmes rurales, S\u00e9n\u00e8gal, marche des femmes pour le climat, Dakar,\",\"breadcrumb\":{\"@id\":\"https:\\\/\\\/lemediafeministeafricain.com\\\/au-senegal-les-femmes-en-premiere-ligne-contre-la-crise-climatique\\\/#breadcrumb\"},\"inLanguage\":\"en-US\",\"potentialAction\":[{\"@type\":\"ReadAction\",\"target\":[\"https:\\\/\\\/lemediafeministeafricain.com\\\/au-senegal-les-femmes-en-premiere-ligne-contre-la-crise-climatique\\\/\"]}]},{\"@type\":\"ImageObject\",\"inLanguage\":\"en-US\",\"@id\":\"https:\\\/\\\/lemediafeministeafricain.com\\\/au-senegal-les-femmes-en-premiere-ligne-contre-la-crise-climatique\\\/#primaryimage\",\"url\":\"https:\\\/\\\/lemediafeministeafricain.com\\\/wp-content\\\/uploads\\\/2024\\\/11\\\/WhatsApp-Image-2024-11-10-at-20.59.45.jpeg\",\"contentUrl\":\"https:\\\/\\\/lemediafeministeafricain.com\\\/wp-content\\\/uploads\\\/2024\\\/11\\\/WhatsApp-Image-2024-11-10-at-20.59.45.jpeg\",\"width\":1280,\"height\":960},{\"@type\":\"BreadcrumbList\",\"@id\":\"https:\\\/\\\/lemediafeministeafricain.com\\\/au-senegal-les-femmes-en-premiere-ligne-contre-la-crise-climatique\\\/#breadcrumb\",\"itemListElement\":[{\"@type\":\"ListItem\",\"position\":1,\"name\":\"Home\",\"item\":\"http:\\\/\\\/lemediafeministeafricain.com\\\/\"},{\"@type\":\"ListItem\",\"position\":2,\"name\":\"Au S\u00e9n\u00e9gal, les femmes en premi\u00e8re ligne contre la crise climatique!\"}]},{\"@type\":\"WebSite\",\"@id\":\"http:\\\/\\\/lemediafeministeafricain.com\\\/#website\",\"url\":\"http:\\\/\\\/lemediafeministeafricain.com\\\/\",\"name\":\"Le M\u00e9dia F\u00e9ministe Africain\",\"description\":\"Le M&eacute;dia F&eacute;ministe Africain\",\"publisher\":{\"@id\":\"http:\\\/\\\/lemediafeministeafricain.com\\\/#organization\"},\"alternateName\":\"M\u00e9dia F\u00e9ministe Africain\",\"potentialAction\":[{\"@type\":\"SearchAction\",\"target\":{\"@type\":\"EntryPoint\",\"urlTemplate\":\"http:\\\/\\\/lemediafeministeafricain.com\\\/?s={search_term_string}\"},\"query-input\":{\"@type\":\"PropertyValueSpecification\",\"valueRequired\":true,\"valueName\":\"search_term_string\"}}],\"inLanguage\":\"en-US\"},{\"@type\":\"Organization\",\"@id\":\"http:\\\/\\\/lemediafeministeafricain.com\\\/#organization\",\"name\":\"Le M\u00e9dia F\u00e9ministe Africain\",\"alternateName\":\"M\u00e9dia F\u00e9ministe Africain\",\"url\":\"http:\\\/\\\/lemediafeministeafricain.com\\\/\",\"logo\":{\"@type\":\"ImageObject\",\"inLanguage\":\"en-US\",\"@id\":\"http:\\\/\\\/lemediafeministeafricain.com\\\/#\\\/schema\\\/logo\\\/image\\\/\",\"url\":\"http:\\\/\\\/lemediafeministeafricain.com\\\/wp-content\\\/uploads\\\/2024\\\/05\\\/LMF.webp\",\"contentUrl\":\"http:\\\/\\\/lemediafeministeafricain.com\\\/wp-content\\\/uploads\\\/2024\\\/05\\\/LMF.webp\",\"width\":1880,\"height\":1576,\"caption\":\"Le M\u00e9dia F\u00e9ministe Africain\"},\"image\":{\"@id\":\"http:\\\/\\\/lemediafeministeafricain.com\\\/#\\\/schema\\\/logo\\\/image\\\/\"},\"sameAs\":[\"https:\\\/\\\/www.facebook.com\\\/profile.php?id=61557243280950\",\"https:\\\/\\\/x.com\\\/mediafeministe\"]},{\"@type\":\"Person\",\"@id\":\"http:\\\/\\\/lemediafeministeafricain.com\\\/#\\\/schema\\\/person\\\/ca21ec79a7e5334e04e9b567a065cfc0\",\"name\":\"Le M\u00e9dia F\u00e9ministe Africain\",\"image\":{\"@type\":\"ImageObject\",\"inLanguage\":\"en-US\",\"@id\":\"https:\\\/\\\/secure.gravatar.com\\\/avatar\\\/52145e251d4472eb6112580fcf10b7c72b85cc63c31fdf1d9b1eabf2a90935d9?s=96&d=mm&r=g\",\"url\":\"https:\\\/\\\/secure.gravatar.com\\\/avatar\\\/52145e251d4472eb6112580fcf10b7c72b85cc63c31fdf1d9b1eabf2a90935d9?s=96&d=mm&r=g\",\"contentUrl\":\"https:\\\/\\\/secure.gravatar.com\\\/avatar\\\/52145e251d4472eb6112580fcf10b7c72b85cc63c31fdf1d9b1eabf2a90935d9?s=96&d=mm&r=g\",\"caption\":\"Le M\u00e9dia F\u00e9ministe Africain\"},\"sameAs\":[\"https:\\\/\\\/lemediafeministeafricain.com\\\/\"],\"url\":\"https:\\\/\\\/lemediafeministeafricain.com\\\/en\\\/author\\\/lemediafeministeafricain\\\/\"}]}<\/script>\n<!-- \/ Yoast SEO plugin. -->","yoast_head_json":{"title":"Au S\u00e9n\u00e9gal, les femmes en premi\u00e8re ligne contre la crise climatique! - Le M&eacute;dia F&eacute;ministe Africain","description":"Changement climatique, crise climatique COP29, Accords de Paris, femmes rurales, S\u00e9n\u00e8gal, marche des femmes pour le climat, Dakar,","robots":{"index":"index","follow":"follow","max-snippet":"max-snippet:-1","max-image-preview":"max-image-preview:large","max-video-preview":"max-video-preview:-1"},"canonical":"https:\/\/lemediafeministeafricain.com\/en\/au-senegal-les-femmes-en-premiere-ligne-contre-la-crise-climatique\/","og_locale":"en_US","og_type":"article","og_title":"Au S\u00e9n\u00e9gal, les femmes en premi\u00e8re ligne contre la crise climatique! - Le M&eacute;dia F&eacute;ministe Africain","og_description":"Changement climatique, crise climatique COP29, Accords de Paris, femmes rurales, S\u00e9n\u00e8gal, marche des femmes pour le climat, Dakar,","og_url":"https:\/\/lemediafeministeafricain.com\/en\/au-senegal-les-femmes-en-premiere-ligne-contre-la-crise-climatique\/","og_site_name":"Le M&eacute;dia F&eacute;ministe Africain","article_publisher":"https:\/\/www.facebook.com\/profile.php?id=61557243280950","article_published_time":"2024-11-10T22:07:46+00:00","og_image":[{"width":1280,"height":960,"url":"https:\/\/lemediafeministeafricain.com\/wp-content\/uploads\/2024\/11\/WhatsApp-Image-2024-11-10-at-20.59.45.jpeg","type":"image\/jpeg"}],"author":"Le M\u00e9dia F\u00e9ministe Africain","twitter_card":"summary_large_image","twitter_creator":"@mediafeministe","twitter_site":"@mediafeministe","twitter_misc":{"Written by":"Le M\u00e9dia F\u00e9ministe Africain","Est. reading time":"4 minutes"},"schema":{"@context":"https:\/\/schema.org","@graph":[{"@type":"Article","@id":"https:\/\/lemediafeministeafricain.com\/au-senegal-les-femmes-en-premiere-ligne-contre-la-crise-climatique\/#article","isPartOf":{"@id":"https:\/\/lemediafeministeafricain.com\/au-senegal-les-femmes-en-premiere-ligne-contre-la-crise-climatique\/"},"author":{"name":"Le M\u00e9dia F\u00e9ministe Africain","@id":"http:\/\/lemediafeministeafricain.com\/#\/schema\/person\/ca21ec79a7e5334e04e9b567a065cfc0"},"headline":"Au S\u00e9n\u00e9gal, les femmes en premi\u00e8re ligne contre la crise climatique!","datePublished":"2024-11-10T22:07:46+00:00","mainEntityOfPage":{"@id":"https:\/\/lemediafeministeafricain.com\/au-senegal-les-femmes-en-premiere-ligne-contre-la-crise-climatique\/"},"wordCount":797,"commentCount":0,"publisher":{"@id":"http:\/\/lemediafeministeafricain.com\/#organization"},"image":{"@id":"https:\/\/lemediafeministeafricain.com\/au-senegal-les-femmes-en-premiere-ligne-contre-la-crise-climatique\/#primaryimage"},"thumbnailUrl":"https:\/\/lemediafeministeafricain.com\/wp-content\/uploads\/2024\/11\/WhatsApp-Image-2024-11-10-at-20.59.45.jpeg","articleSection":["Politic"],"inLanguage":"en-US","potentialAction":[{"@type":"CommentAction","name":"Comment","target":["https:\/\/lemediafeministeafricain.com\/au-senegal-les-femmes-en-premiere-ligne-contre-la-crise-climatique\/#respond"]}]},{"@type":"WebPage","@id":"https:\/\/lemediafeministeafricain.com\/au-senegal-les-femmes-en-premiere-ligne-contre-la-crise-climatique\/","url":"https:\/\/lemediafeministeafricain.com\/au-senegal-les-femmes-en-premiere-ligne-contre-la-crise-climatique\/","name":"Au S\u00e9n\u00e9gal, les femmes en premi\u00e8re ligne contre la crise climatique! - Le M&eacute;dia F&eacute;ministe Africain","isPartOf":{"@id":"http:\/\/lemediafeministeafricain.com\/#website"},"primaryImageOfPage":{"@id":"https:\/\/lemediafeministeafricain.com\/au-senegal-les-femmes-en-premiere-ligne-contre-la-crise-climatique\/#primaryimage"},"image":{"@id":"https:\/\/lemediafeministeafricain.com\/au-senegal-les-femmes-en-premiere-ligne-contre-la-crise-climatique\/#primaryimage"},"thumbnailUrl":"https:\/\/lemediafeministeafricain.com\/wp-content\/uploads\/2024\/11\/WhatsApp-Image-2024-11-10-at-20.59.45.jpeg","datePublished":"2024-11-10T22:07:46+00:00","description":"Changement climatique, crise climatique COP29, Accords de Paris, femmes rurales, S\u00e9n\u00e8gal, marche des femmes pour le climat, Dakar,","breadcrumb":{"@id":"https:\/\/lemediafeministeafricain.com\/au-senegal-les-femmes-en-premiere-ligne-contre-la-crise-climatique\/#breadcrumb"},"inLanguage":"en-US","potentialAction":[{"@type":"ReadAction","target":["https:\/\/lemediafeministeafricain.com\/au-senegal-les-femmes-en-premiere-ligne-contre-la-crise-climatique\/"]}]},{"@type":"ImageObject","inLanguage":"en-US","@id":"https:\/\/lemediafeministeafricain.com\/au-senegal-les-femmes-en-premiere-ligne-contre-la-crise-climatique\/#primaryimage","url":"https:\/\/lemediafeministeafricain.com\/wp-content\/uploads\/2024\/11\/WhatsApp-Image-2024-11-10-at-20.59.45.jpeg","contentUrl":"https:\/\/lemediafeministeafricain.com\/wp-content\/uploads\/2024\/11\/WhatsApp-Image-2024-11-10-at-20.59.45.jpeg","width":1280,"height":960},{"@type":"BreadcrumbList","@id":"https:\/\/lemediafeministeafricain.com\/au-senegal-les-femmes-en-premiere-ligne-contre-la-crise-climatique\/#breadcrumb","itemListElement":[{"@type":"ListItem","position":1,"name":"Home","item":"http:\/\/lemediafeministeafricain.com\/"},{"@type":"ListItem","position":2,"name":"Au S\u00e9n\u00e9gal, les femmes en premi\u00e8re ligne contre la crise climatique!"}]},{"@type":"WebSite","@id":"http:\/\/lemediafeministeafricain.com\/#website","url":"http:\/\/lemediafeministeafricain.com\/","name":"The African Feminist Media","description":"Le M&eacute;dia F&eacute;ministe Africain","publisher":{"@id":"http:\/\/lemediafeministeafricain.com\/#organization"},"alternateName":"M\u00e9dia F\u00e9ministe Africain","potentialAction":[{"@type":"SearchAction","target":{"@type":"EntryPoint","urlTemplate":"http:\/\/lemediafeministeafricain.com\/?s={search_term_string}"},"query-input":{"@type":"PropertyValueSpecification","valueRequired":true,"valueName":"search_term_string"}}],"inLanguage":"en-US"},{"@type":"Organization","@id":"http:\/\/lemediafeministeafricain.com\/#organization","name":"The African Feminist Media","alternateName":"M\u00e9dia F\u00e9ministe Africain","url":"http:\/\/lemediafeministeafricain.com\/","logo":{"@type":"ImageObject","inLanguage":"en-US","@id":"http:\/\/lemediafeministeafricain.com\/#\/schema\/logo\/image\/","url":"http:\/\/lemediafeministeafricain.com\/wp-content\/uploads\/2024\/05\/LMF.webp","contentUrl":"http:\/\/lemediafeministeafricain.com\/wp-content\/uploads\/2024\/05\/LMF.webp","width":1880,"height":1576,"caption":"Le M\u00e9dia F\u00e9ministe Africain"},"image":{"@id":"http:\/\/lemediafeministeafricain.com\/#\/schema\/logo\/image\/"},"sameAs":["https:\/\/www.facebook.com\/profile.php?id=61557243280950","https:\/\/x.com\/mediafeministe"]},{"@type":"Person","@id":"http:\/\/lemediafeministeafricain.com\/#\/schema\/person\/ca21ec79a7e5334e04e9b567a065cfc0","name":"The African Feminist Media","image":{"@type":"ImageObject","inLanguage":"en-US","@id":"https:\/\/secure.gravatar.com\/avatar\/52145e251d4472eb6112580fcf10b7c72b85cc63c31fdf1d9b1eabf2a90935d9?s=96&d=mm&r=g","url":"https:\/\/secure.gravatar.com\/avatar\/52145e251d4472eb6112580fcf10b7c72b85cc63c31fdf1d9b1eabf2a90935d9?s=96&d=mm&r=g","contentUrl":"https:\/\/secure.gravatar.com\/avatar\/52145e251d4472eb6112580fcf10b7c72b85cc63c31fdf1d9b1eabf2a90935d9?s=96&d=mm&r=g","caption":"Le M\u00e9dia F\u00e9ministe Africain"},"sameAs":["https:\/\/lemediafeministeafricain.com\/"],"url":"https:\/\/lemediafeministeafricain.com\/en\/author\/lemediafeministeafricain\/"}]}},"_links":{"self":[{"href":"https:\/\/lemediafeministeafricain.com\/en\/wp-json\/wp\/v2\/posts\/95490","targetHints":{"allow":["GET"]}}],"collection":[{"href":"https:\/\/lemediafeministeafricain.com\/en\/wp-json\/wp\/v2\/posts"}],"about":[{"href":"https:\/\/lemediafeministeafricain.com\/en\/wp-json\/wp\/v2\/types\/post"}],"author":[{"embeddable":true,"href":"https:\/\/lemediafeministeafricain.com\/en\/wp-json\/wp\/v2\/users\/2"}],"replies":[{"embeddable":true,"href":"https:\/\/lemediafeministeafricain.com\/en\/wp-json\/wp\/v2\/comments?post=95490"}],"version-history":[{"count":1,"href":"https:\/\/lemediafeministeafricain.com\/en\/wp-json\/wp\/v2\/posts\/95490\/revisions"}],"predecessor-version":[{"id":95492,"href":"https:\/\/lemediafeministeafricain.com\/en\/wp-json\/wp\/v2\/posts\/95490\/revisions\/95492"}],"wp:featuredmedia":[{"embeddable":true,"href":"https:\/\/lemediafeministeafricain.com\/en\/wp-json\/wp\/v2\/media\/95491"}],"wp:attachment":[{"href":"https:\/\/lemediafeministeafricain.com\/en\/wp-json\/wp\/v2\/media?parent=95490"}],"wp:term":[{"taxonomy":"category","embeddable":true,"href":"https:\/\/lemediafeministeafricain.com\/en\/wp-json\/wp\/v2\/categories?post=95490"},{"taxonomy":"post_tag","embeddable":true,"href":"https:\/\/lemediafeministeafricain.com\/en\/wp-json\/wp\/v2\/tags?post=95490"}],"curies":[{"name":"wp","href":"https:\/\/api.w.org\/{rel}","templated":true}]}}