{"id":95493,"date":"2024-11-11T21:12:42","date_gmt":"2024-11-11T21:12:42","guid":{"rendered":"https:\/\/lemediafeministeafricain.com\/?p=95493"},"modified":"2024-11-11T21:23:18","modified_gmt":"2024-11-11T21:23:18","slug":"fete-nationale-de-langola-celebration-des-meres-de-lindependance","status":"publish","type":"post","link":"https:\/\/lemediafeministeafricain.com\/en\/fete-nationale-de-langola-celebration-des-meres-de-lindependance\/","title":{"rendered":"Angola's national holiday: celebrating the mothers of independence!\u00a0"},"content":{"rendered":"<p>Le 11 novembre marque la f\u00eate nationale de l\u2019Angola, une journ\u00e9e d\u00e9di\u00e9e \u00e0 la c\u00e9l\u00e9bration de l\u2019ind\u00e9pendance du pays vis-\u00e0-vis du Portugal en 1975.\u00a0<\/p>\n\n\n\n<figure class=\"wp-block-image size-large is-resized\"><img loading=\"lazy\" decoding=\"async\" width=\"1024\" height=\"1024\" src=\"https:\/\/lemediafeministeafricain.com\/wp-content\/uploads\/2024\/11\/Design-ohne-Titel-1024x1024.png\" alt=\"\" class=\"wp-image-95494\" style=\"width:521px;height:auto\" srcset=\"https:\/\/lemediafeministeafricain.com\/wp-content\/uploads\/2024\/11\/Design-ohne-Titel-1024x1024.png 1024w, https:\/\/lemediafeministeafricain.com\/wp-content\/uploads\/2024\/11\/Design-ohne-Titel-300x300.png 300w, https:\/\/lemediafeministeafricain.com\/wp-content\/uploads\/2024\/11\/Design-ohne-Titel-150x150.png 150w, https:\/\/lemediafeministeafricain.com\/wp-content\/uploads\/2024\/11\/Design-ohne-Titel-768x768.png 768w, https:\/\/lemediafeministeafricain.com\/wp-content\/uploads\/2024\/11\/Design-ohne-Titel-12x12.png 12w, https:\/\/lemediafeministeafricain.com\/wp-content\/uploads\/2024\/11\/Design-ohne-Titel-500x500.png 500w, https:\/\/lemediafeministeafricain.com\/wp-content\/uploads\/2024\/11\/Design-ohne-Titel.png 1080w\" sizes=\"auto, (max-width: 1024px) 100vw, 1024px\" \/><\/figure>\n\n\n\n<p>Si l\u2019histoire des luttes ind\u00e9pendantistes sur le continent africain met souvent en avant des figures masculines, de nombreuses femmes ont \u00e9galement jou\u00e9 un r\u00f4le cl\u00e9 dans cette qu\u00eate de libert\u00e9. En Angola, deux&nbsp;figures embl\u00e9matiques illustrent parfaitement cette contribution f\u00e9minine d\u00e9terminante : la Reine Anne Nzinga et D\u00e9olinda Rodrigues.<\/p>\n\n\n\n<h2 class=\"wp-block-heading\"><strong>Anne Nzinga : une ic\u00f4ne de r\u00e9sistance face \u00e0 l&#8217;imp\u00e9rialisme<\/strong><\/h2>\n\n\n\n<p>Au XVIe si\u00e8cle, alors que le Portugal entamait la colonisation de l\u2019Angola, une figure f\u00e9minine s\u2019est distingu\u00e9e par son courage et sa d\u00e9termination : Ana de Sousa Nzinga Mbandi, plus connue sous le nom de Reine Nzinga.&nbsp;<\/p>\n\n\n\n<p>Son nom, signifiant \u00ab la reine dont la fl\u00e8che trouve toujours son but \u00bb, refl\u00e8te parfaitement son habilet\u00e9 strat\u00e9gique et sa t\u00e9nacit\u00e9 face \u00e0 l\u2019oppression coloniale.&nbsp;<\/p>\n\n\n\n<p>Nzinga acc\u00e8de au tr\u00f4ne apr\u00e8s la mort de son fr\u00e8re, Ngola Mbandi, et rapidement, elle s\u2019impose comme une dirigeante influente et respect\u00e9e. Envoy\u00e9e en tant qu\u2019\u00e9missaire \u00e0 Luanda pour n\u00e9gocier un trait\u00e9 de paix avec les autorit\u00e9s portugaises, elle d\u00e9montre une diplomatie redoutable et une capacit\u00e9 \u00e0 tenir t\u00eate aux repr\u00e9sentants masculins des colonisateurs. Gr\u00e2ce \u00e0 ses tactiques guerri\u00e8res, son expertise en espionnage, et sa ma\u00eetrise de la langue portugaise, elle forge des alliances strat\u00e9giques et r\u00e9siste efficacement aux incursions portugaises et n\u00e9erlandaises.<\/p>\n\n\n\n<p>La Reine Nzinga ne se contente pas de n\u00e9gocier ; elle m\u00e8ne \u00e9galement une arm\u00e9e compos\u00e9e de femmes et rallie d\u2019autres royaumes africains \u00e0 sa cause. Son engagement sans faille lui vaut une place permanente dans l\u2019histoire angolaise en tant que symbole de r\u00e9sistance et de libert\u00e9. <\/p>\n\n\n\n<figure class=\"wp-block-image size-full is-resized\"><img loading=\"lazy\" decoding=\"async\" width=\"600\" height=\"800\" src=\"https:\/\/lemediafeministeafricain.com\/wp-content\/uploads\/2024\/11\/image.png\" alt=\"\" class=\"wp-image-95495\" style=\"width:302px;height:auto\" srcset=\"https:\/\/lemediafeministeafricain.com\/wp-content\/uploads\/2024\/11\/image.png 600w, https:\/\/lemediafeministeafricain.com\/wp-content\/uploads\/2024\/11\/image-225x300.png 225w, https:\/\/lemediafeministeafricain.com\/wp-content\/uploads\/2024\/11\/image-9x12.png 9w, https:\/\/lemediafeministeafricain.com\/wp-content\/uploads\/2024\/11\/image-375x500.png 375w\" sizes=\"auto, (max-width: 600px) 100vw, 600px\" \/><\/figure>\n\n\n\n<p>Depuis&nbsp;1975, ann\u00e9e de l\u2019ind\u00e9pendance de l\u2019Angola, une statue en son honneur s\u2019\u00e9l\u00e8ve&nbsp;\u00e0 Luanda, rappelant \u00e0 chaque g\u00e9n\u00e9ration son h\u00e9ritage.&nbsp;<\/p>\n\n\n\n<p><strong>D\u00e9olinda Rodrigues : un mod\u00e8le f\u00e9minin au-del\u00e0 de son temps<\/strong><\/p>\n\n\n\n<p>Plus de trois si\u00e8cles apr\u00e8s la Reine Nzinga, une autre femme se distingue dans le mouvement pour l\u2019ind\u00e9pendance de l\u2019Angola : D\u00e9olinda Rodrigues de Almeida. Militante, \u00e9crivaine, traductrice et animatrice radio, elle&nbsp;est une figure pro\u00e9minente de la lutte pour la libert\u00e9 angolaise au XXe si\u00e8cle.<\/p>\n\n\n\n<p>En 1961, D\u00e9olinda rejoint le Mouvement Populaire de l\u2019Angola (MPLA) et cofonde sa division f\u00e9minine, l\u2019Organisation des Femmes de l\u2019Angola. C\u2019est alors qu\u2019elle va&nbsp;jouer un r\u00f4le central dans l\u2019organisation des manifestations et des gr\u00e8ves contre le colonialisme portugais, coordonnant des actions de r\u00e9sistance aux c\u00f4t\u00e9s d\u2019autres mouvements nationalistes. Son engagement in\u00e9branlable et sa capacit\u00e9 \u00e0 mobiliser les communaut\u00e9s locales font d\u2019elle une leader respect\u00e9e et influente au sein du MPLA.<\/p>\n\n\n\n<p>M\u00eame apr\u00e8s l\u2019ind\u00e9pendance du pays en 1975, elle a continu\u00e9 \u00e0 jouer un r\u00f4le important dans la politique angolaise notamment avec son r\u00f4le ministre des affaires sociale et de la famille, ensuite pr\u00e9sidente de l\u2019Organisation des femmes angolaises. Pour son travail et son d\u00e9vouement, elle sera reconnue jusqu\u2019\u00e0 nos jours comme \u201ch\u00e9ro\u00efne nationale de l\u2019Angola\u201d.&nbsp;<\/p>","protected":false},"excerpt":{"rendered":"<p>Le 11 novembre marque la f\u00eate nationale de l\u2019Angola, une journ\u00e9e d\u00e9di\u00e9e \u00e0 la c\u00e9l\u00e9bration de l\u2019ind\u00e9pendance du pays vis-\u00e0-vis du Portugal en 1975.\u00a0 Si l\u2019histoire des luttes ind\u00e9pendantistes sur le continent africain met souvent en avant des figures masculines, de nombreuses femmes ont \u00e9galement jou\u00e9 un r\u00f4le cl\u00e9 dans cette qu\u00eate de libert\u00e9. En Angola, deux&nbsp;figures embl\u00e9matiques illustrent parfaitement cette contribution f\u00e9minine d\u00e9terminante : la Reine Anne Nzinga et D\u00e9olinda Rodrigues. Anne Nzinga : une ic\u00f4ne de r\u00e9sistance face \u00e0 l&#8217;imp\u00e9rialisme Au XVIe si\u00e8cle, alors que le Portugal entamait la colonisation de l\u2019Angola, une figure f\u00e9minine s\u2019est distingu\u00e9e par [&hellip;]<\/p>\n","protected":false},"author":2,"featured_media":95494,"comment_status":"closed","ping_status":"open","sticky":false,"template":"","format":"standard","meta":{"footnotes":""},"categories":[69],"tags":[241,242,243],"class_list":["post-95493","post","type-post","status-publish","format-standard","has-post-thumbnail","hentry","category-society","tag-femmesafricaines","tag-heroinesafricaines","tag-meresdesindependances"],"yoast_head":"<!-- This site is optimized with the Yoast SEO plugin v27.4 - https:\/\/yoast.com\/product\/yoast-seo-wordpress\/ -->\n<title>F\u00eate nationale de l\u2019Angola : c\u00e9l\u00e9bration des m\u00e8res\u00a0de l\u2019ind\u00e9pendance !\u00a0 - Le M&eacute;dia F&eacute;ministe Africain<\/title>\n<meta name=\"description\" content=\"Angola F\u00eateNationale M\u00e8res des Ind\u00e9pendances Anne Nzinga Deolinda Rodrigues contribution des femmes aux ind\u00e9pendances en Afrique\" \/>\n<meta name=\"robots\" content=\"index, follow, max-snippet:-1, max-image-preview:large, max-video-preview:-1\" \/>\n<link rel=\"canonical\" href=\"https:\/\/lemediafeministeafricain.com\/en\/fete-nationale-de-langola-celebration-des-meres-de-lindependance\/\" \/>\n<meta property=\"og:locale\" content=\"en_US\" \/>\n<meta property=\"og:type\" content=\"article\" \/>\n<meta property=\"og:title\" content=\"F\u00eate nationale de l\u2019Angola : c\u00e9l\u00e9bration des m\u00e8res\u00a0de l\u2019ind\u00e9pendance !\u00a0 - Le M&eacute;dia F&eacute;ministe Africain\" \/>\n<meta property=\"og:description\" content=\"Angola F\u00eateNationale M\u00e8res des Ind\u00e9pendances Anne Nzinga Deolinda Rodrigues contribution des femmes aux ind\u00e9pendances en Afrique\" \/>\n<meta property=\"og:url\" content=\"https:\/\/lemediafeministeafricain.com\/en\/fete-nationale-de-langola-celebration-des-meres-de-lindependance\/\" \/>\n<meta property=\"og:site_name\" content=\"Le M&eacute;dia F&eacute;ministe Africain\" \/>\n<meta property=\"article:publisher\" content=\"https:\/\/www.facebook.com\/profile.php?id=61557243280950\" \/>\n<meta property=\"article:published_time\" content=\"2024-11-11T21:12:42+00:00\" \/>\n<meta property=\"article:modified_time\" content=\"2024-11-11T21:23:18+00:00\" \/>\n<meta property=\"og:image\" content=\"https:\/\/lemediafeministeafricain.com\/wp-content\/uploads\/2024\/11\/Design-ohne-Titel.png\" \/>\n\t<meta property=\"og:image:width\" content=\"1080\" \/>\n\t<meta property=\"og:image:height\" content=\"1080\" \/>\n\t<meta property=\"og:image:type\" content=\"image\/png\" \/>\n<meta name=\"author\" content=\"Le M\u00e9dia F\u00e9ministe Africain\" \/>\n<meta name=\"twitter:card\" content=\"summary_large_image\" \/>\n<meta name=\"twitter:creator\" content=\"@mediafeministe\" \/>\n<meta name=\"twitter:site\" content=\"@mediafeministe\" \/>\n<meta name=\"twitter:label1\" content=\"Written by\" \/>\n\t<meta name=\"twitter:data1\" content=\"Le M\u00e9dia F\u00e9ministe Africain\" \/>\n\t<meta name=\"twitter:label2\" content=\"Est. reading time\" \/>\n\t<meta name=\"twitter:data2\" content=\"3 minutes\" \/>\n<script type=\"application\/ld+json\" class=\"yoast-schema-graph\">{\"@context\":\"https:\\\/\\\/schema.org\",\"@graph\":[{\"@type\":\"Article\",\"@id\":\"https:\\\/\\\/lemediafeministeafricain.com\\\/fete-nationale-de-langola-celebration-des-meres-de-lindependance\\\/#article\",\"isPartOf\":{\"@id\":\"https:\\\/\\\/lemediafeministeafricain.com\\\/fete-nationale-de-langola-celebration-des-meres-de-lindependance\\\/\"},\"author\":{\"name\":\"Le M\u00e9dia F\u00e9ministe Africain\",\"@id\":\"http:\\\/\\\/lemediafeministeafricain.com\\\/#\\\/schema\\\/person\\\/ca21ec79a7e5334e04e9b567a065cfc0\"},\"headline\":\"F\u00eate nationale de l\u2019Angola : c\u00e9l\u00e9bration des m\u00e8res\u00a0de l\u2019ind\u00e9pendance !\u00a0\",\"datePublished\":\"2024-11-11T21:12:42+00:00\",\"dateModified\":\"2024-11-11T21:23:18+00:00\",\"mainEntityOfPage\":{\"@id\":\"https:\\\/\\\/lemediafeministeafricain.com\\\/fete-nationale-de-langola-celebration-des-meres-de-lindependance\\\/\"},\"wordCount\":589,\"publisher\":{\"@id\":\"http:\\\/\\\/lemediafeministeafricain.com\\\/#organization\"},\"image\":{\"@id\":\"https:\\\/\\\/lemediafeministeafricain.com\\\/fete-nationale-de-langola-celebration-des-meres-de-lindependance\\\/#primaryimage\"},\"thumbnailUrl\":\"https:\\\/\\\/lemediafeministeafricain.com\\\/wp-content\\\/uploads\\\/2024\\\/11\\\/Design-ohne-Titel.png\",\"keywords\":[\"FemmesAfricaines\",\"H\u00e9roinesAfricaines\",\"M\u00e8resdesInd\u00e9pendances\"],\"articleSection\":[\"Society\"],\"inLanguage\":\"en-US\"},{\"@type\":\"WebPage\",\"@id\":\"https:\\\/\\\/lemediafeministeafricain.com\\\/fete-nationale-de-langola-celebration-des-meres-de-lindependance\\\/\",\"url\":\"https:\\\/\\\/lemediafeministeafricain.com\\\/fete-nationale-de-langola-celebration-des-meres-de-lindependance\\\/\",\"name\":\"F\u00eate nationale de l\u2019Angola : c\u00e9l\u00e9bration des m\u00e8res\u00a0de l\u2019ind\u00e9pendance !\u00a0 - Le M&eacute;dia F&eacute;ministe Africain\",\"isPartOf\":{\"@id\":\"http:\\\/\\\/lemediafeministeafricain.com\\\/#website\"},\"primaryImageOfPage\":{\"@id\":\"https:\\\/\\\/lemediafeministeafricain.com\\\/fete-nationale-de-langola-celebration-des-meres-de-lindependance\\\/#primaryimage\"},\"image\":{\"@id\":\"https:\\\/\\\/lemediafeministeafricain.com\\\/fete-nationale-de-langola-celebration-des-meres-de-lindependance\\\/#primaryimage\"},\"thumbnailUrl\":\"https:\\\/\\\/lemediafeministeafricain.com\\\/wp-content\\\/uploads\\\/2024\\\/11\\\/Design-ohne-Titel.png\",\"datePublished\":\"2024-11-11T21:12:42+00:00\",\"dateModified\":\"2024-11-11T21:23:18+00:00\",\"description\":\"Angola F\u00eateNationale M\u00e8res des Ind\u00e9pendances Anne Nzinga Deolinda Rodrigues contribution des femmes aux ind\u00e9pendances en Afrique\",\"breadcrumb\":{\"@id\":\"https:\\\/\\\/lemediafeministeafricain.com\\\/fete-nationale-de-langola-celebration-des-meres-de-lindependance\\\/#breadcrumb\"},\"inLanguage\":\"en-US\",\"potentialAction\":[{\"@type\":\"ReadAction\",\"target\":[\"https:\\\/\\\/lemediafeministeafricain.com\\\/fete-nationale-de-langola-celebration-des-meres-de-lindependance\\\/\"]}]},{\"@type\":\"ImageObject\",\"inLanguage\":\"en-US\",\"@id\":\"https:\\\/\\\/lemediafeministeafricain.com\\\/fete-nationale-de-langola-celebration-des-meres-de-lindependance\\\/#primaryimage\",\"url\":\"https:\\\/\\\/lemediafeministeafricain.com\\\/wp-content\\\/uploads\\\/2024\\\/11\\\/Design-ohne-Titel.png\",\"contentUrl\":\"https:\\\/\\\/lemediafeministeafricain.com\\\/wp-content\\\/uploads\\\/2024\\\/11\\\/Design-ohne-Titel.png\",\"width\":1080,\"height\":1080},{\"@type\":\"BreadcrumbList\",\"@id\":\"https:\\\/\\\/lemediafeministeafricain.com\\\/fete-nationale-de-langola-celebration-des-meres-de-lindependance\\\/#breadcrumb\",\"itemListElement\":[{\"@type\":\"ListItem\",\"position\":1,\"name\":\"Home\",\"item\":\"http:\\\/\\\/lemediafeministeafricain.com\\\/\"},{\"@type\":\"ListItem\",\"position\":2,\"name\":\"F\u00eate nationale de l\u2019Angola : c\u00e9l\u00e9bration des m\u00e8res\u00a0de l\u2019ind\u00e9pendance !\u00a0\"}]},{\"@type\":\"WebSite\",\"@id\":\"http:\\\/\\\/lemediafeministeafricain.com\\\/#website\",\"url\":\"http:\\\/\\\/lemediafeministeafricain.com\\\/\",\"name\":\"Le M\u00e9dia F\u00e9ministe Africain\",\"description\":\"Le M&eacute;dia F&eacute;ministe Africain\",\"publisher\":{\"@id\":\"http:\\\/\\\/lemediafeministeafricain.com\\\/#organization\"},\"alternateName\":\"M\u00e9dia F\u00e9ministe Africain\",\"potentialAction\":[{\"@type\":\"SearchAction\",\"target\":{\"@type\":\"EntryPoint\",\"urlTemplate\":\"http:\\\/\\\/lemediafeministeafricain.com\\\/?s={search_term_string}\"},\"query-input\":{\"@type\":\"PropertyValueSpecification\",\"valueRequired\":true,\"valueName\":\"search_term_string\"}}],\"inLanguage\":\"en-US\"},{\"@type\":\"Organization\",\"@id\":\"http:\\\/\\\/lemediafeministeafricain.com\\\/#organization\",\"name\":\"Le M\u00e9dia F\u00e9ministe Africain\",\"alternateName\":\"M\u00e9dia F\u00e9ministe Africain\",\"url\":\"http:\\\/\\\/lemediafeministeafricain.com\\\/\",\"logo\":{\"@type\":\"ImageObject\",\"inLanguage\":\"en-US\",\"@id\":\"http:\\\/\\\/lemediafeministeafricain.com\\\/#\\\/schema\\\/logo\\\/image\\\/\",\"url\":\"http:\\\/\\\/lemediafeministeafricain.com\\\/wp-content\\\/uploads\\\/2024\\\/05\\\/LMF.webp\",\"contentUrl\":\"http:\\\/\\\/lemediafeministeafricain.com\\\/wp-content\\\/uploads\\\/2024\\\/05\\\/LMF.webp\",\"width\":1880,\"height\":1576,\"caption\":\"Le M\u00e9dia F\u00e9ministe Africain\"},\"image\":{\"@id\":\"http:\\\/\\\/lemediafeministeafricain.com\\\/#\\\/schema\\\/logo\\\/image\\\/\"},\"sameAs\":[\"https:\\\/\\\/www.facebook.com\\\/profile.php?id=61557243280950\",\"https:\\\/\\\/x.com\\\/mediafeministe\"]},{\"@type\":\"Person\",\"@id\":\"http:\\\/\\\/lemediafeministeafricain.com\\\/#\\\/schema\\\/person\\\/ca21ec79a7e5334e04e9b567a065cfc0\",\"name\":\"Le M\u00e9dia F\u00e9ministe Africain\",\"image\":{\"@type\":\"ImageObject\",\"inLanguage\":\"en-US\",\"@id\":\"https:\\\/\\\/secure.gravatar.com\\\/avatar\\\/52145e251d4472eb6112580fcf10b7c72b85cc63c31fdf1d9b1eabf2a90935d9?s=96&d=mm&r=g\",\"url\":\"https:\\\/\\\/secure.gravatar.com\\\/avatar\\\/52145e251d4472eb6112580fcf10b7c72b85cc63c31fdf1d9b1eabf2a90935d9?s=96&d=mm&r=g\",\"contentUrl\":\"https:\\\/\\\/secure.gravatar.com\\\/avatar\\\/52145e251d4472eb6112580fcf10b7c72b85cc63c31fdf1d9b1eabf2a90935d9?s=96&d=mm&r=g\",\"caption\":\"Le M\u00e9dia F\u00e9ministe Africain\"},\"sameAs\":[\"https:\\\/\\\/lemediafeministeafricain.com\\\/\"],\"url\":\"https:\\\/\\\/lemediafeministeafricain.com\\\/en\\\/author\\\/lemediafeministeafricain\\\/\"}]}<\/script>\n<!-- \/ Yoast SEO plugin. -->","yoast_head_json":{"title":"F\u00eate nationale de l\u2019Angola : c\u00e9l\u00e9bration des m\u00e8res\u00a0de l\u2019ind\u00e9pendance !\u00a0 - Le M&eacute;dia F&eacute;ministe Africain","description":"Angola F\u00eateNationale M\u00e8res des Ind\u00e9pendances Anne Nzinga Deolinda Rodrigues contribution des femmes aux ind\u00e9pendances en Afrique","robots":{"index":"index","follow":"follow","max-snippet":"max-snippet:-1","max-image-preview":"max-image-preview:large","max-video-preview":"max-video-preview:-1"},"canonical":"https:\/\/lemediafeministeafricain.com\/en\/fete-nationale-de-langola-celebration-des-meres-de-lindependance\/","og_locale":"en_US","og_type":"article","og_title":"F\u00eate nationale de l\u2019Angola : c\u00e9l\u00e9bration des m\u00e8res\u00a0de l\u2019ind\u00e9pendance !\u00a0 - Le M&eacute;dia F&eacute;ministe Africain","og_description":"Angola F\u00eateNationale M\u00e8res des Ind\u00e9pendances Anne Nzinga Deolinda Rodrigues contribution des femmes aux ind\u00e9pendances en Afrique","og_url":"https:\/\/lemediafeministeafricain.com\/en\/fete-nationale-de-langola-celebration-des-meres-de-lindependance\/","og_site_name":"Le M&eacute;dia F&eacute;ministe Africain","article_publisher":"https:\/\/www.facebook.com\/profile.php?id=61557243280950","article_published_time":"2024-11-11T21:12:42+00:00","article_modified_time":"2024-11-11T21:23:18+00:00","og_image":[{"width":1080,"height":1080,"url":"https:\/\/lemediafeministeafricain.com\/wp-content\/uploads\/2024\/11\/Design-ohne-Titel.png","type":"image\/png"}],"author":"Le M\u00e9dia F\u00e9ministe Africain","twitter_card":"summary_large_image","twitter_creator":"@mediafeministe","twitter_site":"@mediafeministe","twitter_misc":{"Written by":"Le M\u00e9dia F\u00e9ministe Africain","Est. reading time":"3 minutes"},"schema":{"@context":"https:\/\/schema.org","@graph":[{"@type":"Article","@id":"https:\/\/lemediafeministeafricain.com\/fete-nationale-de-langola-celebration-des-meres-de-lindependance\/#article","isPartOf":{"@id":"https:\/\/lemediafeministeafricain.com\/fete-nationale-de-langola-celebration-des-meres-de-lindependance\/"},"author":{"name":"Le M\u00e9dia F\u00e9ministe Africain","@id":"http:\/\/lemediafeministeafricain.com\/#\/schema\/person\/ca21ec79a7e5334e04e9b567a065cfc0"},"headline":"F\u00eate nationale de l\u2019Angola : c\u00e9l\u00e9bration des m\u00e8res\u00a0de l\u2019ind\u00e9pendance !\u00a0","datePublished":"2024-11-11T21:12:42+00:00","dateModified":"2024-11-11T21:23:18+00:00","mainEntityOfPage":{"@id":"https:\/\/lemediafeministeafricain.com\/fete-nationale-de-langola-celebration-des-meres-de-lindependance\/"},"wordCount":589,"publisher":{"@id":"http:\/\/lemediafeministeafricain.com\/#organization"},"image":{"@id":"https:\/\/lemediafeministeafricain.com\/fete-nationale-de-langola-celebration-des-meres-de-lindependance\/#primaryimage"},"thumbnailUrl":"https:\/\/lemediafeministeafricain.com\/wp-content\/uploads\/2024\/11\/Design-ohne-Titel.png","keywords":["FemmesAfricaines","H\u00e9roinesAfricaines","M\u00e8resdesInd\u00e9pendances"],"articleSection":["Society"],"inLanguage":"en-US"},{"@type":"WebPage","@id":"https:\/\/lemediafeministeafricain.com\/fete-nationale-de-langola-celebration-des-meres-de-lindependance\/","url":"https:\/\/lemediafeministeafricain.com\/fete-nationale-de-langola-celebration-des-meres-de-lindependance\/","name":"F\u00eate nationale de l\u2019Angola : c\u00e9l\u00e9bration des m\u00e8res\u00a0de l\u2019ind\u00e9pendance !\u00a0 - Le M&eacute;dia F&eacute;ministe Africain","isPartOf":{"@id":"http:\/\/lemediafeministeafricain.com\/#website"},"primaryImageOfPage":{"@id":"https:\/\/lemediafeministeafricain.com\/fete-nationale-de-langola-celebration-des-meres-de-lindependance\/#primaryimage"},"image":{"@id":"https:\/\/lemediafeministeafricain.com\/fete-nationale-de-langola-celebration-des-meres-de-lindependance\/#primaryimage"},"thumbnailUrl":"https:\/\/lemediafeministeafricain.com\/wp-content\/uploads\/2024\/11\/Design-ohne-Titel.png","datePublished":"2024-11-11T21:12:42+00:00","dateModified":"2024-11-11T21:23:18+00:00","description":"Angola F\u00eateNationale M\u00e8res des Ind\u00e9pendances Anne Nzinga Deolinda Rodrigues contribution des femmes aux ind\u00e9pendances en Afrique","breadcrumb":{"@id":"https:\/\/lemediafeministeafricain.com\/fete-nationale-de-langola-celebration-des-meres-de-lindependance\/#breadcrumb"},"inLanguage":"en-US","potentialAction":[{"@type":"ReadAction","target":["https:\/\/lemediafeministeafricain.com\/fete-nationale-de-langola-celebration-des-meres-de-lindependance\/"]}]},{"@type":"ImageObject","inLanguage":"en-US","@id":"https:\/\/lemediafeministeafricain.com\/fete-nationale-de-langola-celebration-des-meres-de-lindependance\/#primaryimage","url":"https:\/\/lemediafeministeafricain.com\/wp-content\/uploads\/2024\/11\/Design-ohne-Titel.png","contentUrl":"https:\/\/lemediafeministeafricain.com\/wp-content\/uploads\/2024\/11\/Design-ohne-Titel.png","width":1080,"height":1080},{"@type":"BreadcrumbList","@id":"https:\/\/lemediafeministeafricain.com\/fete-nationale-de-langola-celebration-des-meres-de-lindependance\/#breadcrumb","itemListElement":[{"@type":"ListItem","position":1,"name":"Home","item":"http:\/\/lemediafeministeafricain.com\/"},{"@type":"ListItem","position":2,"name":"F\u00eate nationale de l\u2019Angola : c\u00e9l\u00e9bration des m\u00e8res\u00a0de l\u2019ind\u00e9pendance !\u00a0"}]},{"@type":"WebSite","@id":"http:\/\/lemediafeministeafricain.com\/#website","url":"http:\/\/lemediafeministeafricain.com\/","name":"The African Feminist Media","description":"Le M&eacute;dia F&eacute;ministe Africain","publisher":{"@id":"http:\/\/lemediafeministeafricain.com\/#organization"},"alternateName":"M\u00e9dia F\u00e9ministe Africain","potentialAction":[{"@type":"SearchAction","target":{"@type":"EntryPoint","urlTemplate":"http:\/\/lemediafeministeafricain.com\/?s={search_term_string}"},"query-input":{"@type":"PropertyValueSpecification","valueRequired":true,"valueName":"search_term_string"}}],"inLanguage":"en-US"},{"@type":"Organization","@id":"http:\/\/lemediafeministeafricain.com\/#organization","name":"The African Feminist Media","alternateName":"M\u00e9dia F\u00e9ministe Africain","url":"http:\/\/lemediafeministeafricain.com\/","logo":{"@type":"ImageObject","inLanguage":"en-US","@id":"http:\/\/lemediafeministeafricain.com\/#\/schema\/logo\/image\/","url":"http:\/\/lemediafeministeafricain.com\/wp-content\/uploads\/2024\/05\/LMF.webp","contentUrl":"http:\/\/lemediafeministeafricain.com\/wp-content\/uploads\/2024\/05\/LMF.webp","width":1880,"height":1576,"caption":"Le M\u00e9dia F\u00e9ministe Africain"},"image":{"@id":"http:\/\/lemediafeministeafricain.com\/#\/schema\/logo\/image\/"},"sameAs":["https:\/\/www.facebook.com\/profile.php?id=61557243280950","https:\/\/x.com\/mediafeministe"]},{"@type":"Person","@id":"http:\/\/lemediafeministeafricain.com\/#\/schema\/person\/ca21ec79a7e5334e04e9b567a065cfc0","name":"The African Feminist Media","image":{"@type":"ImageObject","inLanguage":"en-US","@id":"https:\/\/secure.gravatar.com\/avatar\/52145e251d4472eb6112580fcf10b7c72b85cc63c31fdf1d9b1eabf2a90935d9?s=96&d=mm&r=g","url":"https:\/\/secure.gravatar.com\/avatar\/52145e251d4472eb6112580fcf10b7c72b85cc63c31fdf1d9b1eabf2a90935d9?s=96&d=mm&r=g","contentUrl":"https:\/\/secure.gravatar.com\/avatar\/52145e251d4472eb6112580fcf10b7c72b85cc63c31fdf1d9b1eabf2a90935d9?s=96&d=mm&r=g","caption":"Le M\u00e9dia F\u00e9ministe Africain"},"sameAs":["https:\/\/lemediafeministeafricain.com\/"],"url":"https:\/\/lemediafeministeafricain.com\/en\/author\/lemediafeministeafricain\/"}]}},"_links":{"self":[{"href":"https:\/\/lemediafeministeafricain.com\/en\/wp-json\/wp\/v2\/posts\/95493","targetHints":{"allow":["GET"]}}],"collection":[{"href":"https:\/\/lemediafeministeafricain.com\/en\/wp-json\/wp\/v2\/posts"}],"about":[{"href":"https:\/\/lemediafeministeafricain.com\/en\/wp-json\/wp\/v2\/types\/post"}],"author":[{"embeddable":true,"href":"https:\/\/lemediafeministeafricain.com\/en\/wp-json\/wp\/v2\/users\/2"}],"replies":[{"embeddable":true,"href":"https:\/\/lemediafeministeafricain.com\/en\/wp-json\/wp\/v2\/comments?post=95493"}],"version-history":[{"count":2,"href":"https:\/\/lemediafeministeafricain.com\/en\/wp-json\/wp\/v2\/posts\/95493\/revisions"}],"predecessor-version":[{"id":95498,"href":"https:\/\/lemediafeministeafricain.com\/en\/wp-json\/wp\/v2\/posts\/95493\/revisions\/95498"}],"wp:featuredmedia":[{"embeddable":true,"href":"https:\/\/lemediafeministeafricain.com\/en\/wp-json\/wp\/v2\/media\/95494"}],"wp:attachment":[{"href":"https:\/\/lemediafeministeafricain.com\/en\/wp-json\/wp\/v2\/media?parent=95493"}],"wp:term":[{"taxonomy":"category","embeddable":true,"href":"https:\/\/lemediafeministeafricain.com\/en\/wp-json\/wp\/v2\/categories?post=95493"},{"taxonomy":"post_tag","embeddable":true,"href":"https:\/\/lemediafeministeafricain.com\/en\/wp-json\/wp\/v2\/tags?post=95493"}],"curies":[{"name":"wp","href":"https:\/\/api.w.org\/{rel}","templated":true}]}}