{"id":95510,"date":"2024-11-19T22:07:54","date_gmt":"2024-11-19T22:07:54","guid":{"rendered":"https:\/\/lemediafeministeafricain.com\/?p=95510"},"modified":"2024-11-19T22:07:55","modified_gmt":"2024-11-19T22:07:55","slug":"violences-sexuelles-contre-les-enfants-en-afrique-des-chiffres-terrifiants","status":"publish","type":"post","link":"https:\/\/lemediafeministeafricain.com\/en\/violences-sexuelles-contre-les-enfants-en-afrique-des-chiffres-terrifiants\/","title":{"rendered":"Sexual violence against children in Africa: Terrifying figures!"},"content":{"rendered":"<figure class=\"wp-block-image size-large is-resized\"><img loading=\"lazy\" decoding=\"async\" width=\"1024\" height=\"683\" src=\"https:\/\/lemediafeministeafricain.com\/wp-content\/uploads\/2024\/11\/Madagascar-Protection-003.jpg-1024x683.webp\" alt=\"\" class=\"wp-image-95512\" style=\"width:576px;height:auto\" srcset=\"https:\/\/lemediafeministeafricain.com\/wp-content\/uploads\/2024\/11\/Madagascar-Protection-003.jpg-1024x683.webp 1024w, https:\/\/lemediafeministeafricain.com\/wp-content\/uploads\/2024\/11\/Madagascar-Protection-003.jpg-300x200.webp 300w, https:\/\/lemediafeministeafricain.com\/wp-content\/uploads\/2024\/11\/Madagascar-Protection-003.jpg-768x512.webp 768w, https:\/\/lemediafeministeafricain.com\/wp-content\/uploads\/2024\/11\/Madagascar-Protection-003.jpg-1536x1024.webp 1536w, https:\/\/lemediafeministeafricain.com\/wp-content\/uploads\/2024\/11\/Madagascar-Protection-003.jpg-18x12.webp 18w, https:\/\/lemediafeministeafricain.com\/wp-content\/uploads\/2024\/11\/Madagascar-Protection-003.jpg-750x500.webp 750w, https:\/\/lemediafeministeafricain.com\/wp-content\/uploads\/2024\/11\/Madagascar-Protection-003.jpg.webp 1920w\" sizes=\"auto, (max-width: 1024px) 100vw, 1024px\" \/><\/figure>\n\n\n\n<p>Les enfants, ont des droits sp\u00e9cifiques qui&nbsp;reposent sur la Convention des Nations Unies relative aux droits de l\u2019enfant (CDE), adopt\u00e9e le 20 novembre 1989. Depuis, la journ\u00e9e internationale des droits de l\u2019enfant est c\u00e9l\u00e9br\u00e9e le 20 novembre de chaque ann\u00e9e en hommage \u00e0 ce moment historique.&nbsp;<\/p>\n\n\n\n<p>L\u2019objectif de la CDE est de prot\u00e9ger les droits des enfants, partout dans le monde. Dans les pays africains o\u00f9 la pauvret\u00e9, les conflits arm\u00e9s et le trafic d\u2019enfants entre autres sont souvent particuli\u00e8rement exacerb\u00e9s, les enfants sont souvent livr\u00e9s \u00e0 eux-m\u00eames et leurs droits bafou\u00e9s sans que les coupables ne soient inqui\u00e9t\u00e9s.<\/p>\n\n\n\n<h2 class=\"wp-block-heading\"><strong>Des violences graves !<\/strong>\u00a0<\/h2>\n\n\n\n<figure class=\"wp-block-image size-large is-resized\"><img loading=\"lazy\" decoding=\"async\" width=\"1024\" height=\"1024\" src=\"https:\/\/lemediafeministeafricain.com\/wp-content\/uploads\/2024\/11\/WhatsApp-Image-2024-11-19-at-19.20.35-1024x1024.jpeg\" alt=\"\" class=\"wp-image-95514\" style=\"width:350px;height:auto\" srcset=\"https:\/\/lemediafeministeafricain.com\/wp-content\/uploads\/2024\/11\/WhatsApp-Image-2024-11-19-at-19.20.35-1024x1024.jpeg 1024w, https:\/\/lemediafeministeafricain.com\/wp-content\/uploads\/2024\/11\/WhatsApp-Image-2024-11-19-at-19.20.35-300x300.jpeg 300w, https:\/\/lemediafeministeafricain.com\/wp-content\/uploads\/2024\/11\/WhatsApp-Image-2024-11-19-at-19.20.35-150x150.jpeg 150w, https:\/\/lemediafeministeafricain.com\/wp-content\/uploads\/2024\/11\/WhatsApp-Image-2024-11-19-at-19.20.35-768x768.jpeg 768w, https:\/\/lemediafeministeafricain.com\/wp-content\/uploads\/2024\/11\/WhatsApp-Image-2024-11-19-at-19.20.35-12x12.jpeg 12w, https:\/\/lemediafeministeafricain.com\/wp-content\/uploads\/2024\/11\/WhatsApp-Image-2024-11-19-at-19.20.35-500x500.jpeg 500w, https:\/\/lemediafeministeafricain.com\/wp-content\/uploads\/2024\/11\/WhatsApp-Image-2024-11-19-at-19.20.35.jpeg 1080w\" sizes=\"auto, (max-width: 1024px) 100vw, 1024px\" \/><\/figure>\n\n\n\n<p><a href=\"https:\/\/www.unicef.org\/fr\/communiques-de-presse\/370-millions-de-filles-et-de-femmes-dans-le-monde-ont-subi-un-viol-ou-une-agression-sexuelle-enfants\">Les r\u00e9centes estimations de l\u2019UNICEF<\/a> relatives aux violences sexuelles dans l\u2019enfance sont terrifiantes! D\u2019apr\u00e8s le rapport\u00a0publi\u00e9 le 10 Octobre dernier, \u201cplus de 370 millions de filles et de femmes dans le monde ont subi un viol ou une agression sexuelle alors qu\u2019elles \u00e9taient enfants\u201d.\u00a079 millions d\u2019entre elles vivent en Afrique subsaharienne, soit 22% de la population f\u00e9minine dans la r\u00e9gion. Il s\u2019agit de\u00a0la r\u00e9gion avec le plus grand nombre de victimes.<\/p>\n\n\n\n<figure class=\"wp-block-image size-large is-resized\"><img loading=\"lazy\" decoding=\"async\" width=\"1024\" height=\"1024\" src=\"http:\/\/lemediafeministeafricain.com\/wp-content\/uploads\/2024\/11\/WhatsApp-Image-2024-11-19-at-19.20.35-1-1024x1024.jpeg\" alt=\"\" class=\"wp-image-95513\" style=\"width:380px;height:auto\" srcset=\"https:\/\/lemediafeministeafricain.com\/wp-content\/uploads\/2024\/11\/WhatsApp-Image-2024-11-19-at-19.20.35-1-1024x1024.jpeg 1024w, https:\/\/lemediafeministeafricain.com\/wp-content\/uploads\/2024\/11\/WhatsApp-Image-2024-11-19-at-19.20.35-1-300x300.jpeg 300w, https:\/\/lemediafeministeafricain.com\/wp-content\/uploads\/2024\/11\/WhatsApp-Image-2024-11-19-at-19.20.35-1-150x150.jpeg 150w, https:\/\/lemediafeministeafricain.com\/wp-content\/uploads\/2024\/11\/WhatsApp-Image-2024-11-19-at-19.20.35-1-768x768.jpeg 768w, https:\/\/lemediafeministeafricain.com\/wp-content\/uploads\/2024\/11\/WhatsApp-Image-2024-11-19-at-19.20.35-1-12x12.jpeg 12w, https:\/\/lemediafeministeafricain.com\/wp-content\/uploads\/2024\/11\/WhatsApp-Image-2024-11-19-at-19.20.35-1-500x500.jpeg 500w, https:\/\/lemediafeministeafricain.com\/wp-content\/uploads\/2024\/11\/WhatsApp-Image-2024-11-19-at-19.20.35-1.jpeg 1080w\" sizes=\"auto, (max-width: 1024px) 100vw, 1024px\" \/><\/figure>\n\n\n\n<p>Selon L\u2019Organisation Mondiale de la Sant\u00e9, la plupart des violences sexuelles surviennent dans la sph\u00e8re familiale et non, comme certains peuvent souvent le croire, \u00e0 l\u2019ext\u00e9rieur. Qu\u2019il s\u2019agisse de viol, d&#8217;attouchements, de caresses mal plac\u00e9es, d&#8217;insinuations inappropri\u00e9es, de regards douteux, de climat immoral, ou d&#8217;inceste, la probl\u00e9matique des enfants victimes de violences au sein du foyer est malheureusement une r\u00e9alit\u00e9. Et les filles vivant dans des contextes vuln\u00e9rables sont particuli\u00e8rement expos\u00e9es.\u00a0<\/p>\n\n\n\n<h2 class=\"wp-block-heading\"><strong>Mais qui prot\u00e8ge les enfants ?<\/strong>\u00a0<\/h2>\n\n\n\n<p>Le comit\u00e9 africain d\u2019experts sur les droits et le bien-\u00eatre de l\u2019enfant (CAEDBE) a pour mission la promotion et la protection des droits de l\u2019enfant et encourage les Etats membres de l&#8217;Union africaine \u00e0 prendre des mesures \u201cpour emp\u00eacher l&#8217;incitation, la coercition ou l&#8217;encouragement d&#8217;un enfant \u00e0 s&#8217;engager dans toute activit\u00e9 sexuelle\u201d.\u00a0<\/p>\n\n\n\n<p>Par ailleurs, on ne peut nier la contribution des communaut\u00e9s qui doivent cr\u00e9er un cadre propice pour lever le tabou et&nbsp;briser le silence. G\u00e9n\u00e9ralement dans les cas d\u2019agressions sexuelles ou de viols contre les enfants d\u00e9noncent rarement. Les donn\u00e9es montrent que les cons\u00e9quences sont bien graves lorsque les enfants taisent ce qu\u2019ils ont v\u00e9cu, parfois pendant de longues p\u00e9riodes.&nbsp;<\/p>","protected":false},"excerpt":{"rendered":"<p>Les enfants, ont des droits sp\u00e9cifiques qui&nbsp;reposent sur la Convention des Nations Unies relative aux droits de l\u2019enfant (CDE), adopt\u00e9e le 20 novembre 1989. Depuis, la journ\u00e9e internationale des droits de l\u2019enfant est c\u00e9l\u00e9br\u00e9e le 20 novembre de chaque ann\u00e9e en hommage \u00e0 ce moment historique.&nbsp; L\u2019objectif de la CDE est de prot\u00e9ger les droits des enfants, partout dans le monde. Dans les pays africains o\u00f9 la pauvret\u00e9, les conflits arm\u00e9s et le trafic d\u2019enfants entre autres sont souvent particuli\u00e8rement exacerb\u00e9s, les enfants sont souvent livr\u00e9s \u00e0 eux-m\u00eames et leurs droits bafou\u00e9s sans que les coupables ne soient inqui\u00e9t\u00e9s. Des [&hellip;]<\/p>\n","protected":false},"author":2,"featured_media":95511,"comment_status":"open","ping_status":"open","sticky":false,"template":"","format":"standard","meta":{"footnotes":""},"categories":[69],"tags":[257,258],"class_list":["post-95510","post","type-post","status-publish","format-standard","has-post-thumbnail","hentry","category-society","tag-droitsdesenfants","tag-protectiondelenfant"],"yoast_head":"<!-- This site is optimized with the Yoast SEO plugin v27.4 - https:\/\/yoast.com\/product\/yoast-seo-wordpress\/ -->\n<title>Violences sexuelles contre les enfants en Afrique: Des chiffres terrifiants! - Le M&eacute;dia F&eacute;ministe Africain<\/title>\n<meta name=\"robots\" content=\"index, follow, max-snippet:-1, max-image-preview:large, max-video-preview:-1\" \/>\n<link rel=\"canonical\" href=\"http:\/\/lemediafeministeafricain.com\/en\/violences-sexuelles-contre-les-enfants-en-afrique-des-chiffres-terrifiants\/\" \/>\n<meta property=\"og:locale\" content=\"en_US\" \/>\n<meta property=\"og:type\" content=\"article\" \/>\n<meta property=\"og:title\" content=\"Violences sexuelles contre les enfants en Afrique: Des chiffres terrifiants! - Le M&eacute;dia F&eacute;ministe Africain\" \/>\n<meta property=\"og:description\" content=\"Les enfants, ont des droits sp\u00e9cifiques qui&nbsp;reposent sur la Convention des Nations Unies relative aux droits de l\u2019enfant (CDE), adopt\u00e9e le 20 novembre 1989. Depuis, la journ\u00e9e internationale des droits de l\u2019enfant est c\u00e9l\u00e9br\u00e9e le 20 novembre de chaque ann\u00e9e en hommage \u00e0 ce moment historique.&nbsp; L\u2019objectif de la CDE est de prot\u00e9ger les droits des enfants, partout dans le monde. Dans les pays africains o\u00f9 la pauvret\u00e9, les conflits arm\u00e9s et le trafic d\u2019enfants entre autres sont souvent particuli\u00e8rement exacerb\u00e9s, les enfants sont souvent livr\u00e9s \u00e0 eux-m\u00eames et leurs droits bafou\u00e9s sans que les coupables ne soient inqui\u00e9t\u00e9s. Des [&hellip;]\" \/>\n<meta property=\"og:url\" content=\"http:\/\/lemediafeministeafricain.com\/en\/violences-sexuelles-contre-les-enfants-en-afrique-des-chiffres-terrifiants\/\" \/>\n<meta property=\"og:site_name\" content=\"Le M&eacute;dia F&eacute;ministe Africain\" \/>\n<meta property=\"article:publisher\" content=\"https:\/\/www.facebook.com\/profile.php?id=61557243280950\" \/>\n<meta property=\"article:published_time\" content=\"2024-11-19T22:07:54+00:00\" \/>\n<meta property=\"article:modified_time\" content=\"2024-11-19T22:07:55+00:00\" \/>\n<meta property=\"og:image\" content=\"http:\/\/lemediafeministeafricain.com\/wp-content\/uploads\/2024\/11\/images.jpeg\" \/>\n\t<meta property=\"og:image:width\" content=\"215\" \/>\n\t<meta property=\"og:image:height\" content=\"234\" \/>\n\t<meta property=\"og:image:type\" content=\"image\/jpeg\" \/>\n<meta name=\"author\" content=\"Le M\u00e9dia F\u00e9ministe Africain\" \/>\n<meta name=\"twitter:card\" content=\"summary_large_image\" \/>\n<meta name=\"twitter:creator\" content=\"@mediafeministe\" \/>\n<meta name=\"twitter:site\" content=\"@mediafeministe\" \/>\n<meta name=\"twitter:label1\" content=\"Written by\" \/>\n\t<meta name=\"twitter:data1\" content=\"Le M\u00e9dia F\u00e9ministe Africain\" \/>\n\t<meta name=\"twitter:label2\" content=\"Est. reading time\" \/>\n\t<meta name=\"twitter:data2\" content=\"3 minutes\" \/>\n<script type=\"application\/ld+json\" class=\"yoast-schema-graph\">{\"@context\":\"https:\\\/\\\/schema.org\",\"@graph\":[{\"@type\":\"Article\",\"@id\":\"http:\\\/\\\/lemediafeministeafricain.com\\\/en\\\/violences-sexuelles-contre-les-enfants-en-afrique-des-chiffres-terrifiants\\\/#article\",\"isPartOf\":{\"@id\":\"http:\\\/\\\/lemediafeministeafricain.com\\\/en\\\/violences-sexuelles-contre-les-enfants-en-afrique-des-chiffres-terrifiants\\\/\"},\"author\":{\"name\":\"Le M\u00e9dia F\u00e9ministe Africain\",\"@id\":\"http:\\\/\\\/lemediafeministeafricain.com\\\/#\\\/schema\\\/person\\\/ca21ec79a7e5334e04e9b567a065cfc0\"},\"headline\":\"Violences sexuelles contre les enfants en Afrique: Des chiffres terrifiants!\",\"datePublished\":\"2024-11-19T22:07:54+00:00\",\"dateModified\":\"2024-11-19T22:07:55+00:00\",\"mainEntityOfPage\":{\"@id\":\"http:\\\/\\\/lemediafeministeafricain.com\\\/en\\\/violences-sexuelles-contre-les-enfants-en-afrique-des-chiffres-terrifiants\\\/\"},\"wordCount\":436,\"commentCount\":1,\"publisher\":{\"@id\":\"http:\\\/\\\/lemediafeministeafricain.com\\\/#organization\"},\"image\":{\"@id\":\"http:\\\/\\\/lemediafeministeafricain.com\\\/en\\\/violences-sexuelles-contre-les-enfants-en-afrique-des-chiffres-terrifiants\\\/#primaryimage\"},\"thumbnailUrl\":\"https:\\\/\\\/lemediafeministeafricain.com\\\/wp-content\\\/uploads\\\/2024\\\/11\\\/images.jpeg\",\"keywords\":[\"#DroitsdesEnfants\",\"#Protectiondelenfant\"],\"articleSection\":[\"Society\"],\"inLanguage\":\"en-US\",\"potentialAction\":[{\"@type\":\"CommentAction\",\"name\":\"Comment\",\"target\":[\"http:\\\/\\\/lemediafeministeafricain.com\\\/en\\\/violences-sexuelles-contre-les-enfants-en-afrique-des-chiffres-terrifiants\\\/#respond\"]}]},{\"@type\":\"WebPage\",\"@id\":\"http:\\\/\\\/lemediafeministeafricain.com\\\/en\\\/violences-sexuelles-contre-les-enfants-en-afrique-des-chiffres-terrifiants\\\/\",\"url\":\"http:\\\/\\\/lemediafeministeafricain.com\\\/en\\\/violences-sexuelles-contre-les-enfants-en-afrique-des-chiffres-terrifiants\\\/\",\"name\":\"Violences sexuelles contre les enfants en Afrique: Des chiffres terrifiants! - Le M&eacute;dia F&eacute;ministe Africain\",\"isPartOf\":{\"@id\":\"http:\\\/\\\/lemediafeministeafricain.com\\\/#website\"},\"primaryImageOfPage\":{\"@id\":\"http:\\\/\\\/lemediafeministeafricain.com\\\/en\\\/violences-sexuelles-contre-les-enfants-en-afrique-des-chiffres-terrifiants\\\/#primaryimage\"},\"image\":{\"@id\":\"http:\\\/\\\/lemediafeministeafricain.com\\\/en\\\/violences-sexuelles-contre-les-enfants-en-afrique-des-chiffres-terrifiants\\\/#primaryimage\"},\"thumbnailUrl\":\"https:\\\/\\\/lemediafeministeafricain.com\\\/wp-content\\\/uploads\\\/2024\\\/11\\\/images.jpeg\",\"datePublished\":\"2024-11-19T22:07:54+00:00\",\"dateModified\":\"2024-11-19T22:07:55+00:00\",\"breadcrumb\":{\"@id\":\"http:\\\/\\\/lemediafeministeafricain.com\\\/en\\\/violences-sexuelles-contre-les-enfants-en-afrique-des-chiffres-terrifiants\\\/#breadcrumb\"},\"inLanguage\":\"en-US\",\"potentialAction\":[{\"@type\":\"ReadAction\",\"target\":[\"http:\\\/\\\/lemediafeministeafricain.com\\\/en\\\/violences-sexuelles-contre-les-enfants-en-afrique-des-chiffres-terrifiants\\\/\"]}]},{\"@type\":\"ImageObject\",\"inLanguage\":\"en-US\",\"@id\":\"http:\\\/\\\/lemediafeministeafricain.com\\\/en\\\/violences-sexuelles-contre-les-enfants-en-afrique-des-chiffres-terrifiants\\\/#primaryimage\",\"url\":\"https:\\\/\\\/lemediafeministeafricain.com\\\/wp-content\\\/uploads\\\/2024\\\/11\\\/images.jpeg\",\"contentUrl\":\"https:\\\/\\\/lemediafeministeafricain.com\\\/wp-content\\\/uploads\\\/2024\\\/11\\\/images.jpeg\",\"width\":215,\"height\":234},{\"@type\":\"BreadcrumbList\",\"@id\":\"http:\\\/\\\/lemediafeministeafricain.com\\\/en\\\/violences-sexuelles-contre-les-enfants-en-afrique-des-chiffres-terrifiants\\\/#breadcrumb\",\"itemListElement\":[{\"@type\":\"ListItem\",\"position\":1,\"name\":\"Home\",\"item\":\"http:\\\/\\\/lemediafeministeafricain.com\\\/\"},{\"@type\":\"ListItem\",\"position\":2,\"name\":\"Violences sexuelles contre les enfants en Afrique: Des chiffres terrifiants!\"}]},{\"@type\":\"WebSite\",\"@id\":\"http:\\\/\\\/lemediafeministeafricain.com\\\/#website\",\"url\":\"http:\\\/\\\/lemediafeministeafricain.com\\\/\",\"name\":\"Le M\u00e9dia F\u00e9ministe Africain\",\"description\":\"Le M&eacute;dia F&eacute;ministe Africain\",\"publisher\":{\"@id\":\"http:\\\/\\\/lemediafeministeafricain.com\\\/#organization\"},\"alternateName\":\"M\u00e9dia F\u00e9ministe Africain\",\"potentialAction\":[{\"@type\":\"SearchAction\",\"target\":{\"@type\":\"EntryPoint\",\"urlTemplate\":\"http:\\\/\\\/lemediafeministeafricain.com\\\/?s={search_term_string}\"},\"query-input\":{\"@type\":\"PropertyValueSpecification\",\"valueRequired\":true,\"valueName\":\"search_term_string\"}}],\"inLanguage\":\"en-US\"},{\"@type\":\"Organization\",\"@id\":\"http:\\\/\\\/lemediafeministeafricain.com\\\/#organization\",\"name\":\"Le M\u00e9dia F\u00e9ministe Africain\",\"alternateName\":\"M\u00e9dia F\u00e9ministe Africain\",\"url\":\"http:\\\/\\\/lemediafeministeafricain.com\\\/\",\"logo\":{\"@type\":\"ImageObject\",\"inLanguage\":\"en-US\",\"@id\":\"http:\\\/\\\/lemediafeministeafricain.com\\\/#\\\/schema\\\/logo\\\/image\\\/\",\"url\":\"http:\\\/\\\/lemediafeministeafricain.com\\\/wp-content\\\/uploads\\\/2024\\\/05\\\/LMF.webp\",\"contentUrl\":\"http:\\\/\\\/lemediafeministeafricain.com\\\/wp-content\\\/uploads\\\/2024\\\/05\\\/LMF.webp\",\"width\":1880,\"height\":1576,\"caption\":\"Le M\u00e9dia F\u00e9ministe Africain\"},\"image\":{\"@id\":\"http:\\\/\\\/lemediafeministeafricain.com\\\/#\\\/schema\\\/logo\\\/image\\\/\"},\"sameAs\":[\"https:\\\/\\\/www.facebook.com\\\/profile.php?id=61557243280950\",\"https:\\\/\\\/x.com\\\/mediafeministe\"]},{\"@type\":\"Person\",\"@id\":\"http:\\\/\\\/lemediafeministeafricain.com\\\/#\\\/schema\\\/person\\\/ca21ec79a7e5334e04e9b567a065cfc0\",\"name\":\"Le M\u00e9dia F\u00e9ministe Africain\",\"image\":{\"@type\":\"ImageObject\",\"inLanguage\":\"en-US\",\"@id\":\"https:\\\/\\\/secure.gravatar.com\\\/avatar\\\/52145e251d4472eb6112580fcf10b7c72b85cc63c31fdf1d9b1eabf2a90935d9?s=96&d=mm&r=g\",\"url\":\"https:\\\/\\\/secure.gravatar.com\\\/avatar\\\/52145e251d4472eb6112580fcf10b7c72b85cc63c31fdf1d9b1eabf2a90935d9?s=96&d=mm&r=g\",\"contentUrl\":\"https:\\\/\\\/secure.gravatar.com\\\/avatar\\\/52145e251d4472eb6112580fcf10b7c72b85cc63c31fdf1d9b1eabf2a90935d9?s=96&d=mm&r=g\",\"caption\":\"Le M\u00e9dia F\u00e9ministe Africain\"},\"sameAs\":[\"https:\\\/\\\/lemediafeministeafricain.com\\\/\"],\"url\":\"https:\\\/\\\/lemediafeministeafricain.com\\\/en\\\/author\\\/lemediafeministeafricain\\\/\"}]}<\/script>\n<!-- \/ Yoast SEO plugin. -->","yoast_head_json":{"title":"Violences sexuelles contre les enfants en Afrique: Des chiffres terrifiants! - Le M&eacute;dia F&eacute;ministe Africain","robots":{"index":"index","follow":"follow","max-snippet":"max-snippet:-1","max-image-preview":"max-image-preview:large","max-video-preview":"max-video-preview:-1"},"canonical":"http:\/\/lemediafeministeafricain.com\/en\/violences-sexuelles-contre-les-enfants-en-afrique-des-chiffres-terrifiants\/","og_locale":"en_US","og_type":"article","og_title":"Violences sexuelles contre les enfants en Afrique: Des chiffres terrifiants! - Le M&eacute;dia F&eacute;ministe Africain","og_description":"Les enfants, ont des droits sp\u00e9cifiques qui&nbsp;reposent sur la Convention des Nations Unies relative aux droits de l\u2019enfant (CDE), adopt\u00e9e le 20 novembre 1989. Depuis, la journ\u00e9e internationale des droits de l\u2019enfant est c\u00e9l\u00e9br\u00e9e le 20 novembre de chaque ann\u00e9e en hommage \u00e0 ce moment historique.&nbsp; L\u2019objectif de la CDE est de prot\u00e9ger les droits des enfants, partout dans le monde. Dans les pays africains o\u00f9 la pauvret\u00e9, les conflits arm\u00e9s et le trafic d\u2019enfants entre autres sont souvent particuli\u00e8rement exacerb\u00e9s, les enfants sont souvent livr\u00e9s \u00e0 eux-m\u00eames et leurs droits bafou\u00e9s sans que les coupables ne soient inqui\u00e9t\u00e9s. Des [&hellip;]","og_url":"http:\/\/lemediafeministeafricain.com\/en\/violences-sexuelles-contre-les-enfants-en-afrique-des-chiffres-terrifiants\/","og_site_name":"Le M&eacute;dia F&eacute;ministe Africain","article_publisher":"https:\/\/www.facebook.com\/profile.php?id=61557243280950","article_published_time":"2024-11-19T22:07:54+00:00","article_modified_time":"2024-11-19T22:07:55+00:00","og_image":[{"width":215,"height":234,"url":"http:\/\/lemediafeministeafricain.com\/wp-content\/uploads\/2024\/11\/images.jpeg","type":"image\/jpeg"}],"author":"Le M\u00e9dia F\u00e9ministe Africain","twitter_card":"summary_large_image","twitter_creator":"@mediafeministe","twitter_site":"@mediafeministe","twitter_misc":{"Written by":"Le M\u00e9dia F\u00e9ministe Africain","Est. reading time":"3 minutes"},"schema":{"@context":"https:\/\/schema.org","@graph":[{"@type":"Article","@id":"http:\/\/lemediafeministeafricain.com\/en\/violences-sexuelles-contre-les-enfants-en-afrique-des-chiffres-terrifiants\/#article","isPartOf":{"@id":"http:\/\/lemediafeministeafricain.com\/en\/violences-sexuelles-contre-les-enfants-en-afrique-des-chiffres-terrifiants\/"},"author":{"name":"Le M\u00e9dia F\u00e9ministe Africain","@id":"http:\/\/lemediafeministeafricain.com\/#\/schema\/person\/ca21ec79a7e5334e04e9b567a065cfc0"},"headline":"Violences sexuelles contre les enfants en Afrique: Des chiffres terrifiants!","datePublished":"2024-11-19T22:07:54+00:00","dateModified":"2024-11-19T22:07:55+00:00","mainEntityOfPage":{"@id":"http:\/\/lemediafeministeafricain.com\/en\/violences-sexuelles-contre-les-enfants-en-afrique-des-chiffres-terrifiants\/"},"wordCount":436,"commentCount":1,"publisher":{"@id":"http:\/\/lemediafeministeafricain.com\/#organization"},"image":{"@id":"http:\/\/lemediafeministeafricain.com\/en\/violences-sexuelles-contre-les-enfants-en-afrique-des-chiffres-terrifiants\/#primaryimage"},"thumbnailUrl":"https:\/\/lemediafeministeafricain.com\/wp-content\/uploads\/2024\/11\/images.jpeg","keywords":["#DroitsdesEnfants","#Protectiondelenfant"],"articleSection":["Society"],"inLanguage":"en-US","potentialAction":[{"@type":"CommentAction","name":"Comment","target":["http:\/\/lemediafeministeafricain.com\/en\/violences-sexuelles-contre-les-enfants-en-afrique-des-chiffres-terrifiants\/#respond"]}]},{"@type":"WebPage","@id":"http:\/\/lemediafeministeafricain.com\/en\/violences-sexuelles-contre-les-enfants-en-afrique-des-chiffres-terrifiants\/","url":"http:\/\/lemediafeministeafricain.com\/en\/violences-sexuelles-contre-les-enfants-en-afrique-des-chiffres-terrifiants\/","name":"Violences sexuelles contre les enfants en Afrique: Des chiffres terrifiants! - Le M&eacute;dia F&eacute;ministe Africain","isPartOf":{"@id":"http:\/\/lemediafeministeafricain.com\/#website"},"primaryImageOfPage":{"@id":"http:\/\/lemediafeministeafricain.com\/en\/violences-sexuelles-contre-les-enfants-en-afrique-des-chiffres-terrifiants\/#primaryimage"},"image":{"@id":"http:\/\/lemediafeministeafricain.com\/en\/violences-sexuelles-contre-les-enfants-en-afrique-des-chiffres-terrifiants\/#primaryimage"},"thumbnailUrl":"https:\/\/lemediafeministeafricain.com\/wp-content\/uploads\/2024\/11\/images.jpeg","datePublished":"2024-11-19T22:07:54+00:00","dateModified":"2024-11-19T22:07:55+00:00","breadcrumb":{"@id":"http:\/\/lemediafeministeafricain.com\/en\/violences-sexuelles-contre-les-enfants-en-afrique-des-chiffres-terrifiants\/#breadcrumb"},"inLanguage":"en-US","potentialAction":[{"@type":"ReadAction","target":["http:\/\/lemediafeministeafricain.com\/en\/violences-sexuelles-contre-les-enfants-en-afrique-des-chiffres-terrifiants\/"]}]},{"@type":"ImageObject","inLanguage":"en-US","@id":"http:\/\/lemediafeministeafricain.com\/en\/violences-sexuelles-contre-les-enfants-en-afrique-des-chiffres-terrifiants\/#primaryimage","url":"https:\/\/lemediafeministeafricain.com\/wp-content\/uploads\/2024\/11\/images.jpeg","contentUrl":"https:\/\/lemediafeministeafricain.com\/wp-content\/uploads\/2024\/11\/images.jpeg","width":215,"height":234},{"@type":"BreadcrumbList","@id":"http:\/\/lemediafeministeafricain.com\/en\/violences-sexuelles-contre-les-enfants-en-afrique-des-chiffres-terrifiants\/#breadcrumb","itemListElement":[{"@type":"ListItem","position":1,"name":"Home","item":"http:\/\/lemediafeministeafricain.com\/"},{"@type":"ListItem","position":2,"name":"Violences sexuelles contre les enfants en Afrique: Des chiffres terrifiants!"}]},{"@type":"WebSite","@id":"http:\/\/lemediafeministeafricain.com\/#website","url":"http:\/\/lemediafeministeafricain.com\/","name":"The African Feminist Media","description":"Le M&eacute;dia F&eacute;ministe Africain","publisher":{"@id":"http:\/\/lemediafeministeafricain.com\/#organization"},"alternateName":"M\u00e9dia F\u00e9ministe Africain","potentialAction":[{"@type":"SearchAction","target":{"@type":"EntryPoint","urlTemplate":"http:\/\/lemediafeministeafricain.com\/?s={search_term_string}"},"query-input":{"@type":"PropertyValueSpecification","valueRequired":true,"valueName":"search_term_string"}}],"inLanguage":"en-US"},{"@type":"Organization","@id":"http:\/\/lemediafeministeafricain.com\/#organization","name":"The African Feminist Media","alternateName":"M\u00e9dia F\u00e9ministe Africain","url":"http:\/\/lemediafeministeafricain.com\/","logo":{"@type":"ImageObject","inLanguage":"en-US","@id":"http:\/\/lemediafeministeafricain.com\/#\/schema\/logo\/image\/","url":"http:\/\/lemediafeministeafricain.com\/wp-content\/uploads\/2024\/05\/LMF.webp","contentUrl":"http:\/\/lemediafeministeafricain.com\/wp-content\/uploads\/2024\/05\/LMF.webp","width":1880,"height":1576,"caption":"Le M\u00e9dia F\u00e9ministe Africain"},"image":{"@id":"http:\/\/lemediafeministeafricain.com\/#\/schema\/logo\/image\/"},"sameAs":["https:\/\/www.facebook.com\/profile.php?id=61557243280950","https:\/\/x.com\/mediafeministe"]},{"@type":"Person","@id":"http:\/\/lemediafeministeafricain.com\/#\/schema\/person\/ca21ec79a7e5334e04e9b567a065cfc0","name":"The African Feminist Media","image":{"@type":"ImageObject","inLanguage":"en-US","@id":"https:\/\/secure.gravatar.com\/avatar\/52145e251d4472eb6112580fcf10b7c72b85cc63c31fdf1d9b1eabf2a90935d9?s=96&d=mm&r=g","url":"https:\/\/secure.gravatar.com\/avatar\/52145e251d4472eb6112580fcf10b7c72b85cc63c31fdf1d9b1eabf2a90935d9?s=96&d=mm&r=g","contentUrl":"https:\/\/secure.gravatar.com\/avatar\/52145e251d4472eb6112580fcf10b7c72b85cc63c31fdf1d9b1eabf2a90935d9?s=96&d=mm&r=g","caption":"Le M\u00e9dia F\u00e9ministe Africain"},"sameAs":["https:\/\/lemediafeministeafricain.com\/"],"url":"https:\/\/lemediafeministeafricain.com\/en\/author\/lemediafeministeafricain\/"}]}},"_links":{"self":[{"href":"https:\/\/lemediafeministeafricain.com\/en\/wp-json\/wp\/v2\/posts\/95510","targetHints":{"allow":["GET"]}}],"collection":[{"href":"https:\/\/lemediafeministeafricain.com\/en\/wp-json\/wp\/v2\/posts"}],"about":[{"href":"https:\/\/lemediafeministeafricain.com\/en\/wp-json\/wp\/v2\/types\/post"}],"author":[{"embeddable":true,"href":"https:\/\/lemediafeministeafricain.com\/en\/wp-json\/wp\/v2\/users\/2"}],"replies":[{"embeddable":true,"href":"https:\/\/lemediafeministeafricain.com\/en\/wp-json\/wp\/v2\/comments?post=95510"}],"version-history":[{"count":1,"href":"https:\/\/lemediafeministeafricain.com\/en\/wp-json\/wp\/v2\/posts\/95510\/revisions"}],"predecessor-version":[{"id":95515,"href":"https:\/\/lemediafeministeafricain.com\/en\/wp-json\/wp\/v2\/posts\/95510\/revisions\/95515"}],"wp:featuredmedia":[{"embeddable":true,"href":"https:\/\/lemediafeministeafricain.com\/en\/wp-json\/wp\/v2\/media\/95511"}],"wp:attachment":[{"href":"https:\/\/lemediafeministeafricain.com\/en\/wp-json\/wp\/v2\/media?parent=95510"}],"wp:term":[{"taxonomy":"category","embeddable":true,"href":"https:\/\/lemediafeministeafricain.com\/en\/wp-json\/wp\/v2\/categories?post=95510"},{"taxonomy":"post_tag","embeddable":true,"href":"https:\/\/lemediafeministeafricain.com\/en\/wp-json\/wp\/v2\/tags?post=95510"}],"curies":[{"name":"wp","href":"https:\/\/api.w.org\/{rel}","templated":true}]}}