{"id":95871,"date":"2026-03-11T16:53:59","date_gmt":"2026-03-11T16:53:59","guid":{"rendered":"https:\/\/lemediafeministeafricain.com\/?p=95871"},"modified":"2026-04-19T15:26:35","modified_gmt":"2026-04-19T15:26:35","slug":"sous-diomaye-et-sonko-le-senegal-se-prepare-a-durcir-la-repression-de-lhomosexualite","status":"publish","type":"post","link":"https:\/\/lemediafeministeafricain.com\/en\/sous-diomaye-et-sonko-le-senegal-se-prepare-a-durcir-la-repression-de-lhomosexualite\/","title":{"rendered":"Under Diomaye and Sonko, Senegal prepares to crack down on homosexuality"},"content":{"rendered":"<p><img loading=\"lazy\" decoding=\"async\" class=\"alignnone size-medium wp-image-95873\" src=\"http:\/\/lemediafeministeafricain.com\/wp-content\/uploads\/2026\/03\/homosexualite-1-300x169.png\" alt=\"\" width=\"300\" height=\"169\" srcset=\"https:\/\/lemediafeministeafricain.com\/wp-content\/uploads\/2026\/03\/homosexualite-1-300x169.png 300w, https:\/\/lemediafeministeafricain.com\/wp-content\/uploads\/2026\/03\/homosexualite-1-18x10.png 18w, https:\/\/lemediafeministeafricain.com\/wp-content\/uploads\/2026\/03\/homosexualite-1-400x225.png 400w, https:\/\/lemediafeministeafricain.com\/wp-content\/uploads\/2026\/03\/homosexualite-1.png 480w\" sizes=\"auto, (max-width: 300px) 100vw, 300px\" \/><\/p>\n<div>This Wednesday, March 11, the Senegalese National Assembly is examining a bill aimed at toughening the punishment of same-sex relationships. If the bill is adopted, the maximum sentence could reach ten years in prison, double the current penalty.<\/div>\n<div>This initiative comes in a climate of growing pressure against LGBTQ+ people. In recent weeks, several arrests have been reported in the country. In early February, a dozen men were arrested, including two well-known local figures, on charges of \u2019unnatural acts\u00ab - a criminal term used to describe homosexual relations.<\/div>\n<div><\/div>\n<div>Since then, arrests have been reported almost daily, according to the local press. Some are said to have been triggered by public accusations or cell phone searches. The identities of several of those arrested have also circulated publicly, fuelling a climate of stigmatization.<\/div>\n<div><\/div>\n<h2>The excuse of religion...<\/h2>\n<div>Amplifying this repression, Senegalese Prime Minister Ousmane Sonko said he \u201cpersonally\u201d supported the bill, which he \u201cfully assumes\u201d. If validated, the text would not be limited to reinforcing sanctions against same-sex relationships. It also provides for prison sentences against those who defend or support the rights of LGBTQ+ people.<\/div>\n<div>\n<div><\/div>\n<div>In a predominantly Muslim and deeply religious country, the issue of homosexuality remains extremely sensitive.<\/div>\n<div>Indeed, in an interview with German media outlet \u201cDeutsche Welle\u201d, former Senegalese Prime Minister Aminata Tour\u00e9, known as \u201cMimi Tour\u00e9\u201d, recently justified this tougher stance as follows: \u201dSenegal is a Muslim country. 95 % of the population is Muslim. It's obvious that our laws will reflect our realities and beliefs.\u201d<\/div>\n<\/div>\n<div><\/div>\n<h2>The concern of human rights organizations<\/h2>\n<div>Faced with the gravity of the situation, <a href=\"https:\/\/www.hrw.org\/fr\/news\/2026\/02\/18\/au-senegal-douze-hommes-ont-ete-arretes-en-vertu-de-lois-anti-lgbt-severes\">Human Rights Watch has expressed<\/a> its \u201cconcern about the criminalization of same-sex relationships and the safety of people living with HIV\/AIDS\u201d.<\/div>\n<div><\/div>\n<div>The International Federation for Human Rights, (<a href=\"https:\/\/www.fidh.org\/fr\/regions\/afrique\/senegal\/homophobie-au-senegal-l-etat-viole-ses-propres-engagements\">FIDH<\/a>), for its part, denounced a \u201creform that is part of a dynamic of rhetoric hostile to the rights of LGBTQ+ people, often justified in the name of \u201ccultural\u201d or religious values\u201d.<\/div>\n<div><\/div>\n<div>Yet, continues the FIDH press release, \u201cin many African countries, legislation penalizing homosexuality has its origins in codes inherited from colonial times. This colonial heritage is too often ignored or denied in order to promote the idea of a \u201cWestern agenda\u201d that would impose respect for the rights of LGBTQ+ people.<\/div>\n<div><\/div>\n<div>It now remains to be seen whether or not the bill will be validated by the Assembly...<\/div>\n<div><\/div>\n<div><\/div>","protected":false},"excerpt":{"rendered":"<p>L\u2019Assembl\u00e9e nationale du S\u00e9n\u00e9gal examine ce mercredi 11 mars un projet de loi visant \u00e0 durcir la r\u00e9pression des relations entre personnes de m\u00eame sexe. Si le texte est adopt\u00e9, la peine maximale pourrait atteindre\u00a0dix ans de prison, soit le double de la sanction actuelle. Cette initiative intervient dans un climat de pression croissante contre les personnes LGBTQ+. Ces derni\u00e8res semaines, plusieurs arrestations ont \u00e9t\u00e9 signal\u00e9es dans le pays. D\u00e9but f\u00e9vrier, une douzaine d\u2019hommes ont \u00e9t\u00e9 interpell\u00e9s, dont deux personnalit\u00e9s connues localement, accus\u00e9es d\u2019\u00ab actes contre nature \u00bb \u2014 une qualification p\u00e9nale utilis\u00e9e pour d\u00e9signer les relations homosexuelles. Depuis, des [&hellip;]<\/p>\n","protected":false},"author":2,"featured_media":95873,"comment_status":"open","ping_status":"open","sticky":false,"template":"","format":"standard","meta":{"footnotes":""},"categories":[340],"tags":[342,341,343],"class_list":["post-95871","post","type-post","status-publish","format-standard","has-post-thumbnail","hentry","category-droits-lgbtq","tag-droits-humains","tag-feminisme","tag-homosexualite"],"yoast_head":"<!-- This site is optimized with the Yoast SEO plugin v27.4 - https:\/\/yoast.com\/product\/yoast-seo-wordpress\/ -->\n<title>Sous Diomaye et Sonko, le S\u00e9n\u00e9gal se pr\u00e9pare \u00e0 durcir la r\u00e9pression de l\u2019homosexualit\u00e9 - Le M&eacute;dia F&eacute;ministe Africain<\/title>\n<meta name=\"description\" content=\"Les d\u00e9put\u00e9s s\u00e9n\u00e9galais examinent un projet de loi visant \u00e0 durcir la r\u00e9pression contre les personnes LGBTQ+\" \/>\n<meta name=\"robots\" content=\"index, follow, max-snippet:-1, max-image-preview:large, max-video-preview:-1\" \/>\n<link rel=\"canonical\" href=\"https:\/\/lemediafeministeafricain.com\/en\/sous-diomaye-et-sonko-le-senegal-se-prepare-a-durcir-la-repression-de-lhomosexualite\/\" \/>\n<meta property=\"og:locale\" content=\"en_US\" \/>\n<meta property=\"og:type\" content=\"article\" \/>\n<meta property=\"og:title\" content=\"Sous Diomaye et Sonko, le S\u00e9n\u00e9gal se pr\u00e9pare \u00e0 durcir la r\u00e9pression de l\u2019homosexualit\u00e9 - Le M&eacute;dia F&eacute;ministe Africain\" \/>\n<meta property=\"og:description\" content=\"Les d\u00e9put\u00e9s s\u00e9n\u00e9galais examinent un projet de loi visant \u00e0 durcir la r\u00e9pression contre les personnes LGBTQ+\" \/>\n<meta property=\"og:url\" content=\"https:\/\/lemediafeministeafricain.com\/en\/sous-diomaye-et-sonko-le-senegal-se-prepare-a-durcir-la-repression-de-lhomosexualite\/\" \/>\n<meta property=\"og:site_name\" content=\"Le M&eacute;dia F&eacute;ministe Africain\" \/>\n<meta property=\"article:publisher\" content=\"https:\/\/www.facebook.com\/profile.php?id=61557243280950\" \/>\n<meta property=\"article:published_time\" content=\"2026-03-11T16:53:59+00:00\" \/>\n<meta property=\"article:modified_time\" content=\"2026-04-19T15:26:35+00:00\" \/>\n<meta property=\"og:image\" content=\"https:\/\/lemediafeministeafricain.com\/wp-content\/uploads\/2026\/03\/homosexualite-1.png\" \/>\n\t<meta property=\"og:image:width\" content=\"480\" \/>\n\t<meta property=\"og:image:height\" content=\"270\" \/>\n\t<meta property=\"og:image:type\" content=\"image\/png\" \/>\n<meta name=\"author\" content=\"Le M\u00e9dia F\u00e9ministe Africain\" \/>\n<meta name=\"twitter:card\" content=\"summary_large_image\" \/>\n<meta name=\"twitter:creator\" content=\"@mediafeministe\" \/>\n<meta name=\"twitter:site\" content=\"@mediafeministe\" \/>\n<meta name=\"twitter:label1\" content=\"Written by\" \/>\n\t<meta name=\"twitter:data1\" content=\"Le M\u00e9dia F\u00e9ministe Africain\" \/>\n\t<meta name=\"twitter:label2\" content=\"Est. reading time\" \/>\n\t<meta name=\"twitter:data2\" content=\"3 minutes\" \/>\n<script type=\"application\/ld+json\" class=\"yoast-schema-graph\">{\"@context\":\"https:\\\/\\\/schema.org\",\"@graph\":[{\"@type\":\"Article\",\"@id\":\"https:\\\/\\\/lemediafeministeafricain.com\\\/sous-diomaye-et-sonko-le-senegal-se-prepare-a-durcir-la-repression-de-lhomosexualite\\\/#article\",\"isPartOf\":{\"@id\":\"https:\\\/\\\/lemediafeministeafricain.com\\\/sous-diomaye-et-sonko-le-senegal-se-prepare-a-durcir-la-repression-de-lhomosexualite\\\/\"},\"author\":{\"name\":\"Le M\u00e9dia F\u00e9ministe Africain\",\"@id\":\"http:\\\/\\\/lemediafeministeafricain.com\\\/#\\\/schema\\\/person\\\/ca21ec79a7e5334e04e9b567a065cfc0\"},\"headline\":\"Sous Diomaye et Sonko, le S\u00e9n\u00e9gal se pr\u00e9pare \u00e0 durcir la r\u00e9pression de l\u2019homosexualit\u00e9\",\"datePublished\":\"2026-03-11T16:53:59+00:00\",\"dateModified\":\"2026-04-19T15:26:35+00:00\",\"mainEntityOfPage\":{\"@id\":\"https:\\\/\\\/lemediafeministeafricain.com\\\/sous-diomaye-et-sonko-le-senegal-se-prepare-a-durcir-la-repression-de-lhomosexualite\\\/\"},\"wordCount\":497,\"commentCount\":0,\"publisher\":{\"@id\":\"http:\\\/\\\/lemediafeministeafricain.com\\\/#organization\"},\"image\":{\"@id\":\"https:\\\/\\\/lemediafeministeafricain.com\\\/sous-diomaye-et-sonko-le-senegal-se-prepare-a-durcir-la-repression-de-lhomosexualite\\\/#primaryimage\"},\"thumbnailUrl\":\"https:\\\/\\\/lemediafeministeafricain.com\\\/wp-content\\\/uploads\\\/2026\\\/03\\\/homosexualite-1.png\",\"keywords\":[\"droits humains\",\"f\u00e9minisme\",\"homosexualit\u00e9\"],\"articleSection\":[\"Droits LGBTQ+\"],\"inLanguage\":\"en-US\",\"potentialAction\":[{\"@type\":\"CommentAction\",\"name\":\"Comment\",\"target\":[\"https:\\\/\\\/lemediafeministeafricain.com\\\/sous-diomaye-et-sonko-le-senegal-se-prepare-a-durcir-la-repression-de-lhomosexualite\\\/#respond\"]}]},{\"@type\":\"WebPage\",\"@id\":\"https:\\\/\\\/lemediafeministeafricain.com\\\/sous-diomaye-et-sonko-le-senegal-se-prepare-a-durcir-la-repression-de-lhomosexualite\\\/\",\"url\":\"https:\\\/\\\/lemediafeministeafricain.com\\\/sous-diomaye-et-sonko-le-senegal-se-prepare-a-durcir-la-repression-de-lhomosexualite\\\/\",\"name\":\"Sous Diomaye et Sonko, le S\u00e9n\u00e9gal se pr\u00e9pare \u00e0 durcir la r\u00e9pression de l\u2019homosexualit\u00e9 - Le M&eacute;dia F&eacute;ministe Africain\",\"isPartOf\":{\"@id\":\"http:\\\/\\\/lemediafeministeafricain.com\\\/#website\"},\"primaryImageOfPage\":{\"@id\":\"https:\\\/\\\/lemediafeministeafricain.com\\\/sous-diomaye-et-sonko-le-senegal-se-prepare-a-durcir-la-repression-de-lhomosexualite\\\/#primaryimage\"},\"image\":{\"@id\":\"https:\\\/\\\/lemediafeministeafricain.com\\\/sous-diomaye-et-sonko-le-senegal-se-prepare-a-durcir-la-repression-de-lhomosexualite\\\/#primaryimage\"},\"thumbnailUrl\":\"https:\\\/\\\/lemediafeministeafricain.com\\\/wp-content\\\/uploads\\\/2026\\\/03\\\/homosexualite-1.png\",\"datePublished\":\"2026-03-11T16:53:59+00:00\",\"dateModified\":\"2026-04-19T15:26:35+00:00\",\"description\":\"Les d\u00e9put\u00e9s s\u00e9n\u00e9galais examinent un projet de loi visant \u00e0 durcir la r\u00e9pression contre les personnes LGBTQ+\",\"breadcrumb\":{\"@id\":\"https:\\\/\\\/lemediafeministeafricain.com\\\/sous-diomaye-et-sonko-le-senegal-se-prepare-a-durcir-la-repression-de-lhomosexualite\\\/#breadcrumb\"},\"inLanguage\":\"en-US\",\"potentialAction\":[{\"@type\":\"ReadAction\",\"target\":[\"https:\\\/\\\/lemediafeministeafricain.com\\\/sous-diomaye-et-sonko-le-senegal-se-prepare-a-durcir-la-repression-de-lhomosexualite\\\/\"]}]},{\"@type\":\"ImageObject\",\"inLanguage\":\"en-US\",\"@id\":\"https:\\\/\\\/lemediafeministeafricain.com\\\/sous-diomaye-et-sonko-le-senegal-se-prepare-a-durcir-la-repression-de-lhomosexualite\\\/#primaryimage\",\"url\":\"https:\\\/\\\/lemediafeministeafricain.com\\\/wp-content\\\/uploads\\\/2026\\\/03\\\/homosexualite-1.png\",\"contentUrl\":\"https:\\\/\\\/lemediafeministeafricain.com\\\/wp-content\\\/uploads\\\/2026\\\/03\\\/homosexualite-1.png\",\"width\":480,\"height\":270},{\"@type\":\"BreadcrumbList\",\"@id\":\"https:\\\/\\\/lemediafeministeafricain.com\\\/sous-diomaye-et-sonko-le-senegal-se-prepare-a-durcir-la-repression-de-lhomosexualite\\\/#breadcrumb\",\"itemListElement\":[{\"@type\":\"ListItem\",\"position\":1,\"name\":\"Home\",\"item\":\"http:\\\/\\\/lemediafeministeafricain.com\\\/\"},{\"@type\":\"ListItem\",\"position\":2,\"name\":\"Sous Diomaye et Sonko, le S\u00e9n\u00e9gal se pr\u00e9pare \u00e0 durcir la r\u00e9pression de l\u2019homosexualit\u00e9\"}]},{\"@type\":\"WebSite\",\"@id\":\"http:\\\/\\\/lemediafeministeafricain.com\\\/#website\",\"url\":\"http:\\\/\\\/lemediafeministeafricain.com\\\/\",\"name\":\"Le M\u00e9dia F\u00e9ministe Africain\",\"description\":\"Le M&eacute;dia F&eacute;ministe Africain\",\"publisher\":{\"@id\":\"http:\\\/\\\/lemediafeministeafricain.com\\\/#organization\"},\"alternateName\":\"M\u00e9dia F\u00e9ministe Africain\",\"potentialAction\":[{\"@type\":\"SearchAction\",\"target\":{\"@type\":\"EntryPoint\",\"urlTemplate\":\"http:\\\/\\\/lemediafeministeafricain.com\\\/?s={search_term_string}\"},\"query-input\":{\"@type\":\"PropertyValueSpecification\",\"valueRequired\":true,\"valueName\":\"search_term_string\"}}],\"inLanguage\":\"en-US\"},{\"@type\":\"Organization\",\"@id\":\"http:\\\/\\\/lemediafeministeafricain.com\\\/#organization\",\"name\":\"Le M\u00e9dia F\u00e9ministe Africain\",\"alternateName\":\"M\u00e9dia F\u00e9ministe Africain\",\"url\":\"http:\\\/\\\/lemediafeministeafricain.com\\\/\",\"logo\":{\"@type\":\"ImageObject\",\"inLanguage\":\"en-US\",\"@id\":\"http:\\\/\\\/lemediafeministeafricain.com\\\/#\\\/schema\\\/logo\\\/image\\\/\",\"url\":\"http:\\\/\\\/lemediafeministeafricain.com\\\/wp-content\\\/uploads\\\/2024\\\/05\\\/LMF.webp\",\"contentUrl\":\"http:\\\/\\\/lemediafeministeafricain.com\\\/wp-content\\\/uploads\\\/2024\\\/05\\\/LMF.webp\",\"width\":1880,\"height\":1576,\"caption\":\"Le M\u00e9dia F\u00e9ministe Africain\"},\"image\":{\"@id\":\"http:\\\/\\\/lemediafeministeafricain.com\\\/#\\\/schema\\\/logo\\\/image\\\/\"},\"sameAs\":[\"https:\\\/\\\/www.facebook.com\\\/profile.php?id=61557243280950\",\"https:\\\/\\\/x.com\\\/mediafeministe\"]},{\"@type\":\"Person\",\"@id\":\"http:\\\/\\\/lemediafeministeafricain.com\\\/#\\\/schema\\\/person\\\/ca21ec79a7e5334e04e9b567a065cfc0\",\"name\":\"Le M\u00e9dia F\u00e9ministe Africain\",\"image\":{\"@type\":\"ImageObject\",\"inLanguage\":\"en-US\",\"@id\":\"https:\\\/\\\/secure.gravatar.com\\\/avatar\\\/52145e251d4472eb6112580fcf10b7c72b85cc63c31fdf1d9b1eabf2a90935d9?s=96&d=mm&r=g\",\"url\":\"https:\\\/\\\/secure.gravatar.com\\\/avatar\\\/52145e251d4472eb6112580fcf10b7c72b85cc63c31fdf1d9b1eabf2a90935d9?s=96&d=mm&r=g\",\"contentUrl\":\"https:\\\/\\\/secure.gravatar.com\\\/avatar\\\/52145e251d4472eb6112580fcf10b7c72b85cc63c31fdf1d9b1eabf2a90935d9?s=96&d=mm&r=g\",\"caption\":\"Le M\u00e9dia F\u00e9ministe Africain\"},\"sameAs\":[\"https:\\\/\\\/lemediafeministeafricain.com\\\/\"],\"url\":\"https:\\\/\\\/lemediafeministeafricain.com\\\/en\\\/author\\\/lemediafeministeafricain\\\/\"}]}<\/script>\n<!-- \/ Yoast SEO plugin. -->","yoast_head_json":{"title":"Sous Diomaye et Sonko, le S\u00e9n\u00e9gal se pr\u00e9pare \u00e0 durcir la r\u00e9pression de l\u2019homosexualit\u00e9 - Le M&eacute;dia F&eacute;ministe Africain","description":"Les d\u00e9put\u00e9s s\u00e9n\u00e9galais examinent un projet de loi visant \u00e0 durcir la r\u00e9pression contre les personnes LGBTQ+","robots":{"index":"index","follow":"follow","max-snippet":"max-snippet:-1","max-image-preview":"max-image-preview:large","max-video-preview":"max-video-preview:-1"},"canonical":"https:\/\/lemediafeministeafricain.com\/en\/sous-diomaye-et-sonko-le-senegal-se-prepare-a-durcir-la-repression-de-lhomosexualite\/","og_locale":"en_US","og_type":"article","og_title":"Sous Diomaye et Sonko, le S\u00e9n\u00e9gal se pr\u00e9pare \u00e0 durcir la r\u00e9pression de l\u2019homosexualit\u00e9 - Le M&eacute;dia F&eacute;ministe Africain","og_description":"Les d\u00e9put\u00e9s s\u00e9n\u00e9galais examinent un projet de loi visant \u00e0 durcir la r\u00e9pression contre les personnes LGBTQ+","og_url":"https:\/\/lemediafeministeafricain.com\/en\/sous-diomaye-et-sonko-le-senegal-se-prepare-a-durcir-la-repression-de-lhomosexualite\/","og_site_name":"Le M&eacute;dia F&eacute;ministe Africain","article_publisher":"https:\/\/www.facebook.com\/profile.php?id=61557243280950","article_published_time":"2026-03-11T16:53:59+00:00","article_modified_time":"2026-04-19T15:26:35+00:00","og_image":[{"width":480,"height":270,"url":"https:\/\/lemediafeministeafricain.com\/wp-content\/uploads\/2026\/03\/homosexualite-1.png","type":"image\/png"}],"author":"Le M\u00e9dia F\u00e9ministe Africain","twitter_card":"summary_large_image","twitter_creator":"@mediafeministe","twitter_site":"@mediafeministe","twitter_misc":{"Written by":"Le M\u00e9dia F\u00e9ministe Africain","Est. reading time":"3 minutes"},"schema":{"@context":"https:\/\/schema.org","@graph":[{"@type":"Article","@id":"https:\/\/lemediafeministeafricain.com\/sous-diomaye-et-sonko-le-senegal-se-prepare-a-durcir-la-repression-de-lhomosexualite\/#article","isPartOf":{"@id":"https:\/\/lemediafeministeafricain.com\/sous-diomaye-et-sonko-le-senegal-se-prepare-a-durcir-la-repression-de-lhomosexualite\/"},"author":{"name":"Le M\u00e9dia F\u00e9ministe Africain","@id":"http:\/\/lemediafeministeafricain.com\/#\/schema\/person\/ca21ec79a7e5334e04e9b567a065cfc0"},"headline":"Sous Diomaye et Sonko, le S\u00e9n\u00e9gal se pr\u00e9pare \u00e0 durcir la r\u00e9pression de l\u2019homosexualit\u00e9","datePublished":"2026-03-11T16:53:59+00:00","dateModified":"2026-04-19T15:26:35+00:00","mainEntityOfPage":{"@id":"https:\/\/lemediafeministeafricain.com\/sous-diomaye-et-sonko-le-senegal-se-prepare-a-durcir-la-repression-de-lhomosexualite\/"},"wordCount":497,"commentCount":0,"publisher":{"@id":"http:\/\/lemediafeministeafricain.com\/#organization"},"image":{"@id":"https:\/\/lemediafeministeafricain.com\/sous-diomaye-et-sonko-le-senegal-se-prepare-a-durcir-la-repression-de-lhomosexualite\/#primaryimage"},"thumbnailUrl":"https:\/\/lemediafeministeafricain.com\/wp-content\/uploads\/2026\/03\/homosexualite-1.png","keywords":["droits humains","f\u00e9minisme","homosexualit\u00e9"],"articleSection":["Droits LGBTQ+"],"inLanguage":"en-US","potentialAction":[{"@type":"CommentAction","name":"Comment","target":["https:\/\/lemediafeministeafricain.com\/sous-diomaye-et-sonko-le-senegal-se-prepare-a-durcir-la-repression-de-lhomosexualite\/#respond"]}]},{"@type":"WebPage","@id":"https:\/\/lemediafeministeafricain.com\/sous-diomaye-et-sonko-le-senegal-se-prepare-a-durcir-la-repression-de-lhomosexualite\/","url":"https:\/\/lemediafeministeafricain.com\/sous-diomaye-et-sonko-le-senegal-se-prepare-a-durcir-la-repression-de-lhomosexualite\/","name":"Sous Diomaye et Sonko, le S\u00e9n\u00e9gal se pr\u00e9pare \u00e0 durcir la r\u00e9pression de l\u2019homosexualit\u00e9 - Le M&eacute;dia F&eacute;ministe Africain","isPartOf":{"@id":"http:\/\/lemediafeministeafricain.com\/#website"},"primaryImageOfPage":{"@id":"https:\/\/lemediafeministeafricain.com\/sous-diomaye-et-sonko-le-senegal-se-prepare-a-durcir-la-repression-de-lhomosexualite\/#primaryimage"},"image":{"@id":"https:\/\/lemediafeministeafricain.com\/sous-diomaye-et-sonko-le-senegal-se-prepare-a-durcir-la-repression-de-lhomosexualite\/#primaryimage"},"thumbnailUrl":"https:\/\/lemediafeministeafricain.com\/wp-content\/uploads\/2026\/03\/homosexualite-1.png","datePublished":"2026-03-11T16:53:59+00:00","dateModified":"2026-04-19T15:26:35+00:00","description":"Les d\u00e9put\u00e9s s\u00e9n\u00e9galais examinent un projet de loi visant \u00e0 durcir la r\u00e9pression contre les personnes LGBTQ+","breadcrumb":{"@id":"https:\/\/lemediafeministeafricain.com\/sous-diomaye-et-sonko-le-senegal-se-prepare-a-durcir-la-repression-de-lhomosexualite\/#breadcrumb"},"inLanguage":"en-US","potentialAction":[{"@type":"ReadAction","target":["https:\/\/lemediafeministeafricain.com\/sous-diomaye-et-sonko-le-senegal-se-prepare-a-durcir-la-repression-de-lhomosexualite\/"]}]},{"@type":"ImageObject","inLanguage":"en-US","@id":"https:\/\/lemediafeministeafricain.com\/sous-diomaye-et-sonko-le-senegal-se-prepare-a-durcir-la-repression-de-lhomosexualite\/#primaryimage","url":"https:\/\/lemediafeministeafricain.com\/wp-content\/uploads\/2026\/03\/homosexualite-1.png","contentUrl":"https:\/\/lemediafeministeafricain.com\/wp-content\/uploads\/2026\/03\/homosexualite-1.png","width":480,"height":270},{"@type":"BreadcrumbList","@id":"https:\/\/lemediafeministeafricain.com\/sous-diomaye-et-sonko-le-senegal-se-prepare-a-durcir-la-repression-de-lhomosexualite\/#breadcrumb","itemListElement":[{"@type":"ListItem","position":1,"name":"Home","item":"http:\/\/lemediafeministeafricain.com\/"},{"@type":"ListItem","position":2,"name":"Sous Diomaye et Sonko, le S\u00e9n\u00e9gal se pr\u00e9pare \u00e0 durcir la r\u00e9pression de l\u2019homosexualit\u00e9"}]},{"@type":"WebSite","@id":"http:\/\/lemediafeministeafricain.com\/#website","url":"http:\/\/lemediafeministeafricain.com\/","name":"The African Feminist Media","description":"Le M&eacute;dia F&eacute;ministe Africain","publisher":{"@id":"http:\/\/lemediafeministeafricain.com\/#organization"},"alternateName":"M\u00e9dia F\u00e9ministe Africain","potentialAction":[{"@type":"SearchAction","target":{"@type":"EntryPoint","urlTemplate":"http:\/\/lemediafeministeafricain.com\/?s={search_term_string}"},"query-input":{"@type":"PropertyValueSpecification","valueRequired":true,"valueName":"search_term_string"}}],"inLanguage":"en-US"},{"@type":"Organization","@id":"http:\/\/lemediafeministeafricain.com\/#organization","name":"The African Feminist Media","alternateName":"M\u00e9dia F\u00e9ministe Africain","url":"http:\/\/lemediafeministeafricain.com\/","logo":{"@type":"ImageObject","inLanguage":"en-US","@id":"http:\/\/lemediafeministeafricain.com\/#\/schema\/logo\/image\/","url":"http:\/\/lemediafeministeafricain.com\/wp-content\/uploads\/2024\/05\/LMF.webp","contentUrl":"http:\/\/lemediafeministeafricain.com\/wp-content\/uploads\/2024\/05\/LMF.webp","width":1880,"height":1576,"caption":"Le M\u00e9dia F\u00e9ministe Africain"},"image":{"@id":"http:\/\/lemediafeministeafricain.com\/#\/schema\/logo\/image\/"},"sameAs":["https:\/\/www.facebook.com\/profile.php?id=61557243280950","https:\/\/x.com\/mediafeministe"]},{"@type":"Person","@id":"http:\/\/lemediafeministeafricain.com\/#\/schema\/person\/ca21ec79a7e5334e04e9b567a065cfc0","name":"The African Feminist Media","image":{"@type":"ImageObject","inLanguage":"en-US","@id":"https:\/\/secure.gravatar.com\/avatar\/52145e251d4472eb6112580fcf10b7c72b85cc63c31fdf1d9b1eabf2a90935d9?s=96&d=mm&r=g","url":"https:\/\/secure.gravatar.com\/avatar\/52145e251d4472eb6112580fcf10b7c72b85cc63c31fdf1d9b1eabf2a90935d9?s=96&d=mm&r=g","contentUrl":"https:\/\/secure.gravatar.com\/avatar\/52145e251d4472eb6112580fcf10b7c72b85cc63c31fdf1d9b1eabf2a90935d9?s=96&d=mm&r=g","caption":"Le M\u00e9dia F\u00e9ministe Africain"},"sameAs":["https:\/\/lemediafeministeafricain.com\/"],"url":"https:\/\/lemediafeministeafricain.com\/en\/author\/lemediafeministeafricain\/"}]}},"_links":{"self":[{"href":"https:\/\/lemediafeministeafricain.com\/en\/wp-json\/wp\/v2\/posts\/95871","targetHints":{"allow":["GET"]}}],"collection":[{"href":"https:\/\/lemediafeministeafricain.com\/en\/wp-json\/wp\/v2\/posts"}],"about":[{"href":"https:\/\/lemediafeministeafricain.com\/en\/wp-json\/wp\/v2\/types\/post"}],"author":[{"embeddable":true,"href":"https:\/\/lemediafeministeafricain.com\/en\/wp-json\/wp\/v2\/users\/2"}],"replies":[{"embeddable":true,"href":"https:\/\/lemediafeministeafricain.com\/en\/wp-json\/wp\/v2\/comments?post=95871"}],"version-history":[{"count":5,"href":"https:\/\/lemediafeministeafricain.com\/en\/wp-json\/wp\/v2\/posts\/95871\/revisions"}],"predecessor-version":[{"id":95878,"href":"https:\/\/lemediafeministeafricain.com\/en\/wp-json\/wp\/v2\/posts\/95871\/revisions\/95878"}],"wp:featuredmedia":[{"embeddable":true,"href":"https:\/\/lemediafeministeafricain.com\/en\/wp-json\/wp\/v2\/media\/95873"}],"wp:attachment":[{"href":"https:\/\/lemediafeministeafricain.com\/en\/wp-json\/wp\/v2\/media?parent=95871"}],"wp:term":[{"taxonomy":"category","embeddable":true,"href":"https:\/\/lemediafeministeafricain.com\/en\/wp-json\/wp\/v2\/categories?post=95871"},{"taxonomy":"post_tag","embeddable":true,"href":"https:\/\/lemediafeministeafricain.com\/en\/wp-json\/wp\/v2\/tags?post=95871"}],"curies":[{"name":"wp","href":"https:\/\/api.w.org\/{rel}","templated":true}]}}