{"id":95887,"date":"2026-03-18T10:53:44","date_gmt":"2026-03-18T10:53:44","guid":{"rendered":"https:\/\/lemediafeministeafricain.com\/?p=95887"},"modified":"2026-04-28T14:59:37","modified_gmt":"2026-04-28T14:59:37","slug":"mondial-du-basket-feminin-2026-les-maliennes-et-les-nigerianes-font-briller-lafrique","status":"publish","type":"post","link":"https:\/\/lemediafeministeafricain.com\/en\/mondial-du-basket-feminin-2026-les-maliennes-et-les-nigerianes-font-briller-lafrique\/","title":{"rendered":"Mondial du Basket f\u00e9minin 2026 : Les Maliennes et les Nig\u00e9rianes font briller l&#8217;Afrique"},"content":{"rendered":"<div id=\"attachment_95888\" style=\"width: 310px\" class=\"wp-caption alignnone\"><img loading=\"lazy\" decoding=\"async\" aria-describedby=\"caption-attachment-95888\" class=\"size-medium wp-image-95888\" src=\"http:\/\/lemediafeministeafricain.com\/wp-content\/uploads\/2026\/03\/Nigeria-FIBA-300x200.webp\" alt=\"\" width=\"300\" height=\"200\" srcset=\"https:\/\/lemediafeministeafricain.com\/wp-content\/uploads\/2026\/03\/Nigeria-FIBA-300x200.webp 300w, https:\/\/lemediafeministeafricain.com\/wp-content\/uploads\/2026\/03\/Nigeria-FIBA-1024x683.webp 1024w, https:\/\/lemediafeministeafricain.com\/wp-content\/uploads\/2026\/03\/Nigeria-FIBA-768x512.webp 768w, https:\/\/lemediafeministeafricain.com\/wp-content\/uploads\/2026\/03\/Nigeria-FIBA-1536x1024.webp 1536w, https:\/\/lemediafeministeafricain.com\/wp-content\/uploads\/2026\/03\/Nigeria-FIBA-scaled.webp 1920w, https:\/\/lemediafeministeafricain.com\/wp-content\/uploads\/2026\/03\/Nigeria-FIBA-18x12.webp 18w, https:\/\/lemediafeministeafricain.com\/wp-content\/uploads\/2026\/03\/Nigeria-FIBA-360x240.webp 360w, https:\/\/lemediafeministeafricain.com\/wp-content\/uploads\/2026\/03\/Nigeria-FIBA-210x140.webp 210w, https:\/\/lemediafeministeafricain.com\/wp-content\/uploads\/2026\/03\/Nigeria-FIBA-400x267.webp 400w\" sizes=\"auto, (max-width: 300px) 100vw, 300px\" \/><p id=\"caption-attachment-95888\" class=\"wp-caption-text\">Cinq fois champion de l&#8217;Afrobasket, le Nigeria fait partie des \u00e9quipes les plus prometteuses pour cette comp\u00e9tition<\/p><\/div>\n<p>&nbsp;<\/p>\n<div>Ce mercredi 18 mars 2026 marque la fin des qualifications pour la Coupe du monde f\u00e9minine de basket qui se d\u00e9roulera \u00e0 Berlin, en Allemagne, du 4 au 13 septembre. Parmi les quatre \u00e9quipes africaines engag\u00e9es, Nigeria, Mali, S\u00e9n\u00e9gal et Soudan du Sud, seules deux ont d\u00e9croch\u00e9 leur billet. On rappelle que lors de la derni\u00e8re Coupe du monde, le continent n\u2019avait qu\u2019un seul repr\u00e9sentant.<\/div>\n<div>Mais derri\u00e8re cette avanc\u00e9e, une question persiste : \u00e0 quelles conditions les \u00e9quipes africaines parviennent-elles \u00e0 exister sur la sc\u00e8ne mondiale ?<\/div>\n<h2>Une progression r\u00e9elle<\/h2>\n<div>Cette \u00e9dition 2026 marque un changement par rapport \u00e0 celle de 2022.<\/div>\n<div>Le nombre d\u2019\u00e9quipes est pass\u00e9 de 12 \u00e0 16, ce qui permet \u00e0 davantage de nations de participer et rend le tournoi plus comp\u00e9titif.<\/div>\n<div>Les qualifications se sont d\u00e9roul\u00e9es dans quatre tournois de six \u00e9quipes chacun, avec les quatre premi\u00e8res \u00e9quipes de chaque tournoi qualifi\u00e9es pour le Mondial.<\/div>\n<div>Le Nigeria, d\u00e9j\u00e0 qualifi\u00e9 en tant que vainqueur continental de l\u2019Afrobasket 2025, a termin\u00e9 quatri\u00e8me de sa poule avec deux victoires et trois d\u00e9faites. La s\u00e9lection nig\u00e9riane s\u2019est particuli\u00e8rement distingu\u00e9e face \u00e0 la France, troisi\u00e8me au classement mondial FIBA, ne s\u2019inclinant que de sept points. Une performance salu\u00e9e par les experts et qui confirme la comp\u00e9titivit\u00e9 des basketteuses nig\u00e9rianes.<\/div>\n<div><\/div>\n<div>Comme l&#8217;a soulign\u00e9 la nig\u00e9riane Pallas Daemi Kunaiyi-Akpanah, le Nig\u00e9ria est entrain d&#8217;\u00e9crire l&#8217;histoire.<\/div>\n<div><\/div>\n<div><img loading=\"lazy\" decoding=\"async\" class=\"alignnone size-medium wp-image-95889\" src=\"http:\/\/lemediafeministeafricain.com\/wp-content\/uploads\/2026\/03\/Pallas-Royal-300x131.webp\" alt=\"\" width=\"300\" height=\"131\" srcset=\"https:\/\/lemediafeministeafricain.com\/wp-content\/uploads\/2026\/03\/Pallas-Royal-300x131.webp 300w, https:\/\/lemediafeministeafricain.com\/wp-content\/uploads\/2026\/03\/Pallas-Royal-18x8.webp 18w, https:\/\/lemediafeministeafricain.com\/wp-content\/uploads\/2026\/03\/Pallas-Royal-600x264.webp 600w, https:\/\/lemediafeministeafricain.com\/wp-content\/uploads\/2026\/03\/Pallas-Royal-400x175.webp 400w, https:\/\/lemediafeministeafricain.com\/wp-content\/uploads\/2026\/03\/Pallas-Royal.webp 604w\" sizes=\"auto, (max-width: 300px) 100vw, 300px\" \/><\/div>\n<div><\/div>\n<div>Le Mali, seul pays africain \u00e0 avoir particip\u00e9 \u00e0 la derni\u00e8re Coupe du monde, a \u00e9galement valid\u00e9 sa qualification en terminant troisi\u00e8me de son groupe avec le m\u00eame total de points que la R\u00e9publique tch\u00e8que, quatri\u00e8me, et devant le Br\u00e9sil, cinqui\u00e8me.<\/div>\n<div><\/div>\n<h2><b>Derri\u00e8re les performances, des in\u00e9galit\u00e9s persistantes<\/b><\/h2>\n<div>Ces r\u00e9sultats confirment que les joueuses africaines conservent une pr\u00e9sence solide sur la sc\u00e8ne mondiale, malgr\u00e9 des infrastructures et financements encore limit\u00e9s. Dans de nombreuses f\u00e9d\u00e9rations africaines, les \u00e9quipes f\u00e9minines \u00e9voluent encore avec moins de moyens, moins de visibilit\u00e9 et moins de soutien institutionnel que leurs homologues masculins. <a href=\"https:\/\/lemediafeministeafricain.com\/en\/pourquoi-la-can-feminine-est-elle-encore-meprisee\/\">Une remarque qu&#8217;on note aussi dans d&#8217;autres disciplines, notamment le football.<\/a><\/div>\n<div><\/div>\n<h2>Une vitrine essentielle pour le sport f\u00e9minin africain<\/h2>\n<div>Dans un contexte o\u00f9 le sport f\u00e9minin africain lutte encore pour exister une qualification participer \u00e0 la Coupe du monde repr\u00e9sente bien plus qu\u2019un simple exploit sportif. Elle constitue une vitrine essentielle pour attirer visibilit\u00e9, sponsors et reconnaissance \u00e0 la hauteur des performances.<\/div>\n<div><\/div>\n<div>Le basket f\u00e9minin africain s\u2019appr\u00eate \u00e0 briller \u00e0 Berlin, prouvant que, lorsqu\u2019elles b\u00e9n\u00e9ficient des moyens et des opportunit\u00e9s n\u00e9cessaires, les joueuses africaines peuvent rivaliser avec les meilleures nations du monde, tout en poursuivant leur progression et en inspirant la prochaine g\u00e9n\u00e9ration.<\/div>","protected":false},"excerpt":{"rendered":"<p>&nbsp; Ce mercredi 18 mars 2026 marque la fin des qualifications pour la Coupe du monde f\u00e9minine de basket qui se d\u00e9roulera \u00e0 Berlin, en Allemagne, du 4 au 13 septembre. Parmi les quatre \u00e9quipes africaines engag\u00e9es, Nigeria, Mali, S\u00e9n\u00e9gal et Soudan du Sud, seules deux ont d\u00e9croch\u00e9 leur billet. On rappelle que lors de la derni\u00e8re Coupe du monde, le continent n\u2019avait qu\u2019un seul repr\u00e9sentant. Mais derri\u00e8re cette avanc\u00e9e, une question persiste : \u00e0 quelles conditions les \u00e9quipes africaines parviennent-elles \u00e0 exister sur la sc\u00e8ne mondiale ? Une progression r\u00e9elle Cette \u00e9dition 2026 marque un changement par rapport \u00e0 [&hellip;]<\/p>\n","protected":false},"author":2,"featured_media":95888,"comment_status":"open","ping_status":"open","sticky":false,"template":"","format":"standard","meta":{"footnotes":""},"categories":[20],"tags":[167,349,347,348,346],"class_list":["post-95887","post","type-post","status-publish","format-standard","has-post-thumbnail","hentry","category-sport","tag-afrique","tag-mali","tag-mondial-basket-feminin-2026","tag-nigeria","tag-sport-feminin"],"yoast_head":"<!-- This site is optimized with the Yoast SEO plugin v27.5 - https:\/\/yoast.com\/product\/yoast-seo-wordpress\/ -->\n<title>Mondial du Basket f\u00e9minin 2026 : Les Maliennes et les Nig\u00e9rianes font briller l&#039;Afrique - Le M&eacute;dia F&eacute;ministe Africain<\/title>\n<meta name=\"description\" content=\"Le Mali et le Nigeria repr\u00e9senteront l&#039;Afrique au Mondial de basket f\u00e9minin 2026. Une performance qui confirme le potentiel des joueuses africaines malgr\u00e9 un manque de moyens.\" \/>\n<meta name=\"robots\" content=\"index, follow, max-snippet:-1, max-image-preview:large, max-video-preview:-1\" \/>\n<link rel=\"canonical\" href=\"https:\/\/lemediafeministeafricain.com\/en\/mondial-du-basket-feminin-2026-les-maliennes-et-les-nigerianes-font-briller-lafrique\/\" \/>\n<meta property=\"og:locale\" content=\"en_US\" \/>\n<meta property=\"og:type\" content=\"article\" \/>\n<meta property=\"og:title\" content=\"Mondial du Basket f\u00e9minin 2026 : Les Maliennes et les Nig\u00e9rianes font briller l&#039;Afrique - Le M&eacute;dia F&eacute;ministe Africain\" \/>\n<meta property=\"og:description\" content=\"Le Mali et le Nigeria repr\u00e9senteront l&#039;Afrique au Mondial de basket f\u00e9minin 2026. Une performance qui confirme le potentiel des joueuses africaines malgr\u00e9 un manque de moyens.\" \/>\n<meta property=\"og:url\" content=\"https:\/\/lemediafeministeafricain.com\/en\/mondial-du-basket-feminin-2026-les-maliennes-et-les-nigerianes-font-briller-lafrique\/\" \/>\n<meta property=\"og:site_name\" content=\"Le M&eacute;dia F&eacute;ministe Africain\" \/>\n<meta property=\"article:publisher\" content=\"https:\/\/www.facebook.com\/profile.php?id=61557243280950\" \/>\n<meta property=\"article:published_time\" content=\"2026-03-18T10:53:44+00:00\" \/>\n<meta property=\"article:modified_time\" content=\"2026-04-28T14:59:37+00:00\" \/>\n<meta property=\"og:image\" content=\"https:\/\/lemediafeministeafricain.com\/wp-content\/uploads\/2026\/03\/Nigeria-FIBA-scaled.webp\" \/>\n\t<meta property=\"og:image:width\" content=\"1920\" \/>\n\t<meta property=\"og:image:height\" content=\"1280\" \/>\n\t<meta property=\"og:image:type\" content=\"image\/webp\" \/>\n<meta name=\"author\" content=\"Le M\u00e9dia F\u00e9ministe Africain\" \/>\n<meta name=\"twitter:card\" content=\"summary_large_image\" \/>\n<meta name=\"twitter:creator\" content=\"@mediafeministe\" \/>\n<meta name=\"twitter:site\" content=\"@mediafeministe\" \/>\n<meta name=\"twitter:label1\" content=\"Written by\" \/>\n\t<meta name=\"twitter:data1\" content=\"Le M\u00e9dia F\u00e9ministe Africain\" \/>\n\t<meta name=\"twitter:label2\" content=\"Est. reading time\" \/>\n\t<meta name=\"twitter:data2\" content=\"3 minutes\" \/>\n<script type=\"application\/ld+json\" class=\"yoast-schema-graph\">{\"@context\":\"https:\\\/\\\/schema.org\",\"@graph\":[{\"@type\":\"Article\",\"@id\":\"https:\\\/\\\/lemediafeministeafricain.com\\\/mondial-du-basket-feminin-2026-les-maliennes-et-les-nigerianes-font-briller-lafrique\\\/#article\",\"isPartOf\":{\"@id\":\"https:\\\/\\\/lemediafeministeafricain.com\\\/mondial-du-basket-feminin-2026-les-maliennes-et-les-nigerianes-font-briller-lafrique\\\/\"},\"author\":{\"name\":\"Le M\u00e9dia F\u00e9ministe Africain\",\"@id\":\"http:\\\/\\\/lemediafeministeafricain.com\\\/#\\\/schema\\\/person\\\/ca21ec79a7e5334e04e9b567a065cfc0\"},\"headline\":\"Mondial du Basket f\u00e9minin 2026 : Les Maliennes et les Nig\u00e9rianes font briller l&#8217;Afrique\",\"datePublished\":\"2026-03-18T10:53:44+00:00\",\"dateModified\":\"2026-04-28T14:59:37+00:00\",\"mainEntityOfPage\":{\"@id\":\"https:\\\/\\\/lemediafeministeafricain.com\\\/mondial-du-basket-feminin-2026-les-maliennes-et-les-nigerianes-font-briller-lafrique\\\/\"},\"wordCount\":512,\"commentCount\":0,\"publisher\":{\"@id\":\"http:\\\/\\\/lemediafeministeafricain.com\\\/#organization\"},\"image\":{\"@id\":\"https:\\\/\\\/lemediafeministeafricain.com\\\/mondial-du-basket-feminin-2026-les-maliennes-et-les-nigerianes-font-briller-lafrique\\\/#primaryimage\"},\"thumbnailUrl\":\"https:\\\/\\\/lemediafeministeafricain.com\\\/wp-content\\\/uploads\\\/2026\\\/03\\\/Nigeria-FIBA-scaled.webp\",\"keywords\":[\"Afrique\",\"Mali\",\"Mondial Basket f\u00e9minin 2026\",\"Nigeria\",\"Sport f\u00e9minin\"],\"articleSection\":[\"Sport\"],\"inLanguage\":\"en-US\",\"potentialAction\":[{\"@type\":\"CommentAction\",\"name\":\"Comment\",\"target\":[\"https:\\\/\\\/lemediafeministeafricain.com\\\/mondial-du-basket-feminin-2026-les-maliennes-et-les-nigerianes-font-briller-lafrique\\\/#respond\"]}]},{\"@type\":\"WebPage\",\"@id\":\"https:\\\/\\\/lemediafeministeafricain.com\\\/mondial-du-basket-feminin-2026-les-maliennes-et-les-nigerianes-font-briller-lafrique\\\/\",\"url\":\"https:\\\/\\\/lemediafeministeafricain.com\\\/mondial-du-basket-feminin-2026-les-maliennes-et-les-nigerianes-font-briller-lafrique\\\/\",\"name\":\"Mondial du Basket f\u00e9minin 2026 : Les Maliennes et les Nig\u00e9rianes font briller l'Afrique - Le M&eacute;dia F&eacute;ministe Africain\",\"isPartOf\":{\"@id\":\"http:\\\/\\\/lemediafeministeafricain.com\\\/#website\"},\"primaryImageOfPage\":{\"@id\":\"https:\\\/\\\/lemediafeministeafricain.com\\\/mondial-du-basket-feminin-2026-les-maliennes-et-les-nigerianes-font-briller-lafrique\\\/#primaryimage\"},\"image\":{\"@id\":\"https:\\\/\\\/lemediafeministeafricain.com\\\/mondial-du-basket-feminin-2026-les-maliennes-et-les-nigerianes-font-briller-lafrique\\\/#primaryimage\"},\"thumbnailUrl\":\"https:\\\/\\\/lemediafeministeafricain.com\\\/wp-content\\\/uploads\\\/2026\\\/03\\\/Nigeria-FIBA-scaled.webp\",\"datePublished\":\"2026-03-18T10:53:44+00:00\",\"dateModified\":\"2026-04-28T14:59:37+00:00\",\"description\":\"Le Mali et le Nigeria repr\u00e9senteront l'Afrique au Mondial de basket f\u00e9minin 2026. Une performance qui confirme le potentiel des joueuses africaines malgr\u00e9 un manque de moyens.\",\"breadcrumb\":{\"@id\":\"https:\\\/\\\/lemediafeministeafricain.com\\\/mondial-du-basket-feminin-2026-les-maliennes-et-les-nigerianes-font-briller-lafrique\\\/#breadcrumb\"},\"inLanguage\":\"en-US\",\"potentialAction\":[{\"@type\":\"ReadAction\",\"target\":[\"https:\\\/\\\/lemediafeministeafricain.com\\\/mondial-du-basket-feminin-2026-les-maliennes-et-les-nigerianes-font-briller-lafrique\\\/\"]}]},{\"@type\":\"ImageObject\",\"inLanguage\":\"en-US\",\"@id\":\"https:\\\/\\\/lemediafeministeafricain.com\\\/mondial-du-basket-feminin-2026-les-maliennes-et-les-nigerianes-font-briller-lafrique\\\/#primaryimage\",\"url\":\"https:\\\/\\\/lemediafeministeafricain.com\\\/wp-content\\\/uploads\\\/2026\\\/03\\\/Nigeria-FIBA-scaled.webp\",\"contentUrl\":\"https:\\\/\\\/lemediafeministeafricain.com\\\/wp-content\\\/uploads\\\/2026\\\/03\\\/Nigeria-FIBA-scaled.webp\",\"width\":1920,\"height\":1280,\"caption\":\"Cinq fois champion de l'Afrobasket, le Nigeria fait partie des \u00e9quipes les plus prometteuses pour cette comp\u00e9tition\"},{\"@type\":\"BreadcrumbList\",\"@id\":\"https:\\\/\\\/lemediafeministeafricain.com\\\/mondial-du-basket-feminin-2026-les-maliennes-et-les-nigerianes-font-briller-lafrique\\\/#breadcrumb\",\"itemListElement\":[{\"@type\":\"ListItem\",\"position\":1,\"name\":\"Home\",\"item\":\"http:\\\/\\\/lemediafeministeafricain.com\\\/\"},{\"@type\":\"ListItem\",\"position\":2,\"name\":\"Mondial du Basket f\u00e9minin 2026 : Les Maliennes et les Nig\u00e9rianes font briller l&#8217;Afrique\"}]},{\"@type\":\"WebSite\",\"@id\":\"http:\\\/\\\/lemediafeministeafricain.com\\\/#website\",\"url\":\"http:\\\/\\\/lemediafeministeafricain.com\\\/\",\"name\":\"Le M\u00e9dia F\u00e9ministe Africain\",\"description\":\"Le M&eacute;dia F&eacute;ministe Africain\",\"publisher\":{\"@id\":\"http:\\\/\\\/lemediafeministeafricain.com\\\/#organization\"},\"alternateName\":\"M\u00e9dia F\u00e9ministe Africain\",\"potentialAction\":[{\"@type\":\"SearchAction\",\"target\":{\"@type\":\"EntryPoint\",\"urlTemplate\":\"http:\\\/\\\/lemediafeministeafricain.com\\\/?s={search_term_string}\"},\"query-input\":{\"@type\":\"PropertyValueSpecification\",\"valueRequired\":true,\"valueName\":\"search_term_string\"}}],\"inLanguage\":\"en-US\"},{\"@type\":\"Organization\",\"@id\":\"http:\\\/\\\/lemediafeministeafricain.com\\\/#organization\",\"name\":\"Le M\u00e9dia F\u00e9ministe Africain\",\"alternateName\":\"M\u00e9dia F\u00e9ministe Africain\",\"url\":\"http:\\\/\\\/lemediafeministeafricain.com\\\/\",\"logo\":{\"@type\":\"ImageObject\",\"inLanguage\":\"en-US\",\"@id\":\"http:\\\/\\\/lemediafeministeafricain.com\\\/#\\\/schema\\\/logo\\\/image\\\/\",\"url\":\"http:\\\/\\\/lemediafeministeafricain.com\\\/wp-content\\\/uploads\\\/2024\\\/05\\\/LMF.webp\",\"contentUrl\":\"http:\\\/\\\/lemediafeministeafricain.com\\\/wp-content\\\/uploads\\\/2024\\\/05\\\/LMF.webp\",\"width\":1880,\"height\":1576,\"caption\":\"Le M\u00e9dia F\u00e9ministe Africain\"},\"image\":{\"@id\":\"http:\\\/\\\/lemediafeministeafricain.com\\\/#\\\/schema\\\/logo\\\/image\\\/\"},\"sameAs\":[\"https:\\\/\\\/www.facebook.com\\\/profile.php?id=61557243280950\",\"https:\\\/\\\/x.com\\\/mediafeministe\"]},{\"@type\":\"Person\",\"@id\":\"http:\\\/\\\/lemediafeministeafricain.com\\\/#\\\/schema\\\/person\\\/ca21ec79a7e5334e04e9b567a065cfc0\",\"name\":\"Le M\u00e9dia F\u00e9ministe Africain\",\"image\":{\"@type\":\"ImageObject\",\"inLanguage\":\"en-US\",\"@id\":\"https:\\\/\\\/secure.gravatar.com\\\/avatar\\\/52145e251d4472eb6112580fcf10b7c72b85cc63c31fdf1d9b1eabf2a90935d9?s=96&d=mm&r=g\",\"url\":\"https:\\\/\\\/secure.gravatar.com\\\/avatar\\\/52145e251d4472eb6112580fcf10b7c72b85cc63c31fdf1d9b1eabf2a90935d9?s=96&d=mm&r=g\",\"contentUrl\":\"https:\\\/\\\/secure.gravatar.com\\\/avatar\\\/52145e251d4472eb6112580fcf10b7c72b85cc63c31fdf1d9b1eabf2a90935d9?s=96&d=mm&r=g\",\"caption\":\"Le M\u00e9dia F\u00e9ministe Africain\"},\"sameAs\":[\"https:\\\/\\\/lemediafeministeafricain.com\\\/\"],\"url\":\"https:\\\/\\\/lemediafeministeafricain.com\\\/en\\\/author\\\/lemediafeministeafricain\\\/\"}]}<\/script>\n<!-- \/ Yoast SEO plugin. -->","yoast_head_json":{"title":"Mondial du Basket f\u00e9minin 2026 : Les Maliennes et les Nig\u00e9rianes font briller l'Afrique - Le M&eacute;dia F&eacute;ministe Africain","description":"Le Mali et le Nigeria repr\u00e9senteront l'Afrique au Mondial de basket f\u00e9minin 2026. Une performance qui confirme le potentiel des joueuses africaines malgr\u00e9 un manque de moyens.","robots":{"index":"index","follow":"follow","max-snippet":"max-snippet:-1","max-image-preview":"max-image-preview:large","max-video-preview":"max-video-preview:-1"},"canonical":"https:\/\/lemediafeministeafricain.com\/en\/mondial-du-basket-feminin-2026-les-maliennes-et-les-nigerianes-font-briller-lafrique\/","og_locale":"en_US","og_type":"article","og_title":"Mondial du Basket f\u00e9minin 2026 : Les Maliennes et les Nig\u00e9rianes font briller l'Afrique - Le M&eacute;dia F&eacute;ministe Africain","og_description":"Le Mali et le Nigeria repr\u00e9senteront l'Afrique au Mondial de basket f\u00e9minin 2026. Une performance qui confirme le potentiel des joueuses africaines malgr\u00e9 un manque de moyens.","og_url":"https:\/\/lemediafeministeafricain.com\/en\/mondial-du-basket-feminin-2026-les-maliennes-et-les-nigerianes-font-briller-lafrique\/","og_site_name":"Le M&eacute;dia F&eacute;ministe Africain","article_publisher":"https:\/\/www.facebook.com\/profile.php?id=61557243280950","article_published_time":"2026-03-18T10:53:44+00:00","article_modified_time":"2026-04-28T14:59:37+00:00","og_image":[{"width":1920,"height":1280,"url":"https:\/\/lemediafeministeafricain.com\/wp-content\/uploads\/2026\/03\/Nigeria-FIBA-scaled.webp","type":"image\/webp"}],"author":"Le M\u00e9dia F\u00e9ministe Africain","twitter_card":"summary_large_image","twitter_creator":"@mediafeministe","twitter_site":"@mediafeministe","twitter_misc":{"Written by":"Le M\u00e9dia F\u00e9ministe Africain","Est. reading time":"3 minutes"},"schema":{"@context":"https:\/\/schema.org","@graph":[{"@type":"Article","@id":"https:\/\/lemediafeministeafricain.com\/mondial-du-basket-feminin-2026-les-maliennes-et-les-nigerianes-font-briller-lafrique\/#article","isPartOf":{"@id":"https:\/\/lemediafeministeafricain.com\/mondial-du-basket-feminin-2026-les-maliennes-et-les-nigerianes-font-briller-lafrique\/"},"author":{"name":"Le M\u00e9dia F\u00e9ministe Africain","@id":"http:\/\/lemediafeministeafricain.com\/#\/schema\/person\/ca21ec79a7e5334e04e9b567a065cfc0"},"headline":"Mondial du Basket f\u00e9minin 2026 : Les Maliennes et les Nig\u00e9rianes font briller l&#8217;Afrique","datePublished":"2026-03-18T10:53:44+00:00","dateModified":"2026-04-28T14:59:37+00:00","mainEntityOfPage":{"@id":"https:\/\/lemediafeministeafricain.com\/mondial-du-basket-feminin-2026-les-maliennes-et-les-nigerianes-font-briller-lafrique\/"},"wordCount":512,"commentCount":0,"publisher":{"@id":"http:\/\/lemediafeministeafricain.com\/#organization"},"image":{"@id":"https:\/\/lemediafeministeafricain.com\/mondial-du-basket-feminin-2026-les-maliennes-et-les-nigerianes-font-briller-lafrique\/#primaryimage"},"thumbnailUrl":"https:\/\/lemediafeministeafricain.com\/wp-content\/uploads\/2026\/03\/Nigeria-FIBA-scaled.webp","keywords":["Afrique","Mali","Mondial Basket f\u00e9minin 2026","Nigeria","Sport f\u00e9minin"],"articleSection":["Sport"],"inLanguage":"en-US","potentialAction":[{"@type":"CommentAction","name":"Comment","target":["https:\/\/lemediafeministeafricain.com\/mondial-du-basket-feminin-2026-les-maliennes-et-les-nigerianes-font-briller-lafrique\/#respond"]}]},{"@type":"WebPage","@id":"https:\/\/lemediafeministeafricain.com\/mondial-du-basket-feminin-2026-les-maliennes-et-les-nigerianes-font-briller-lafrique\/","url":"https:\/\/lemediafeministeafricain.com\/mondial-du-basket-feminin-2026-les-maliennes-et-les-nigerianes-font-briller-lafrique\/","name":"Mondial du Basket f\u00e9minin 2026 : Les Maliennes et les Nig\u00e9rianes font briller l'Afrique - Le M&eacute;dia F&eacute;ministe Africain","isPartOf":{"@id":"http:\/\/lemediafeministeafricain.com\/#website"},"primaryImageOfPage":{"@id":"https:\/\/lemediafeministeafricain.com\/mondial-du-basket-feminin-2026-les-maliennes-et-les-nigerianes-font-briller-lafrique\/#primaryimage"},"image":{"@id":"https:\/\/lemediafeministeafricain.com\/mondial-du-basket-feminin-2026-les-maliennes-et-les-nigerianes-font-briller-lafrique\/#primaryimage"},"thumbnailUrl":"https:\/\/lemediafeministeafricain.com\/wp-content\/uploads\/2026\/03\/Nigeria-FIBA-scaled.webp","datePublished":"2026-03-18T10:53:44+00:00","dateModified":"2026-04-28T14:59:37+00:00","description":"Le Mali et le Nigeria repr\u00e9senteront l'Afrique au Mondial de basket f\u00e9minin 2026. Une performance qui confirme le potentiel des joueuses africaines malgr\u00e9 un manque de moyens.","breadcrumb":{"@id":"https:\/\/lemediafeministeafricain.com\/mondial-du-basket-feminin-2026-les-maliennes-et-les-nigerianes-font-briller-lafrique\/#breadcrumb"},"inLanguage":"en-US","potentialAction":[{"@type":"ReadAction","target":["https:\/\/lemediafeministeafricain.com\/mondial-du-basket-feminin-2026-les-maliennes-et-les-nigerianes-font-briller-lafrique\/"]}]},{"@type":"ImageObject","inLanguage":"en-US","@id":"https:\/\/lemediafeministeafricain.com\/mondial-du-basket-feminin-2026-les-maliennes-et-les-nigerianes-font-briller-lafrique\/#primaryimage","url":"https:\/\/lemediafeministeafricain.com\/wp-content\/uploads\/2026\/03\/Nigeria-FIBA-scaled.webp","contentUrl":"https:\/\/lemediafeministeafricain.com\/wp-content\/uploads\/2026\/03\/Nigeria-FIBA-scaled.webp","width":1920,"height":1280,"caption":"Cinq fois champion de l'Afrobasket, le Nigeria fait partie des \u00e9quipes les plus prometteuses pour cette comp\u00e9tition"},{"@type":"BreadcrumbList","@id":"https:\/\/lemediafeministeafricain.com\/mondial-du-basket-feminin-2026-les-maliennes-et-les-nigerianes-font-briller-lafrique\/#breadcrumb","itemListElement":[{"@type":"ListItem","position":1,"name":"Home","item":"http:\/\/lemediafeministeafricain.com\/"},{"@type":"ListItem","position":2,"name":"Mondial du Basket f\u00e9minin 2026 : Les Maliennes et les Nig\u00e9rianes font briller l&#8217;Afrique"}]},{"@type":"WebSite","@id":"http:\/\/lemediafeministeafricain.com\/#website","url":"http:\/\/lemediafeministeafricain.com\/","name":"The African Feminist Media","description":"Le M&eacute;dia F&eacute;ministe Africain","publisher":{"@id":"http:\/\/lemediafeministeafricain.com\/#organization"},"alternateName":"M\u00e9dia F\u00e9ministe Africain","potentialAction":[{"@type":"SearchAction","target":{"@type":"EntryPoint","urlTemplate":"http:\/\/lemediafeministeafricain.com\/?s={search_term_string}"},"query-input":{"@type":"PropertyValueSpecification","valueRequired":true,"valueName":"search_term_string"}}],"inLanguage":"en-US"},{"@type":"Organization","@id":"http:\/\/lemediafeministeafricain.com\/#organization","name":"The African Feminist Media","alternateName":"M\u00e9dia F\u00e9ministe Africain","url":"http:\/\/lemediafeministeafricain.com\/","logo":{"@type":"ImageObject","inLanguage":"en-US","@id":"http:\/\/lemediafeministeafricain.com\/#\/schema\/logo\/image\/","url":"http:\/\/lemediafeministeafricain.com\/wp-content\/uploads\/2024\/05\/LMF.webp","contentUrl":"http:\/\/lemediafeministeafricain.com\/wp-content\/uploads\/2024\/05\/LMF.webp","width":1880,"height":1576,"caption":"Le M\u00e9dia F\u00e9ministe Africain"},"image":{"@id":"http:\/\/lemediafeministeafricain.com\/#\/schema\/logo\/image\/"},"sameAs":["https:\/\/www.facebook.com\/profile.php?id=61557243280950","https:\/\/x.com\/mediafeministe"]},{"@type":"Person","@id":"http:\/\/lemediafeministeafricain.com\/#\/schema\/person\/ca21ec79a7e5334e04e9b567a065cfc0","name":"The African Feminist Media","image":{"@type":"ImageObject","inLanguage":"en-US","@id":"https:\/\/secure.gravatar.com\/avatar\/52145e251d4472eb6112580fcf10b7c72b85cc63c31fdf1d9b1eabf2a90935d9?s=96&d=mm&r=g","url":"https:\/\/secure.gravatar.com\/avatar\/52145e251d4472eb6112580fcf10b7c72b85cc63c31fdf1d9b1eabf2a90935d9?s=96&d=mm&r=g","contentUrl":"https:\/\/secure.gravatar.com\/avatar\/52145e251d4472eb6112580fcf10b7c72b85cc63c31fdf1d9b1eabf2a90935d9?s=96&d=mm&r=g","caption":"Le M\u00e9dia F\u00e9ministe Africain"},"sameAs":["https:\/\/lemediafeministeafricain.com\/"],"url":"https:\/\/lemediafeministeafricain.com\/en\/author\/lemediafeministeafricain\/"}]}},"_links":{"self":[{"href":"https:\/\/lemediafeministeafricain.com\/en\/wp-json\/wp\/v2\/posts\/95887","targetHints":{"allow":["GET"]}}],"collection":[{"href":"https:\/\/lemediafeministeafricain.com\/en\/wp-json\/wp\/v2\/posts"}],"about":[{"href":"https:\/\/lemediafeministeafricain.com\/en\/wp-json\/wp\/v2\/types\/post"}],"author":[{"embeddable":true,"href":"https:\/\/lemediafeministeafricain.com\/en\/wp-json\/wp\/v2\/users\/2"}],"replies":[{"embeddable":true,"href":"https:\/\/lemediafeministeafricain.com\/en\/wp-json\/wp\/v2\/comments?post=95887"}],"version-history":[{"count":3,"href":"https:\/\/lemediafeministeafricain.com\/en\/wp-json\/wp\/v2\/posts\/95887\/revisions"}],"predecessor-version":[{"id":95931,"href":"https:\/\/lemediafeministeafricain.com\/en\/wp-json\/wp\/v2\/posts\/95887\/revisions\/95931"}],"wp:featuredmedia":[{"embeddable":true,"href":"https:\/\/lemediafeministeafricain.com\/en\/wp-json\/wp\/v2\/media\/95888"}],"wp:attachment":[{"href":"https:\/\/lemediafeministeafricain.com\/en\/wp-json\/wp\/v2\/media?parent=95887"}],"wp:term":[{"taxonomy":"category","embeddable":true,"href":"https:\/\/lemediafeministeafricain.com\/en\/wp-json\/wp\/v2\/categories?post=95887"},{"taxonomy":"post_tag","embeddable":true,"href":"https:\/\/lemediafeministeafricain.com\/en\/wp-json\/wp\/v2\/tags?post=95887"}],"curies":[{"name":"wp","href":"https:\/\/api.w.org\/{rel}","templated":true}]}}