{"id":95912,"date":"2026-04-28T07:06:30","date_gmt":"2026-04-28T07:06:30","guid":{"rendered":"https:\/\/lemediafeministeafricain.com\/?p=95912"},"modified":"2026-04-28T07:09:11","modified_gmt":"2026-04-28T07:09:11","slug":"apologie-de-la-violence-faite-aux-femmes-la-traque-a-limpunite","status":"publish","type":"post","link":"https:\/\/lemediafeministeafricain.com\/en\/apologie-de-la-violence-faite-aux-femmes-la-traque-a-limpunite\/","title":{"rendered":"Apologie de la violence faite aux femmes : la traque \u00e0 l&#8217;impunit\u00e9"},"content":{"rendered":"<p>Au Cameroun comme en C\u00f4te d\u2019Ivoire, deux affaires r\u00e9centes t\u00e9moignent d\u2019une \u00e9volution<br \/>\nimpuls\u00e9e par les luttes f\u00e9ministes, qui insistent sur la n\u00e9cessit\u00e9 de sanctionner non<br \/>\nseulement les violences faites aux femmes et aux filles, mais aussi les discours qui les<br \/>\nl\u00e9gitiment, en ligne comme dans la vie r\u00e9elle.<\/p>\n<p><img loading=\"lazy\" decoding=\"async\" class=\"alignnone size-medium wp-image-95913\" src=\"http:\/\/lemediafeministeafricain.com\/wp-content\/uploads\/2026\/04\/Quelles-sont-les-chances-de-Macky-Sall-au-poste-de-Secretaire-general-de-lONU--300x169.jpg\" alt=\"\" width=\"300\" height=\"169\" srcset=\"https:\/\/lemediafeministeafricain.com\/wp-content\/uploads\/2026\/04\/Quelles-sont-les-chances-de-Macky-Sall-au-poste-de-Secretaire-general-de-lONU--300x169.jpg 300w, https:\/\/lemediafeministeafricain.com\/wp-content\/uploads\/2026\/04\/Quelles-sont-les-chances-de-Macky-Sall-au-poste-de-Secretaire-general-de-lONU--1024x576.jpg 1024w, https:\/\/lemediafeministeafricain.com\/wp-content\/uploads\/2026\/04\/Quelles-sont-les-chances-de-Macky-Sall-au-poste-de-Secretaire-general-de-lONU--768x432.jpg 768w, https:\/\/lemediafeministeafricain.com\/wp-content\/uploads\/2026\/04\/Quelles-sont-les-chances-de-Macky-Sall-au-poste-de-Secretaire-general-de-lONU--1536x864.jpg 1536w, https:\/\/lemediafeministeafricain.com\/wp-content\/uploads\/2026\/04\/Quelles-sont-les-chances-de-Macky-Sall-au-poste-de-Secretaire-general-de-lONU--18x10.jpg 18w, https:\/\/lemediafeministeafricain.com\/wp-content\/uploads\/2026\/04\/Quelles-sont-les-chances-de-Macky-Sall-au-poste-de-Secretaire-general-de-lONU--400x225.jpg 400w, https:\/\/lemediafeministeafricain.com\/wp-content\/uploads\/2026\/04\/Quelles-sont-les-chances-de-Macky-Sall-au-poste-de-Secretaire-general-de-lONU-.jpg 1920w\" sizes=\"auto, (max-width: 300px) 100vw, 300px\" \/><\/p>\n<h3>Le Cas Divine Mbarga au Cameroun<\/h3>\n<p>Au Cameroun, le viol et le meurtre de la jeune Divine Mbarga, 11 ans, a rapidement d\u00e9pass\u00e9<br \/>\nle cadre du fait divers. Retrouv\u00e9e sans vie dans un chantier abandonn\u00e9 de la ville de<br \/>\nYaound\u00e9 le 19 mars, l\u2019enfant aurait \u00e9t\u00e9 s\u00e9questr\u00e9e et viol\u00e9e pendant plusieurs heures,<br \/>\navant d\u2019\u00eatre tu\u00e9e. Alors que l\u2019indignation \u00e9tait \u00e0 son comble, un homme identifi\u00e9 comme<br \/>\nFaustin Abega publie sur les r\u00e9seaux sociaux un commentaire banalisant, voire justifiant<br \/>\nl\u2019agression.<br \/>\nLe message devient viral, suscitant une indignation collective, notamment de la part des<br \/>\nf\u00e9ministes. Face \u00e0 l\u2019ampleur de la r\u00e9action, Faustin Abega est interpell\u00e9 par la gendarmerie<br \/>\nle 3 avril, dans une localit\u00e9 proche de la capitale camerounaise. Il est accus\u00e9 d\u2019apologie de<br \/>\ncrime et encourt une peine allant de 1 \u00e0 5 ans de prison, assortie d\u2019une amende. Selon la<br \/>\npresse locale, il aurait \u00e9galement \u00e9t\u00e9 relev\u00e9 de ses fonctions d\u2019enseignant.<\/p>\n<h3>Le cas de l\u2019influenceuse Ma\u2019a Bio en C\u00f4te d&#8217;Ivoire<\/h3>\n<p>Quelques jours plus tard, en C\u00f4te d\u2019Ivoire, un autre cas vient alimenter le d\u00e9bat. Le 7 avril,<br \/>\nl\u2019influenceuse <a href=\"https:\/\/www.facebook.com\/profile.php?id=61575937415104\">Ma\u2019a Bio<\/a> d\u00e9nonce publiquement, lors d\u2019un live TikTok, des violences<br \/>\nconjugales qu\u2019elle aurait subies. Dans la foul\u00e9e, un internaute, Wilfried Bouabr\u00e9, affirme sur<br \/>\nles r\u00e9seaux sociaux qu\u2019il trouve \u00ab logique de frapper une femme \u00bb. L\u00e0 encore, l\u2019indignation<br \/>\nest imm\u00e9diate.<br \/>\nLe 8 avril, le minist\u00e8re ivoirien de la Femme, en collaboration avec le Programme national<br \/>\nde lutte contre les violences bas\u00e9es sur le genre (PNLVBG), publie un communiqu\u00e9<br \/>\nannon\u00e7ant la convocation du concern\u00e9. Le 13 avril, il est annonc\u00e9, via les m\u00eames canaux,<br \/>\nque Wilfried Bouabr\u00e9 a \u00e9t\u00e9 mis aux arr\u00eats.<\/p>\n<p><img loading=\"lazy\" decoding=\"async\" class=\"alignnone size-medium wp-image-95914\" src=\"http:\/\/lemediafeministeafricain.com\/wp-content\/uploads\/2026\/04\/Screenshot-2026-04-28-084649-300x297.png\" alt=\"\" width=\"300\" height=\"297\" srcset=\"https:\/\/lemediafeministeafricain.com\/wp-content\/uploads\/2026\/04\/Screenshot-2026-04-28-084649-300x297.png 300w, https:\/\/lemediafeministeafricain.com\/wp-content\/uploads\/2026\/04\/Screenshot-2026-04-28-084649-150x150.png 150w, https:\/\/lemediafeministeafricain.com\/wp-content\/uploads\/2026\/04\/Screenshot-2026-04-28-084649-12x12.png 12w, https:\/\/lemediafeministeafricain.com\/wp-content\/uploads\/2026\/04\/Screenshot-2026-04-28-084649-400x396.png 400w, https:\/\/lemediafeministeafricain.com\/wp-content\/uploads\/2026\/04\/Screenshot-2026-04-28-084649.png 749w\" sizes=\"auto, (max-width: 300px) 100vw, 300px\" \/><br \/>\n\u00ab Wilfried Bouabr\u00e9 a \u00e9t\u00e9 interpell\u00e9 \u00e0 la suite d\u2019une publication diffus\u00e9e sur les r\u00e9seaux<br \/>\nsociaux faisant l\u2019apologie de la violence domestique. Convoqu\u00e9 par les autorit\u00e9s<br \/>\ncomp\u00e9tentes, il a \u00e9t\u00e9 mis aux arr\u00eats conform\u00e9ment aux dispositions de la loi n\u00b02021-894 du<br \/>\n21 d\u00e9cembre 2021 relative aux violences domestiques. \u00bb, pr\u00e9cise le communiqu\u00e9, qui<br \/>\n\u00e9voque une politique de tol\u00e9rance z\u00e9ro.<\/p>\n<h3>Un message clair<\/h3>\n<p>Ces deux situations, bien que distinctes, r\u00e9v\u00e8lent une m\u00eame dynamique : la remise en<br \/>\ncause progressive d\u2019une impunit\u00e9 longtemps accord\u00e9e aux discours qui l\u00e9gitiment les<br \/>\n<a href=\"https:\/\/lemediafeministeafricain.com\/en\/violences-conjugales-et-acces-a-la-justice-pour-les-femmes-laffaire-dieynaba-ndiaye-au-senegal\/\">violences faites aux femmes.<\/a><br \/>\nCar ces propos ne sont pas anodins. En minimisant les faits, en d\u00e9pla\u00e7ant la responsabilit\u00e9<br \/>\nsur les victimes ou en pr\u00e9sentant la violence comme acceptable, ils participent \u00e0 installer<br \/>\nun climat dans lequel les agressions deviennent socialement tol\u00e9rables.<br \/>\nLongtemps, ce type de discours a circul\u00e9 sans cons\u00e9quence. Consid\u00e9r\u00e9s comme de<br \/>\nsimples opinions, ils \u00e9chappaient \u00e0 toute sanction, malgr\u00e9 leur r\u00f4le dans la reproduction<br \/>\ndes violences. Aujourd\u2019hui, les lignes semblent bouger. Sous la pression des mobilisations<br \/>\nf\u00e9ministes, et d\u2019une opinion publique de plus en plus r\u00e9active, les autorit\u00e9s commencent \u00e0<br \/>\ntraiter ces prises de parole comme des faits \u00e0 part enti\u00e8re.<\/p>\n<h3>Un v\u00e9ritable tournant ou de simples r\u00e9actions ponctuelles face \u00e0<br \/>\ndes scandales m\u00e9diatiques ?<\/h3>\n<p>La question m\u00e9rite d\u2019\u00eatre pos\u00e9e. Car au-del\u00e0 de ces arrestations, le probl\u00e8me reste<br \/>\nstructurel. Les discours qui justifient les violences faites aux femmes ne sont pas<br \/>\nmarginaux. Ils s\u2019inscrivent dans des normes sociales profond\u00e9ment ancr\u00e9es, o\u00f9 la<br \/>\nresponsabilit\u00e9 est encore trop souvent d\u00e9plac\u00e9e sur les victimes et o\u00f9 la violence est<br \/>\njustifi\u00e9e, voire c\u00e9l\u00e9br\u00e9e.<br \/>\nDans ce contexte, sanctionner les propos est un signal. Mais ce n\u2019est qu\u2019un d\u00e9but.<br \/>\nLa lutte contre les violences faites aux femmes et aux filles ne peut se limiter \u00e0 des<br \/>\nr\u00e9ponses ponctuelles, aussi n\u00e9cessaires soient-elles. Elle implique un travail de fond :<br \/>\n\u00e9ducation, transformation des normes sociales et application rigoureuse des lois en<br \/>\nvigueur.<\/p>\n<p>&nbsp;<\/p>","protected":false},"excerpt":{"rendered":"<p>Au Cameroun comme en C\u00f4te d\u2019Ivoire, deux affaires r\u00e9centes t\u00e9moignent d\u2019une \u00e9volution impuls\u00e9e par les luttes f\u00e9ministes, qui insistent sur la n\u00e9cessit\u00e9 de sanctionner non seulement les violences faites aux femmes et aux filles, mais aussi les discours qui les l\u00e9gitiment, en ligne comme dans la vie r\u00e9elle. Le Cas Divine Mbarga au Cameroun Au Cameroun, le viol et le meurtre de la jeune Divine Mbarga, 11 ans, a rapidement d\u00e9pass\u00e9 le cadre du fait divers. Retrouv\u00e9e sans vie dans un chantier abandonn\u00e9 de la ville de Yaound\u00e9 le 19 mars, l\u2019enfant aurait \u00e9t\u00e9 s\u00e9questr\u00e9e et viol\u00e9e pendant plusieurs heures, [&hellip;]<\/p>\n","protected":false},"author":2,"featured_media":0,"comment_status":"open","ping_status":"open","sticky":false,"template":"","format":"standard","meta":{"footnotes":""},"categories":[69],"tags":[358,359,357,356],"class_list":["post-95912","post","type-post","status-publish","format-standard","hentry","category-society","tag-camaeroun","tag-cote-divoire","tag-stop-impunite","tag-violences-faites-aux-femmes"],"yoast_head":"<!-- This site is optimized with the Yoast SEO plugin v27.4 - https:\/\/yoast.com\/product\/yoast-seo-wordpress\/ -->\n<title>Apologie de la violence faite aux femmes : la traque \u00e0 l&#039;impunit\u00e9 - Le M&eacute;dia F&eacute;ministe Africain<\/title>\n<meta name=\"description\" content=\"Au Cameroun et en C\u00f4te d\u2019Ivoire, des hommes ont \u00e9t\u00e9 interpell\u00e9s pour avoir justifi\u00e9 des violences faites aux femmes en ligne.\" \/>\n<meta name=\"robots\" content=\"index, follow, max-snippet:-1, max-image-preview:large, max-video-preview:-1\" \/>\n<link rel=\"canonical\" href=\"https:\/\/lemediafeministeafricain.com\/en\/apologie-de-la-violence-faite-aux-femmes-la-traque-a-limpunite\/\" \/>\n<meta property=\"og:locale\" content=\"en_US\" \/>\n<meta property=\"og:type\" content=\"article\" \/>\n<meta property=\"og:title\" content=\"Apologie de la violence faite aux femmes : la traque \u00e0 l&#039;impunit\u00e9 - Le M&eacute;dia F&eacute;ministe Africain\" \/>\n<meta property=\"og:description\" content=\"Au Cameroun et en C\u00f4te d\u2019Ivoire, des hommes ont \u00e9t\u00e9 interpell\u00e9s pour avoir justifi\u00e9 des violences faites aux femmes en ligne.\" \/>\n<meta property=\"og:url\" content=\"https:\/\/lemediafeministeafricain.com\/en\/apologie-de-la-violence-faite-aux-femmes-la-traque-a-limpunite\/\" \/>\n<meta property=\"og:site_name\" content=\"Le M&eacute;dia F&eacute;ministe Africain\" \/>\n<meta property=\"article:publisher\" content=\"https:\/\/www.facebook.com\/profile.php?id=61557243280950\" \/>\n<meta property=\"article:published_time\" content=\"2026-04-28T07:06:30+00:00\" \/>\n<meta property=\"article:modified_time\" content=\"2026-04-28T07:09:11+00:00\" \/>\n<meta property=\"og:image\" content=\"https:\/\/lemediafeministeafricain.com\/wp-content\/uploads\/2026\/04\/Quelles-sont-les-chances-de-Macky-Sall-au-poste-de-Secretaire-general-de-lONU-.jpg\" \/>\n\t<meta property=\"og:image:width\" content=\"1920\" \/>\n\t<meta property=\"og:image:height\" content=\"1080\" \/>\n\t<meta property=\"og:image:type\" content=\"image\/jpeg\" \/>\n<meta name=\"author\" content=\"Le M\u00e9dia F\u00e9ministe Africain\" \/>\n<meta name=\"twitter:card\" content=\"summary_large_image\" \/>\n<meta name=\"twitter:creator\" content=\"@mediafeministe\" \/>\n<meta name=\"twitter:site\" content=\"@mediafeministe\" \/>\n<meta name=\"twitter:label1\" content=\"Written by\" \/>\n\t<meta name=\"twitter:data1\" content=\"Le M\u00e9dia F\u00e9ministe Africain\" \/>\n\t<meta name=\"twitter:label2\" content=\"Est. reading time\" \/>\n\t<meta name=\"twitter:data2\" content=\"4 minutes\" \/>\n<script type=\"application\/ld+json\" class=\"yoast-schema-graph\">{\"@context\":\"https:\\\/\\\/schema.org\",\"@graph\":[{\"@type\":\"Article\",\"@id\":\"https:\\\/\\\/lemediafeministeafricain.com\\\/apologie-de-la-violence-faite-aux-femmes-la-traque-a-limpunite\\\/#article\",\"isPartOf\":{\"@id\":\"https:\\\/\\\/lemediafeministeafricain.com\\\/apologie-de-la-violence-faite-aux-femmes-la-traque-a-limpunite\\\/\"},\"author\":{\"name\":\"Le M\u00e9dia F\u00e9ministe Africain\",\"@id\":\"http:\\\/\\\/lemediafeministeafricain.com\\\/#\\\/schema\\\/person\\\/ca21ec79a7e5334e04e9b567a065cfc0\"},\"headline\":\"Apologie de la violence faite aux femmes : la traque \u00e0 l&#8217;impunit\u00e9\",\"datePublished\":\"2026-04-28T07:06:30+00:00\",\"dateModified\":\"2026-04-28T07:09:11+00:00\",\"mainEntityOfPage\":{\"@id\":\"https:\\\/\\\/lemediafeministeafricain.com\\\/apologie-de-la-violence-faite-aux-femmes-la-traque-a-limpunite\\\/\"},\"wordCount\":719,\"commentCount\":0,\"publisher\":{\"@id\":\"http:\\\/\\\/lemediafeministeafricain.com\\\/#organization\"},\"image\":{\"@id\":\"https:\\\/\\\/lemediafeministeafricain.com\\\/apologie-de-la-violence-faite-aux-femmes-la-traque-a-limpunite\\\/#primaryimage\"},\"thumbnailUrl\":\"http:\\\/\\\/lemediafeministeafricain.com\\\/wp-content\\\/uploads\\\/2026\\\/04\\\/Quelles-sont-les-chances-de-Macky-Sall-au-poste-de-Secretaire-general-de-lONU--300x169.jpg\",\"keywords\":[\"Camaeroun\",\"C\u00f4te d'Ivoire\",\"stop impunit\u00e9\",\"violences faites aux femmes\"],\"articleSection\":[\"Society\"],\"inLanguage\":\"en-US\",\"potentialAction\":[{\"@type\":\"CommentAction\",\"name\":\"Comment\",\"target\":[\"https:\\\/\\\/lemediafeministeafricain.com\\\/apologie-de-la-violence-faite-aux-femmes-la-traque-a-limpunite\\\/#respond\"]}]},{\"@type\":\"WebPage\",\"@id\":\"https:\\\/\\\/lemediafeministeafricain.com\\\/apologie-de-la-violence-faite-aux-femmes-la-traque-a-limpunite\\\/\",\"url\":\"https:\\\/\\\/lemediafeministeafricain.com\\\/apologie-de-la-violence-faite-aux-femmes-la-traque-a-limpunite\\\/\",\"name\":\"Apologie de la violence faite aux femmes : la traque \u00e0 l'impunit\u00e9 - Le M&eacute;dia F&eacute;ministe Africain\",\"isPartOf\":{\"@id\":\"http:\\\/\\\/lemediafeministeafricain.com\\\/#website\"},\"primaryImageOfPage\":{\"@id\":\"https:\\\/\\\/lemediafeministeafricain.com\\\/apologie-de-la-violence-faite-aux-femmes-la-traque-a-limpunite\\\/#primaryimage\"},\"image\":{\"@id\":\"https:\\\/\\\/lemediafeministeafricain.com\\\/apologie-de-la-violence-faite-aux-femmes-la-traque-a-limpunite\\\/#primaryimage\"},\"thumbnailUrl\":\"http:\\\/\\\/lemediafeministeafricain.com\\\/wp-content\\\/uploads\\\/2026\\\/04\\\/Quelles-sont-les-chances-de-Macky-Sall-au-poste-de-Secretaire-general-de-lONU--300x169.jpg\",\"datePublished\":\"2026-04-28T07:06:30+00:00\",\"dateModified\":\"2026-04-28T07:09:11+00:00\",\"description\":\"Au Cameroun et en C\u00f4te d\u2019Ivoire, des hommes ont \u00e9t\u00e9 interpell\u00e9s pour avoir justifi\u00e9 des violences faites aux femmes en ligne.\",\"breadcrumb\":{\"@id\":\"https:\\\/\\\/lemediafeministeafricain.com\\\/apologie-de-la-violence-faite-aux-femmes-la-traque-a-limpunite\\\/#breadcrumb\"},\"inLanguage\":\"en-US\",\"potentialAction\":[{\"@type\":\"ReadAction\",\"target\":[\"https:\\\/\\\/lemediafeministeafricain.com\\\/apologie-de-la-violence-faite-aux-femmes-la-traque-a-limpunite\\\/\"]}]},{\"@type\":\"ImageObject\",\"inLanguage\":\"en-US\",\"@id\":\"https:\\\/\\\/lemediafeministeafricain.com\\\/apologie-de-la-violence-faite-aux-femmes-la-traque-a-limpunite\\\/#primaryimage\",\"url\":\"http:\\\/\\\/lemediafeministeafricain.com\\\/wp-content\\\/uploads\\\/2026\\\/04\\\/Quelles-sont-les-chances-de-Macky-Sall-au-poste-de-Secretaire-general-de-lONU--300x169.jpg\",\"contentUrl\":\"http:\\\/\\\/lemediafeministeafricain.com\\\/wp-content\\\/uploads\\\/2026\\\/04\\\/Quelles-sont-les-chances-de-Macky-Sall-au-poste-de-Secretaire-general-de-lONU--300x169.jpg\"},{\"@type\":\"BreadcrumbList\",\"@id\":\"https:\\\/\\\/lemediafeministeafricain.com\\\/apologie-de-la-violence-faite-aux-femmes-la-traque-a-limpunite\\\/#breadcrumb\",\"itemListElement\":[{\"@type\":\"ListItem\",\"position\":1,\"name\":\"Home\",\"item\":\"http:\\\/\\\/lemediafeministeafricain.com\\\/\"},{\"@type\":\"ListItem\",\"position\":2,\"name\":\"Apologie de la violence faite aux femmes : la traque \u00e0 l&#8217;impunit\u00e9\"}]},{\"@type\":\"WebSite\",\"@id\":\"http:\\\/\\\/lemediafeministeafricain.com\\\/#website\",\"url\":\"http:\\\/\\\/lemediafeministeafricain.com\\\/\",\"name\":\"Le M\u00e9dia F\u00e9ministe Africain\",\"description\":\"Le M&eacute;dia F&eacute;ministe Africain\",\"publisher\":{\"@id\":\"http:\\\/\\\/lemediafeministeafricain.com\\\/#organization\"},\"alternateName\":\"M\u00e9dia F\u00e9ministe Africain\",\"potentialAction\":[{\"@type\":\"SearchAction\",\"target\":{\"@type\":\"EntryPoint\",\"urlTemplate\":\"http:\\\/\\\/lemediafeministeafricain.com\\\/?s={search_term_string}\"},\"query-input\":{\"@type\":\"PropertyValueSpecification\",\"valueRequired\":true,\"valueName\":\"search_term_string\"}}],\"inLanguage\":\"en-US\"},{\"@type\":\"Organization\",\"@id\":\"http:\\\/\\\/lemediafeministeafricain.com\\\/#organization\",\"name\":\"Le M\u00e9dia F\u00e9ministe Africain\",\"alternateName\":\"M\u00e9dia F\u00e9ministe Africain\",\"url\":\"http:\\\/\\\/lemediafeministeafricain.com\\\/\",\"logo\":{\"@type\":\"ImageObject\",\"inLanguage\":\"en-US\",\"@id\":\"http:\\\/\\\/lemediafeministeafricain.com\\\/#\\\/schema\\\/logo\\\/image\\\/\",\"url\":\"http:\\\/\\\/lemediafeministeafricain.com\\\/wp-content\\\/uploads\\\/2024\\\/05\\\/LMF.webp\",\"contentUrl\":\"http:\\\/\\\/lemediafeministeafricain.com\\\/wp-content\\\/uploads\\\/2024\\\/05\\\/LMF.webp\",\"width\":1880,\"height\":1576,\"caption\":\"Le M\u00e9dia F\u00e9ministe Africain\"},\"image\":{\"@id\":\"http:\\\/\\\/lemediafeministeafricain.com\\\/#\\\/schema\\\/logo\\\/image\\\/\"},\"sameAs\":[\"https:\\\/\\\/www.facebook.com\\\/profile.php?id=61557243280950\",\"https:\\\/\\\/x.com\\\/mediafeministe\"]},{\"@type\":\"Person\",\"@id\":\"http:\\\/\\\/lemediafeministeafricain.com\\\/#\\\/schema\\\/person\\\/ca21ec79a7e5334e04e9b567a065cfc0\",\"name\":\"Le M\u00e9dia F\u00e9ministe Africain\",\"image\":{\"@type\":\"ImageObject\",\"inLanguage\":\"en-US\",\"@id\":\"https:\\\/\\\/secure.gravatar.com\\\/avatar\\\/52145e251d4472eb6112580fcf10b7c72b85cc63c31fdf1d9b1eabf2a90935d9?s=96&d=mm&r=g\",\"url\":\"https:\\\/\\\/secure.gravatar.com\\\/avatar\\\/52145e251d4472eb6112580fcf10b7c72b85cc63c31fdf1d9b1eabf2a90935d9?s=96&d=mm&r=g\",\"contentUrl\":\"https:\\\/\\\/secure.gravatar.com\\\/avatar\\\/52145e251d4472eb6112580fcf10b7c72b85cc63c31fdf1d9b1eabf2a90935d9?s=96&d=mm&r=g\",\"caption\":\"Le M\u00e9dia F\u00e9ministe Africain\"},\"sameAs\":[\"https:\\\/\\\/lemediafeministeafricain.com\\\/\"],\"url\":\"https:\\\/\\\/lemediafeministeafricain.com\\\/en\\\/author\\\/lemediafeministeafricain\\\/\"}]}<\/script>\n<!-- \/ Yoast SEO plugin. -->","yoast_head_json":{"title":"Apologie de la violence faite aux femmes : la traque \u00e0 l'impunit\u00e9 - Le M&eacute;dia F&eacute;ministe Africain","description":"Au Cameroun et en C\u00f4te d\u2019Ivoire, des hommes ont \u00e9t\u00e9 interpell\u00e9s pour avoir justifi\u00e9 des violences faites aux femmes en ligne.","robots":{"index":"index","follow":"follow","max-snippet":"max-snippet:-1","max-image-preview":"max-image-preview:large","max-video-preview":"max-video-preview:-1"},"canonical":"https:\/\/lemediafeministeafricain.com\/en\/apologie-de-la-violence-faite-aux-femmes-la-traque-a-limpunite\/","og_locale":"en_US","og_type":"article","og_title":"Apologie de la violence faite aux femmes : la traque \u00e0 l'impunit\u00e9 - Le M&eacute;dia F&eacute;ministe Africain","og_description":"Au Cameroun et en C\u00f4te d\u2019Ivoire, des hommes ont \u00e9t\u00e9 interpell\u00e9s pour avoir justifi\u00e9 des violences faites aux femmes en ligne.","og_url":"https:\/\/lemediafeministeafricain.com\/en\/apologie-de-la-violence-faite-aux-femmes-la-traque-a-limpunite\/","og_site_name":"Le M&eacute;dia F&eacute;ministe Africain","article_publisher":"https:\/\/www.facebook.com\/profile.php?id=61557243280950","article_published_time":"2026-04-28T07:06:30+00:00","article_modified_time":"2026-04-28T07:09:11+00:00","og_image":[{"width":1920,"height":1080,"url":"https:\/\/lemediafeministeafricain.com\/wp-content\/uploads\/2026\/04\/Quelles-sont-les-chances-de-Macky-Sall-au-poste-de-Secretaire-general-de-lONU-.jpg","type":"image\/jpeg"}],"author":"Le M\u00e9dia F\u00e9ministe Africain","twitter_card":"summary_large_image","twitter_creator":"@mediafeministe","twitter_site":"@mediafeministe","twitter_misc":{"Written by":"Le M\u00e9dia F\u00e9ministe Africain","Est. reading time":"4 minutes"},"schema":{"@context":"https:\/\/schema.org","@graph":[{"@type":"Article","@id":"https:\/\/lemediafeministeafricain.com\/apologie-de-la-violence-faite-aux-femmes-la-traque-a-limpunite\/#article","isPartOf":{"@id":"https:\/\/lemediafeministeafricain.com\/apologie-de-la-violence-faite-aux-femmes-la-traque-a-limpunite\/"},"author":{"name":"Le M\u00e9dia F\u00e9ministe Africain","@id":"http:\/\/lemediafeministeafricain.com\/#\/schema\/person\/ca21ec79a7e5334e04e9b567a065cfc0"},"headline":"Apologie de la violence faite aux femmes : la traque \u00e0 l&#8217;impunit\u00e9","datePublished":"2026-04-28T07:06:30+00:00","dateModified":"2026-04-28T07:09:11+00:00","mainEntityOfPage":{"@id":"https:\/\/lemediafeministeafricain.com\/apologie-de-la-violence-faite-aux-femmes-la-traque-a-limpunite\/"},"wordCount":719,"commentCount":0,"publisher":{"@id":"http:\/\/lemediafeministeafricain.com\/#organization"},"image":{"@id":"https:\/\/lemediafeministeafricain.com\/apologie-de-la-violence-faite-aux-femmes-la-traque-a-limpunite\/#primaryimage"},"thumbnailUrl":"http:\/\/lemediafeministeafricain.com\/wp-content\/uploads\/2026\/04\/Quelles-sont-les-chances-de-Macky-Sall-au-poste-de-Secretaire-general-de-lONU--300x169.jpg","keywords":["Camaeroun","C\u00f4te d'Ivoire","stop impunit\u00e9","violences faites aux femmes"],"articleSection":["Society"],"inLanguage":"en-US","potentialAction":[{"@type":"CommentAction","name":"Comment","target":["https:\/\/lemediafeministeafricain.com\/apologie-de-la-violence-faite-aux-femmes-la-traque-a-limpunite\/#respond"]}]},{"@type":"WebPage","@id":"https:\/\/lemediafeministeafricain.com\/apologie-de-la-violence-faite-aux-femmes-la-traque-a-limpunite\/","url":"https:\/\/lemediafeministeafricain.com\/apologie-de-la-violence-faite-aux-femmes-la-traque-a-limpunite\/","name":"Apologie de la violence faite aux femmes : la traque \u00e0 l'impunit\u00e9 - Le M&eacute;dia F&eacute;ministe Africain","isPartOf":{"@id":"http:\/\/lemediafeministeafricain.com\/#website"},"primaryImageOfPage":{"@id":"https:\/\/lemediafeministeafricain.com\/apologie-de-la-violence-faite-aux-femmes-la-traque-a-limpunite\/#primaryimage"},"image":{"@id":"https:\/\/lemediafeministeafricain.com\/apologie-de-la-violence-faite-aux-femmes-la-traque-a-limpunite\/#primaryimage"},"thumbnailUrl":"http:\/\/lemediafeministeafricain.com\/wp-content\/uploads\/2026\/04\/Quelles-sont-les-chances-de-Macky-Sall-au-poste-de-Secretaire-general-de-lONU--300x169.jpg","datePublished":"2026-04-28T07:06:30+00:00","dateModified":"2026-04-28T07:09:11+00:00","description":"Au Cameroun et en C\u00f4te d\u2019Ivoire, des hommes ont \u00e9t\u00e9 interpell\u00e9s pour avoir justifi\u00e9 des violences faites aux femmes en ligne.","breadcrumb":{"@id":"https:\/\/lemediafeministeafricain.com\/apologie-de-la-violence-faite-aux-femmes-la-traque-a-limpunite\/#breadcrumb"},"inLanguage":"en-US","potentialAction":[{"@type":"ReadAction","target":["https:\/\/lemediafeministeafricain.com\/apologie-de-la-violence-faite-aux-femmes-la-traque-a-limpunite\/"]}]},{"@type":"ImageObject","inLanguage":"en-US","@id":"https:\/\/lemediafeministeafricain.com\/apologie-de-la-violence-faite-aux-femmes-la-traque-a-limpunite\/#primaryimage","url":"http:\/\/lemediafeministeafricain.com\/wp-content\/uploads\/2026\/04\/Quelles-sont-les-chances-de-Macky-Sall-au-poste-de-Secretaire-general-de-lONU--300x169.jpg","contentUrl":"http:\/\/lemediafeministeafricain.com\/wp-content\/uploads\/2026\/04\/Quelles-sont-les-chances-de-Macky-Sall-au-poste-de-Secretaire-general-de-lONU--300x169.jpg"},{"@type":"BreadcrumbList","@id":"https:\/\/lemediafeministeafricain.com\/apologie-de-la-violence-faite-aux-femmes-la-traque-a-limpunite\/#breadcrumb","itemListElement":[{"@type":"ListItem","position":1,"name":"Home","item":"http:\/\/lemediafeministeafricain.com\/"},{"@type":"ListItem","position":2,"name":"Apologie de la violence faite aux femmes : la traque \u00e0 l&#8217;impunit\u00e9"}]},{"@type":"WebSite","@id":"http:\/\/lemediafeministeafricain.com\/#website","url":"http:\/\/lemediafeministeafricain.com\/","name":"The African Feminist Media","description":"Le M&eacute;dia F&eacute;ministe Africain","publisher":{"@id":"http:\/\/lemediafeministeafricain.com\/#organization"},"alternateName":"M\u00e9dia F\u00e9ministe Africain","potentialAction":[{"@type":"SearchAction","target":{"@type":"EntryPoint","urlTemplate":"http:\/\/lemediafeministeafricain.com\/?s={search_term_string}"},"query-input":{"@type":"PropertyValueSpecification","valueRequired":true,"valueName":"search_term_string"}}],"inLanguage":"en-US"},{"@type":"Organization","@id":"http:\/\/lemediafeministeafricain.com\/#organization","name":"The African Feminist Media","alternateName":"M\u00e9dia F\u00e9ministe Africain","url":"http:\/\/lemediafeministeafricain.com\/","logo":{"@type":"ImageObject","inLanguage":"en-US","@id":"http:\/\/lemediafeministeafricain.com\/#\/schema\/logo\/image\/","url":"http:\/\/lemediafeministeafricain.com\/wp-content\/uploads\/2024\/05\/LMF.webp","contentUrl":"http:\/\/lemediafeministeafricain.com\/wp-content\/uploads\/2024\/05\/LMF.webp","width":1880,"height":1576,"caption":"Le M\u00e9dia F\u00e9ministe Africain"},"image":{"@id":"http:\/\/lemediafeministeafricain.com\/#\/schema\/logo\/image\/"},"sameAs":["https:\/\/www.facebook.com\/profile.php?id=61557243280950","https:\/\/x.com\/mediafeministe"]},{"@type":"Person","@id":"http:\/\/lemediafeministeafricain.com\/#\/schema\/person\/ca21ec79a7e5334e04e9b567a065cfc0","name":"The African Feminist Media","image":{"@type":"ImageObject","inLanguage":"en-US","@id":"https:\/\/secure.gravatar.com\/avatar\/52145e251d4472eb6112580fcf10b7c72b85cc63c31fdf1d9b1eabf2a90935d9?s=96&d=mm&r=g","url":"https:\/\/secure.gravatar.com\/avatar\/52145e251d4472eb6112580fcf10b7c72b85cc63c31fdf1d9b1eabf2a90935d9?s=96&d=mm&r=g","contentUrl":"https:\/\/secure.gravatar.com\/avatar\/52145e251d4472eb6112580fcf10b7c72b85cc63c31fdf1d9b1eabf2a90935d9?s=96&d=mm&r=g","caption":"Le M\u00e9dia F\u00e9ministe Africain"},"sameAs":["https:\/\/lemediafeministeafricain.com\/"],"url":"https:\/\/lemediafeministeafricain.com\/en\/author\/lemediafeministeafricain\/"}]}},"_links":{"self":[{"href":"https:\/\/lemediafeministeafricain.com\/en\/wp-json\/wp\/v2\/posts\/95912","targetHints":{"allow":["GET"]}}],"collection":[{"href":"https:\/\/lemediafeministeafricain.com\/en\/wp-json\/wp\/v2\/posts"}],"about":[{"href":"https:\/\/lemediafeministeafricain.com\/en\/wp-json\/wp\/v2\/types\/post"}],"author":[{"embeddable":true,"href":"https:\/\/lemediafeministeafricain.com\/en\/wp-json\/wp\/v2\/users\/2"}],"replies":[{"embeddable":true,"href":"https:\/\/lemediafeministeafricain.com\/en\/wp-json\/wp\/v2\/comments?post=95912"}],"version-history":[{"count":3,"href":"https:\/\/lemediafeministeafricain.com\/en\/wp-json\/wp\/v2\/posts\/95912\/revisions"}],"predecessor-version":[{"id":95917,"href":"https:\/\/lemediafeministeafricain.com\/en\/wp-json\/wp\/v2\/posts\/95912\/revisions\/95917"}],"wp:attachment":[{"href":"https:\/\/lemediafeministeafricain.com\/en\/wp-json\/wp\/v2\/media?parent=95912"}],"wp:term":[{"taxonomy":"category","embeddable":true,"href":"https:\/\/lemediafeministeafricain.com\/en\/wp-json\/wp\/v2\/categories?post=95912"},{"taxonomy":"post_tag","embeddable":true,"href":"https:\/\/lemediafeministeafricain.com\/en\/wp-json\/wp\/v2\/tags?post=95912"}],"curies":[{"name":"wp","href":"https:\/\/api.w.org\/{rel}","templated":true}]}}